{"id":96612,"date":"2025-11-22T01:09:13","date_gmt":"2025-11-22T01:09:13","guid":{"rendered":"https:\/\/www.europesays.com\/fi\/96612\/"},"modified":"2025-11-22T01:09:13","modified_gmt":"2025-11-22T01:09:13","slug":"anu-puumalaisen-poika-joutui-onnettomuuteen-tuli-soitto-jota-kukaan-vanhempi-ei-haluaisi-saada","status":"publish","type":"post","link":"https:\/\/www.europesays.com\/fi\/96612\/","title":{"rendered":"Anu Puumalaisen poika joutui onnettomuuteen \u2013 &#8221;Tuli soitto, jota kukaan vanhempi ei haluaisi saada&#8221;"},"content":{"rendered":"<p>Anu Puumalainen muistuttaa seuraajiaan liikenteen vaaroista ja liukkaudesta. <\/p>\n<p><img decoding=\"async\" class=\"image image-show image-preview\" src=\"https:\/\/www.europesays.com\/fi\/wp-content\/uploads\/2025\/11\/a9f276987c5a51917267de608cb5034b1a1b4092d787ceaf99125c3995eb06a3.jpg\" alt=\"\"\/><img decoding=\"async\" class=\"image image-show\" src=\"https:\/\/www.europesays.com\/fi\/wp-content\/uploads\/2025\/11\/1763773753_720_a9f276987c5a51917267de608cb5034b1a1b4092d787ceaf99125c3995eb06a3.jpg\" alt=\"\"\/><\/p>\n<p>Anu Puumalainen sai s\u00e4ik\u00e4ytt\u00e4v\u00e4n puhelun.  Inka Soveri<\/p>\n<p class=\"paragraph\">Big Brother Suomi -ohjelmasta tutuksi tullut <strong>Anu Puumalainen<\/strong> antaa varoittavan esimerkin sosiaalisessa mediassa.<\/p>\n<p class=\"paragraph\">H\u00e4n kertoo Instagram-videolla, kuinka sai t\u00e4n\u00e4\u00e4n torstaina puhelun.<\/p>\n<p class=\"paragraph\">\u2013 Tuli sellainen soitto, jota kukaan vanhempi ei haluaisi saada, Puumalainen sanoo.<\/p>\n<p class=\"paragraph\">Puhelussa h\u00e4n oli saanut kuulla, kuinka h\u00e4nen nelosluokkalainen poikansa oli joutunut liikenneonnettomuuteen. Puumalainen kertoo, ett\u00e4 tapauksessa selvittiin onneksi s\u00e4ik\u00e4hdyksell\u00e4 ja h\u00e4nen poikansa on kunnossa.<\/p>\n<p class=\"paragraph\">Puumalaisen poika oli ollut py\u00f6r\u00e4ilem\u00e4ss\u00e4 kouluun ja h\u00e4n oli ylitt\u00e4nyt suojatiet\u00e4.<\/p>\n<p class=\"paragraph\">\u2013 Sielt\u00e4 oli tullut joku auto ja t\u00e4m\u00e4 autoilija ei ollut suojatiell\u00e4 <strong>Maunoa<\/strong> ilmeisestik\u00e4\u00e4n huomannut.<\/p>\n<p class=\"paragraph\">Puumalainen kertoo, ett\u00e4 tuolloin paikalla ei ollut juurikaan liikennett\u00e4 ja silminn\u00e4kij\u00e4n mukaan h\u00e4nen poikansa olisi lukenut liikennett\u00e4 oikein eli katsonut, ett\u00e4 tie on turvallista ylitt\u00e4\u00e4.<\/p>\n<p class=\"paragraph\">Jos julkaisu ei n\u00e4y, voit katsoa sen <a href=\"https:\/\/www.instagram.com\/p\/DRRuy-ADOAy\/?hl=fi\" rel=\"noopener nofollow\" target=\"_blank\">t\u00e4st\u00e4 linkist\u00e4<\/a>.<\/p>\n<p class=\"paragraph\">Auto oli t\u00f6yt\u00e4issyt Puumalaisen poikaa, joka oli tapahtuneen j\u00e4lkeen valitellut polveaan.<\/p>\n<p class=\"paragraph\">\u2013 Kellek\u00e4\u00e4n ei sattunut mit\u00e4\u00e4n, kaikki sill\u00e4 lailla hyvin. Mutta ainahan tuo varmasti s\u00e4ik\u00e4ytt\u00e4\u00e4 ja j\u00e4rkytt\u00e4\u00e4 nelosluokkalaista kuin my\u00f6s vanhempia. Toivottavasti my\u00f6s t\u00e4m\u00e4 kuski sen verran s\u00e4ik\u00e4hti, ett\u00e4 on varovaisempi jatkossa liikenteess\u00e4, Puumalainen sanoo.<\/p>\n<p class=\"paragraph\">Erityisesti talvea vasten Puumalainen toivoo, ett\u00e4 videon n\u00e4hneet olisivat varovaisia liikenteess\u00e4 ja ottaisivat lasten kanssa puheeksi my\u00f6s liukkauden tai muiden s\u00e4\u00e4olosuhteiden aiheuttamat vaarat.<\/p>\n<p class=\"paragraph\">\u2013 Muistakaa varoitella kotona lapsia siit\u00e4, ett\u00e4 vaikka itse olisi varovainen liikenteess\u00e4, niin kaikki aikuisetkaan ei lue liikennett\u00e4 oikein, h\u00e4n sanoo.<\/p>\n<p class=\"paragraph\">H\u00e4n muistuttaa julkaisussaan, ett\u00e4 yhdess\u00e4 voidaan ehk\u00e4ist\u00e4 vastaavat s\u00e4ik\u00e4ytt\u00e4v\u00e4t puhelut, joita yksik\u00e4\u00e4n vanhempi ei haluaisi saada.<\/p>\n<p class=\"paragraph\">Julkaisun kommenttikent\u00e4ss\u00e4 iloitaan siit\u00e4, ett\u00e4 tapauksessa oli \u201denkelit matkassa\u201d ja ett\u00e4 Puumalaisen poika on kunnossa.<\/p>\n<p class=\"paragraph\">\u2013 Ja ne heijastimet sek\u00e4 lapsille ja aikuisille, autoilijan tosi vaikea n\u00e4hd\u00e4 pime\u00e4ll\u00e4 ilman heijastinta kulkevaa mustaa hahmoa, er\u00e4s muistuttaa.<\/p>\n<p><script async src=\"\/\/www.instagram.com\/embed.js\"><\/script><\/p>\n","protected":false},"excerpt":{"rendered":"Anu Puumalainen muistuttaa seuraajiaan liikenteen vaaroista ja liukkaudesta. Anu Puumalainen sai s\u00e4ik\u00e4ytt\u00e4v\u00e4n puhelun. Inka Soveri Big Brother Suomi&hellip;\n","protected":false},"author":2,"featured_media":96613,"comment_status":"","ping_status":"","sticky":false,"template":"","format":"standard","meta":{"footnotes":""},"categories":[130],"tags":[35,137,33,31,30,101,100,121,98,32,128,109],"class_list":{"0":"post-96612","1":"post","2":"type-post","3":"status-publish","4":"format-standard","5":"has-post-thumbnail","7":"category-viihde","8":"tag-24h","9":"tag-entertainment","10":"tag-fi","11":"tag-finland","12":"tag-finnish","13":"tag-ihmissuhteet","14":"tag-lapset-ja-nuoret","15":"tag-liikenne-ja-kuljetus","16":"tag-perhe","17":"tag-suomi","18":"tag-tieliikenne","19":"tag-viihde"},"share_on_mastodon":{"url":"https:\/\/pubeurope.com\/@fi\/115590684156807645","error":""},"_links":{"self":[{"href":"https:\/\/www.europesays.com\/fi\/wp-json\/wp\/v2\/posts\/96612","targetHints":{"allow":["GET"]}}],"collection":[{"href":"https:\/\/www.europesays.com\/fi\/wp-json\/wp\/v2\/posts"}],"about":[{"href":"https:\/\/www.europesays.com\/fi\/wp-json\/wp\/v2\/types\/post"}],"author":[{"embeddable":true,"href":"https:\/\/www.europesays.com\/fi\/wp-json\/wp\/v2\/users\/2"}],"replies":[{"embeddable":true,"href":"https:\/\/www.europesays.com\/fi\/wp-json\/wp\/v2\/comments?post=96612"}],"version-history":[{"count":0,"href":"https:\/\/www.europesays.com\/fi\/wp-json\/wp\/v2\/posts\/96612\/revisions"}],"wp:featuredmedia":[{"embeddable":true,"href":"https:\/\/www.europesays.com\/fi\/wp-json\/wp\/v2\/media\/96613"}],"wp:attachment":[{"href":"https:\/\/www.europesays.com\/fi\/wp-json\/wp\/v2\/media?parent=96612"}],"wp:term":[{"taxonomy":"category","embeddable":true,"href":"https:\/\/www.europesays.com\/fi\/wp-json\/wp\/v2\/categories?post=96612"},{"taxonomy":"post_tag","embeddable":true,"href":"https:\/\/www.europesays.com\/fi\/wp-json\/wp\/v2\/tags?post=96612"}],"curies":[{"name":"wp","href":"https:\/\/api.w.org\/{rel}","templated":true}]}}