{"id":96616,"date":"2025-11-22T01:13:29","date_gmt":"2025-11-22T01:13:29","guid":{"rendered":"https:\/\/www.europesays.com\/fi\/96616\/"},"modified":"2025-11-22T01:13:29","modified_gmt":"2025-11-22T01:13:29","slug":"nato-harjoittelee-etela-suomessa-ja-itamerella-aluksia-tulossa-myos-turkuun","status":"publish","type":"post","link":"https:\/\/www.europesays.com\/fi\/96616\/","title":{"rendered":"Nato harjoittelee Etel\u00e4-Suomessa ja It\u00e4merell\u00e4\u2009\u2013\u2009aluksia tulossa my\u00f6s Turkuun"},"content":{"rendered":"<p class=\"teksti\">Naton kansainv\u00e4linen merisotaharjoitus Freezing Winds 25 alkaa Etel\u00e4-Suomessa ja It\u00e4merell\u00e4 ensi maanantaina. Jo perjantaista alkaen harjoitukseen osallistuvia aluksia saapuu Turkuun. Alukset kiinnittyv\u00e4t Turun satamaan.<\/p>\n<p class=\"teksti\">Harjoitukseen kuuluu h\u00e4vitt\u00e4jien, merivalvontakoneiden ja helikoptereiden lentotoimintaa ymp\u00e4ri vuorokauden.<\/p>\n<p class=\"teksti\">Lis\u00e4ksi rannikkojoukot harjoittelevat etenkin Saaristomerell\u00e4 ja Hankoniemell\u00e4. <\/p>\n<p class=\"teksti\">Merivoimien johtamaan harjoitukseen saapuu joukkoja ja aluksia Belgiasta, Tanskasta, Virosta, Saksasta, Ranskasta, Latviasta, Liettuasta, Alankomaista, Puolasta ja Yhdysvalloista. Mukana on my\u00f6s Naton pysyv\u00e4 miinantorjuntaosasto SNMCMG1. Eri liittolaismaista on mukana yhteens\u00e4 20 taistelualusta sek\u00e4 huolto- ja tukiveneit\u00e4.<\/p>\n<p class=\"teksti\">Harjoitukseen osallistuu yhteens\u00e4 noin 5\u2009000 sotilasta. <\/p>\n<p class=\"teksti\">Suomesta harjoitukseen on tulossa joukkoja ja aluksia Merivoimien lis\u00e4ksi Maavoimista, Ilmavoimista, Puolustusvoimien logistiikkalaitoksesta sek\u00e4 Rajavartiolaitoksesta. <\/p>\n<p class=\"teksti\">Harjoituksen aikana joukot ja alukset menev\u00e4t my\u00f6s Viron aluevesille ja saaristoon<\/p>\n<p class=\"teksti\">Merivoimien mukaan marras-joulukuun keliolosuhteet ja Suomen l\u00e4hialueen ymp\u00e4rist\u00f6 tarjoavat ainutlaatuiset olosuhteet Naton yhteisen puolustuksen harjoitteluun. <\/p>\n<p class=\"teksti\">Harjoitus p\u00e4\u00e4ttyy 4. joulukuuta.<\/p>\n","protected":false},"excerpt":{"rendered":"Naton kansainv\u00e4linen merisotaharjoitus Freezing Winds 25 alkaa Etel\u00e4-Suomessa ja It\u00e4merell\u00e4 ensi maanantaina. Jo perjantaista alkaen harjoitukseen osallistuvia aluksia&hellip;\n","protected":false},"author":2,"featured_media":96617,"comment_status":"","ping_status":"","sticky":false,"template":"","format":"standard","meta":{"footnotes":""},"categories":[14],"tags":[22,23,26,27,33,31,30,17,24,25,28,29,15,18,21,32,19,20,56,16,59,60,61],"class_list":{"0":"post-96616","1":"post","2":"type-post","3":"status-publish","4":"format-standard","5":"has-post-thumbnail","7":"category-ulkomaat","8":"tag-breaking-news","9":"tag-breakingnews","10":"tag-featured-news","11":"tag-featurednews","12":"tag-fi","13":"tag-finland","14":"tag-finnish","15":"tag-headlines","16":"tag-latest-news","17":"tag-latestnews","18":"tag-main-news","19":"tag-mainnews","20":"tag-news","21":"tag-otsikot","22":"tag-paauutiset","23":"tag-suomi","24":"tag-top-stories","25":"tag-topstories","26":"tag-ulkomaat","27":"tag-uutiset","28":"tag-world","29":"tag-world-news","30":"tag-worldnews"},"share_on_mastodon":{"url":"https:\/\/pubeurope.com\/@fi\/115590699661971399","error":""},"_links":{"self":[{"href":"https:\/\/www.europesays.com\/fi\/wp-json\/wp\/v2\/posts\/96616","targetHints":{"allow":["GET"]}}],"collection":[{"href":"https:\/\/www.europesays.com\/fi\/wp-json\/wp\/v2\/posts"}],"about":[{"href":"https:\/\/www.europesays.com\/fi\/wp-json\/wp\/v2\/types\/post"}],"author":[{"embeddable":true,"href":"https:\/\/www.europesays.com\/fi\/wp-json\/wp\/v2\/users\/2"}],"replies":[{"embeddable":true,"href":"https:\/\/www.europesays.com\/fi\/wp-json\/wp\/v2\/comments?post=96616"}],"version-history":[{"count":0,"href":"https:\/\/www.europesays.com\/fi\/wp-json\/wp\/v2\/posts\/96616\/revisions"}],"wp:featuredmedia":[{"embeddable":true,"href":"https:\/\/www.europesays.com\/fi\/wp-json\/wp\/v2\/media\/96617"}],"wp:attachment":[{"href":"https:\/\/www.europesays.com\/fi\/wp-json\/wp\/v2\/media?parent=96616"}],"wp:term":[{"taxonomy":"category","embeddable":true,"href":"https:\/\/www.europesays.com\/fi\/wp-json\/wp\/v2\/categories?post=96616"},{"taxonomy":"post_tag","embeddable":true,"href":"https:\/\/www.europesays.com\/fi\/wp-json\/wp\/v2\/tags?post=96616"}],"curies":[{"name":"wp","href":"https:\/\/api.w.org\/{rel}","templated":true}]}}