{"id":96618,"date":"2025-11-22T01:14:16","date_gmt":"2025-11-22T01:14:16","guid":{"rendered":"https:\/\/www.europesays.com\/fi\/96618\/"},"modified":"2025-11-22T01:14:16","modified_gmt":"2025-11-22T01:14:16","slug":"susi-ammuttiin-rantasalmella","status":"publish","type":"post","link":"https:\/\/www.europesays.com\/fi\/96618\/","title":{"rendered":"Susi ammuttiin Rantasalmella"},"content":{"rendered":"<p>Susi oli jo kahteen kertaan karkotettu, mutta se ei muuttanut k\u00e4yt\u00f6st\u00e4\u00e4n, tiedottaa poliisi.<\/p>\n<p><img decoding=\"async\" class=\"image image-show image-preview\" src=\"https:\/\/www.europesays.com\/fi\/wp-content\/uploads\/2025\/11\/782e7551c01b4ecc665caacd5ae700b39c3ddd931f7f37b50a4bbee9d00a1ef9.jpg\" alt=\"\"\/><img decoding=\"async\" class=\"image image-show\" src=\"https:\/\/www.europesays.com\/fi\/wp-content\/uploads\/2025\/11\/1763774056_215_782e7551c01b4ecc665caacd5ae700b39c3ddd931f7f37b50a4bbee9d00a1ef9.jpg\" alt=\"\"\/><\/p>\n<p>Kuvassa vuonna 2023 Ranuan el\u00e4inpuistossa kuvattu susi. Kuvituskuva. Ismo Pekkarinen, EPA \/ AOP<\/p>\n<p class=\"paragraph\">Susi lopetettiin poliisin m\u00e4\u00e4r\u00e4yksell\u00e4 Etel\u00e4-Savon Rantasalmella, tiedottaa poliisi. Susi oli vieraillut toistuvasti hoidetuilla piha-alueilla viime aikoina.<\/p>\n<p class=\"paragraph\">Paikallinen SRVA -toimija (suurriistavirka-apu) teki sudelle kaksi onnistunutta karkotusta 17.11.2025 ja 19.11.2025, mutta niill\u00e4 ei saatu haluttua vaikutusta el\u00e4imen k\u00e4ytt\u00e4ytymiseen.<\/p>\n<p class=\"paragraph\">Karkotusp\u00e4\u00e4t\u00f6sten taustalla oli poliisin tekem\u00e4 arvio siit\u00e4, ett\u00e4 el\u00e4imen toistuva liikkuminen rakennetussa ymp\u00e4rist\u00f6ss\u00e4 aiheutti vaaraa ihmisen hengelle ja terveydelle.<\/p>\n<p class=\"paragraph\">El\u00e4in toimitetaan Ruokavirastoon (Oulu) tutkittavaksi.<\/p>\n","protected":false},"excerpt":{"rendered":"Susi oli jo kahteen kertaan karkotettu, mutta se ei muuttanut k\u00e4yt\u00f6st\u00e4\u00e4n, tiedottaa poliisi. Kuvassa vuonna 2023 Ranuan el\u00e4inpuistossa&hellip;\n","protected":false},"author":2,"featured_media":96619,"comment_status":"","ping_status":"","sticky":false,"template":"","format":"standard","meta":{"footnotes":""},"categories":[12],"tags":[35,22,23,404,26,27,33,31,30,17,55,24,25,72,28,29,15,18,21,54,591,32,19,20,16],"class_list":{"0":"post-96618","1":"post","2":"type-post","3":"status-publish","4":"format-standard","5":"has-post-thumbnail","7":"category-suomi","8":"tag-24h","9":"tag-breaking-news","10":"tag-breakingnews","11":"tag-elaimet","12":"tag-featured-news","13":"tag-featurednews","14":"tag-fi","15":"tag-finland","16":"tag-finnish","17":"tag-headlines","18":"tag-lainvalvonta","19":"tag-latest-news","20":"tag-latestnews","21":"tag-luonto","22":"tag-main-news","23":"tag-mainnews","24":"tag-news","25":"tag-otsikot","26":"tag-paauutiset","27":"tag-pelastuspalvelut","28":"tag-selkarankaiset","29":"tag-suomi","30":"tag-top-stories","31":"tag-topstories","32":"tag-uutiset"},"share_on_mastodon":{"url":"https:\/\/pubeurope.com\/@fi\/115590703927486388","error":""},"_links":{"self":[{"href":"https:\/\/www.europesays.com\/fi\/wp-json\/wp\/v2\/posts\/96618","targetHints":{"allow":["GET"]}}],"collection":[{"href":"https:\/\/www.europesays.com\/fi\/wp-json\/wp\/v2\/posts"}],"about":[{"href":"https:\/\/www.europesays.com\/fi\/wp-json\/wp\/v2\/types\/post"}],"author":[{"embeddable":true,"href":"https:\/\/www.europesays.com\/fi\/wp-json\/wp\/v2\/users\/2"}],"replies":[{"embeddable":true,"href":"https:\/\/www.europesays.com\/fi\/wp-json\/wp\/v2\/comments?post=96618"}],"version-history":[{"count":0,"href":"https:\/\/www.europesays.com\/fi\/wp-json\/wp\/v2\/posts\/96618\/revisions"}],"wp:featuredmedia":[{"embeddable":true,"href":"https:\/\/www.europesays.com\/fi\/wp-json\/wp\/v2\/media\/96619"}],"wp:attachment":[{"href":"https:\/\/www.europesays.com\/fi\/wp-json\/wp\/v2\/media?parent=96618"}],"wp:term":[{"taxonomy":"category","embeddable":true,"href":"https:\/\/www.europesays.com\/fi\/wp-json\/wp\/v2\/categories?post=96618"},{"taxonomy":"post_tag","embeddable":true,"href":"https:\/\/www.europesays.com\/fi\/wp-json\/wp\/v2\/tags?post=96618"}],"curies":[{"name":"wp","href":"https:\/\/api.w.org\/{rel}","templated":true}]}}