{"id":96623,"date":"2025-11-22T01:34:11","date_gmt":"2025-11-22T01:34:11","guid":{"rendered":"https:\/\/www.europesays.com\/fi\/96623\/"},"modified":"2025-11-22T01:34:11","modified_gmt":"2025-11-22T01:34:11","slug":"max-verstappen-haluaisi-kalle-rovanperan-numeron","status":"publish","type":"post","link":"https:\/\/www.europesays.com\/fi\/96623\/","title":{"rendered":"Max Verstappen haluaisi Kalle Rovanper\u00e4n numeron"},"content":{"rendered":"<p>F1-t\u00e4hti <strong>Max Verstappen<\/strong> joutuu vaihtamaan ensi kaudella numeroaan, mik\u00e4li h\u00e4n ei voita t\u00e4ll\u00e4 kaudella uransa viidett\u00e4 maailmanmestaruutta.<\/p>\n<p>Verstappen on k\u00e4ytt\u00e4nyt numeroa 1 \u2013 mutta siihen on k\u00e4ytt\u00f6oikeus vain hallitsevalla maailmanmestarilla.<\/p>\n<p>Verstappen kertoi Motorsport.comille, ett\u00e4 h\u00e4n ottaa todenn\u00e4k\u00f6isesti ensi kaudeksi numeron 3. Ennen mestaruuksiaan hollantilainen kilpaili numerolla 33.<\/p>\n<p>Juttu jatkuu kuvan j\u00e4lkeen.<\/p>\n<p><img fetchpriority=\"high\" decoding=\"async\" width=\"1024\" height=\"683\" src=\"https:\/\/www.europesays.com\/fi\/wp-content\/uploads\/2025\/11\/kalle_rovanpera_2025_viro-1024x683.jpg\" alt=\"Kalle Rovanper\u00e4, 2025 Viro\" class=\"wp-image-434140\" title=\"Max Verstappen haluaisi Kalle Rovanper\u00e4n numeron\"  \/>Kalle Rovanper\u00e4 on k\u00e4ytt\u00e4nyt numeroa 69 ralliautossaan. Kuva: TGR WRT \/ McKlein<\/p>\n<p>Numero 3 ei ole kuitenkaan se numero, mink\u00e4 hollantilainen aidosti haluaisi.<\/p>\n<p>\u2013 Itseasiassa halusin numeron 69, mutta is\u00e4ni mielest\u00e4 se ei ollut hyv\u00e4 idea, Verstappen kertoi.<\/p>\n<p>Verstappen pit\u00e4\u00e4 numerosta omien sanojensa mukaan sen vuoksi, ett\u00e4 se n\u00e4ytt\u00e4\u00e4 miten p\u00e4in vain samalta.<\/p>\n<p>Toyotan rallit\u00e4hti <strong>Kalle Rovanper\u00e4<\/strong> on k\u00e4ytt\u00e4nyt numeroa 69. Rovanper\u00e4 on valinnut numeron sen vuoksi, ett\u00e4 se on h\u00e4nen is\u00e4ns\u00e4 <strong>Harrin<\/strong> entinen kilpanumero.<\/p>\n<p><strong>LUE MY\u00d6S:\u00a0<a href=\"https:\/\/atleetti.fi\/michael-schumacheria-arkaluontoisilla-kuvilla-kiristaneet-jalleen-oikeudessa-tuomari-tiukkana-torkytapaus\/\" target=\"_blank\" rel=\"nofollow noopener\">Michael Schumacheria arkaluontoisilla kuvilla kirist\u00e4neet j\u00e4lleen oikeudessa \u2013 tuomari tiukkana: \u201dT\u00f6rkytapaus\u201d (Atleetti.fi) <\/a><\/strong><\/p>\n","protected":false},"excerpt":{"rendered":"F1-t\u00e4hti Max Verstappen joutuu vaihtamaan ensi kaudella numeroaan, mik\u00e4li h\u00e4n ei voita t\u00e4ll\u00e4 kaudella uransa viidett\u00e4 maailmanmestaruutta. Verstappen&hellip;\n","protected":false},"author":2,"featured_media":96624,"comment_status":"","ping_status":"","sticky":false,"template":"","format":"standard","meta":{"footnotes":""},"categories":[158],"tags":[33,31,30,159,32,160],"class_list":{"0":"post-96623","1":"post","2":"type-post","3":"status-publish","4":"format-standard","5":"has-post-thumbnail","7":"category-urheilu","8":"tag-fi","9":"tag-finland","10":"tag-finnish","11":"tag-sports","12":"tag-suomi","13":"tag-urheilu"},"share_on_mastodon":{"url":"https:\/\/pubeurope.com\/@fi\/115590782669973405","error":""},"_links":{"self":[{"href":"https:\/\/www.europesays.com\/fi\/wp-json\/wp\/v2\/posts\/96623","targetHints":{"allow":["GET"]}}],"collection":[{"href":"https:\/\/www.europesays.com\/fi\/wp-json\/wp\/v2\/posts"}],"about":[{"href":"https:\/\/www.europesays.com\/fi\/wp-json\/wp\/v2\/types\/post"}],"author":[{"embeddable":true,"href":"https:\/\/www.europesays.com\/fi\/wp-json\/wp\/v2\/users\/2"}],"replies":[{"embeddable":true,"href":"https:\/\/www.europesays.com\/fi\/wp-json\/wp\/v2\/comments?post=96623"}],"version-history":[{"count":0,"href":"https:\/\/www.europesays.com\/fi\/wp-json\/wp\/v2\/posts\/96623\/revisions"}],"wp:featuredmedia":[{"embeddable":true,"href":"https:\/\/www.europesays.com\/fi\/wp-json\/wp\/v2\/media\/96624"}],"wp:attachment":[{"href":"https:\/\/www.europesays.com\/fi\/wp-json\/wp\/v2\/media?parent=96623"}],"wp:term":[{"taxonomy":"category","embeddable":true,"href":"https:\/\/www.europesays.com\/fi\/wp-json\/wp\/v2\/categories?post=96623"},{"taxonomy":"post_tag","embeddable":true,"href":"https:\/\/www.europesays.com\/fi\/wp-json\/wp\/v2\/tags?post=96623"}],"curies":[{"name":"wp","href":"https:\/\/api.w.org\/{rel}","templated":true}]}}