{"id":96625,"date":"2025-11-22T01:35:17","date_gmt":"2025-11-22T01:35:17","guid":{"rendered":"https:\/\/www.europesays.com\/fi\/96625\/"},"modified":"2025-11-22T01:35:17","modified_gmt":"2025-11-22T01:35:17","slug":"jo-kuvattu-olga-temosen-nayttelema-vares-sarja-odottaa-viela-julkaisua-mtv-kommentoi-julkaisua","status":"publish","type":"post","link":"https:\/\/www.europesays.com\/fi\/96625\/","title":{"rendered":"Jo kuvattu Olga Temosen n\u00e4yttelem\u00e4 Vares-sarja odottaa viel\u00e4 julkaisua: MTV kommentoi julkaisua"},"content":{"rendered":"<p>            Seiskan arkisto\n        <\/p>\n<p class=\"subtitle \">Olga tullaan n\u00e4kem\u00e4\u00e4n viel\u00e4 kuusiosaisen Vares-sarjan tiimoilta.<\/p>\n<p class=\"article-content article-content-width !bg-background\">N\u00e4yttelij\u00e4 ja yritt\u00e4j\u00e4  kuoli maanantaina 17. marraskuuta 47-vuotiaana.<\/p>\n<p class=\"article-content article-content-width !bg-background\">Olgalla todettiin syksyll\u00e4 2023 nelj\u00e4nnen asteen gliooma eli aivosy\u00f6p\u00e4.<\/p>\n<p>        <a itemprop=\"url\" href=\"https:\/\/www.seiska.fi\/kotimaa\/olga-temonen-koskettava-ulostulo\/1969328\" rel=\"nofollow noopener\" target=\"_blank\"><\/p>\n<p>\nOlga Temonen\n<\/p>\n<p class=\"section-date\">\n        <strong class=\"article-section\" data-section=\"kotimaa\"><br \/>\n            kotimaa<br \/>\n        <\/strong><br \/>\n        21.10. 20:00\n    <\/p>\n<p>Olga Temonen: Koskettava ulostulo\n    <\/p>\n<p itemprop=\"description\" class=\"subtitle \">\n    47-vuotias Olga on antanut kasvot sy\u00f6p\u00e4taistelulle ja saanut paljon kiitosta sek\u00e4 tsemppi\u00e4 osakseen.\n<\/p>\n<p>        <\/a><\/p>\n<p class=\"article-content article-content-width !bg-background\">Olga ja h\u00e4nen ohjaajamiehens\u00e4  olivat alusta asti hyvin avoimia sy\u00f6v\u00e4st\u00e4 mediassa.<\/p>\n<p>                <img decoding=\"async\" src=\"https:\/\/www.europesays.com\/fi\/wp-content\/uploads\/2025\/11\/1997506.webp\" width=\"576\" height=\"639\" alt=\"Tammikuussa Olga siisti Tuukan pukua Suomen Kansallisopperassa j\u00e4rjestetyss\u00e4 Kultainen Venla -gaalassa.\" loading=\"lazy\" \/>            <\/p>\n<p>\n            Tammikuussa Olga siisti Tuukan pukua Suomen Kansallisopperassa j\u00e4rjestetyss\u00e4 Kultainen Venla -gaalassa.<br \/>\n            Miikka Kaskinen\n        <\/p>\n<p>Tammikuussa n\u00e4ytti hyv\u00e4lt\u00e4<\/p>\n<p class=\"article-content article-content-width !bg-background\">Alkuvuodesta 2025 Olga kertoi Seiskalle, ett\u00e4 aivoissa oleva sy\u00f6p\u00e4 oli saatu pys\u00e4ytetty\u00e4 ja sy\u00f6p\u00e4kasvaimen koko oli pienentynyt dramaattisesti.<\/p>\n<p class=\"article-content article-content-width !bg-background\">\u2013 Se oli aiemmin 5,5 sentti\u00e4 pitk\u00e4, mutta nyt se on pienempi kuin sormen kynsi, Olga hym\u00e4hti ja demonstroi k\u00e4sill\u00e4\u00e4n sy\u00f6v\u00e4n kokoa tammikuussa toimittajalle.<\/p>\n<p>        <a itemprop=\"url\" href=\"https:\/\/www.seiska.fi\/katso\/tuukka-temonen-uuden-edessa-kommentoi-milta-tuntuu-tehda-toita-ilman-olga-vaimoa\/1946563\" rel=\"nofollow noopener\" target=\"_blank\"><\/p>\n<p>\nTuukka Temonen uuden edess\u00e4\n<\/p>\n<p class=\"section-date\">\n        <strong class=\"article-section\" data-section=\"katso\"><br \/>\n            katso<br \/>\n        <\/strong><br \/>\n        1.10. 13:15\n    <\/p>\n<p>Tuukka Temonen uuden edess\u00e4 \u2013 kommentoi, milt\u00e4 tuntuu tehd\u00e4 t\u00f6it\u00e4 ilman Olga-vaimoa\n    <\/p>\n<p itemprop=\"description\" class=\"subtitle \">\n    Cancel tulee n\u00e4ytt\u00e4m\u00e4\u00e4n, kuinka hyvin suositut somet\u00e4hdet saavat mobilisoitua omat seuraajansa elokuvateattereihin asti.\n<\/p>\n<p>        <\/a><\/p>\n<p class=\"article-content article-content-width !bg-background\">\u2013 Sy\u00f6p\u00e4 on sellaisessa paikassa aivoissa, ett\u00e4 sit\u00e4 ei kuitenkaan pysty leikkaamaan, h\u00e4n jatkoi.<\/p>\n<p class=\"article-content article-content-width !bg-background\">Samaisessa haastattelussa Olga jakoi ajatuksiaan avoimuudesta sek\u00e4 kertoi sy\u00f6v\u00e4n opettaneen my\u00f6s ymm\u00e4rryst\u00e4.<\/p>\n<p class=\"article-content article-content-width !bg-background\">\u2013 Pienet asiat ovat merkityksellisi\u00e4 ja pienist\u00e4 asioista voi nauttia. Ei aina tarvitse olla niin suureelliset tekemiset.<\/p>\n<p>        <a itemprop=\"url\" href=\"https:\/\/www.seiska.fi\/kotimaa\/tuukka-temoselta-synkka-paljastus-olgan-voinnista\/1946290\" rel=\"nofollow noopener\" target=\"_blank\"><\/p>\n<p>\nTuukka Temonen murheellisena\n<\/p>\n<p class=\"section-date\">\n        <strong class=\"article-section\" data-section=\"kotimaa\"><br \/>\n            kotimaa<br \/>\n        <\/strong><br \/>\n        30.9. 15:16\n    <\/p>\n<p>Tuukka Temoselta synkk\u00e4 paljastus Olgan voinnista\n    <\/p>\n<p itemprop=\"description\" class=\"subtitle \">\n    Tuukka kertoo rehellisesti vaimonsa t\u00e4m\u00e4nhetkisest\u00e4 tilanteesta.\n<\/p>\n<p>        <\/a><\/p>\n<p class=\"article-content article-content-width !bg-background\">\u2013 Olen aina mennyt ja tehnyt kaikkea. Yht\u00e4kki\u00e4 se, ett\u00e4 olen kotona ja laitan ruokaa ja ihmettelen maailmaa sielt\u00e4 k\u00e4sin, on ihan yht\u00e4 hyv\u00e4\u00e4 el\u00e4m\u00e4\u00e4.<\/p>\n<p>                <img decoding=\"async\" src=\"https:\/\/www.europesays.com\/fi\/wp-content\/uploads\/2025\/11\/1997520.webp\" width=\"576\" height=\"567\" alt=\"Olga oli tuttu n\u00e4ky miehens\u00e4 elokuvissa. Viimeisen roolinsa h\u00e4n teki traumatisoituneena naisena elokuvassa Meduusalla ei ole syd\u00e4nt\u00e4. Elokuva sai ensi-iltansa tammikuussa 2024, mutta se oli kuvattu loppukes\u00e4st\u00e4 2023 eli juuri ennen Olgan sairastumista.\" loading=\"lazy\" \/>            <\/p>\n<p>\n            Olga oli tuttu n\u00e4ky miehens\u00e4 elokuvissa. Viimeisen roolinsa h\u00e4n teki traumatisoituneena naisena elokuvassa Meduusalla ei ole syd\u00e4nt\u00e4. Elokuva sai ensi-iltansa tammikuussa 2024, mutta se oli kuvattu loppukes\u00e4st\u00e4 2023 eli juuri ennen Olgan sairastumista.<br \/>\n            Optipari\n        <\/p>\n<p>Uusiutui kev\u00e4\u00e4ll\u00e4<\/p>\n<p class=\"article-content article-content-width !bg-background\">Aivosy\u00f6p\u00e4 uusiutui kuitenkin my\u00f6hemmin kev\u00e4\u00e4ll\u00e4, ja lopputulema oli lohduton.<\/p>\n<p class=\"article-content article-content-width !bg-background\">Yht\u00e4 kaikki, tammikuun lopussa elokuvateattereihin tuli Tuukan ohjaama Meduusalla ei ole syd\u00e4nt\u00e4, joka j\u00e4i Olgan viimeiseksi elokuvarooliksi valkokankaalla.<\/p>\n<p class=\"article-content article-content-width !bg-background\">Synk\u00e4ss\u00e4 elokuvassa Olga tekee vahvan roolin traumatisoituneena \u00e4itin\u00e4.<\/p>\n<p class=\"article-content article-content-width !bg-background\">Edell\u00e4 mainitun elokuvan j\u00e4lkeen Olga oli n\u00e4ytellyt viel\u00e4 kev\u00e4\u00e4ll\u00e4 2024 Tuukan Vares X -elokuvassa pastori Alasta.<\/p>\n<p class=\"article-content article-content-width !bg-background\">Kyseinen Vares-elokuva tuli ensi-iltaan lokakuussa 2024.<\/p>\n<p>                <img decoding=\"async\" src=\"https:\/\/www.europesays.com\/fi\/wp-content\/uploads\/2025\/11\/1997534.webp\" width=\"576\" height=\"375\" alt=\"Vuonna 2020 ensi-iltansa sai Aika jonka sain, jossa Olga teki vakuuttavan p\u00e4\u00e4roolin. Elokuva perustuu tositapahtumiin ja kertoo kilparatsastaja Jaana Kivim\u00e4est\u00e4, joka halvaantui onnettomuudessa ja palasi hevosen selk\u00e4\u00e4n pararatsastajana.\" loading=\"lazy\" \/>            <\/p>\n<p>\n            Vuonna 2020 ensi-iltansa sai Aika jonka sain, jossa Olga teki vakuuttavan p\u00e4\u00e4roolin. Elokuva perustuu tositapahtumiin ja kertoo kilparatsastaja Jaana Kivim\u00e4est\u00e4, joka halvaantui onnettomuudessa ja palasi hevosen selk\u00e4\u00e4n pararatsastajana.<br \/>\n            Optipari\n        <\/p>\n<p>Vuonna 2023 tehty Vares-sarja odottaa julkaisua<\/p>\n<p class=\"article-content article-content-width !bg-background\">Jo ennen elokuvaa oli kuvattu my\u00f6s kuusiosainen Vares-sarja MTV Katsomon suoratoistopalveluun.<\/p>\n<p class=\"article-content article-content-width !bg-background\">Sarja kuvattiin vuonna 2023.<\/p>\n<p class=\"article-content article-content-width !bg-background\">Sarjassa Olgan roolia voisi luonnehtia isohkoksi.<\/p>\n<p class=\"article-content article-content-width !bg-background\">Tuukka kertoi Katsolle syyskuun lopulla, ettei h\u00e4nell\u00e4 ole tietoa, milloin Vares-sarja tulee n\u00e4kem\u00e4\u00e4n p\u00e4iv\u00e4nvalon.<\/p>\n<p class=\"article-content article-content-width !bg-background\">Varmaa on kuitenkin se, ett\u00e4 Olgan ty\u00f6t\u00e4 p\u00e4\u00e4st\u00e4\u00e4n nauttimaan postuumisti aikanaan, kun sarja julkaistaan.<\/p>\n<p>                <img decoding=\"async\" src=\"https:\/\/www.europesays.com\/fi\/wp-content\/uploads\/2025\/11\/1997544.webp\" width=\"576\" height=\"332\" alt=\"Olga n\u00e4yttelee sarjassa Jussi Vareksen yst\u00e4v\u00e4\u00e4 pastori Alasta. Aiemmissa Vares-elokuvissa kyseist\u00e4 potkut saanutta pappia n\u00e4ytteli kuvassa oleva Matti Onnismaa.\" loading=\"lazy\" \/>            <\/p>\n<p>\n            Olga n\u00e4yttelee sarjassa Jussi Vareksen yst\u00e4v\u00e4\u00e4 pastori Alasta. Aiemmissa Vares-elokuvissa kyseist\u00e4 potkut saanutta pappia n\u00e4ytteli kuvassa oleva Matti Onnismaa.<br \/>\n            Solar Films\n        <\/p>\n<p>Sarjoja jemmataan jatkuvasti<\/p>\n<p class=\"article-content article-content-width !bg-background\">Ei ole uutta, ett\u00e4 sarjoja jemmataan ennen julkaisua \u2013 v\u00e4lill\u00e4 pitk\u00e4\u00e4nkin.<\/p>\n<p class=\"article-content article-content-width !bg-background\">Marraskuun lopussa MTV:ll\u00e4 alkaa sarjauutuus Petos, joka on kuvattu jo syksyll\u00e4 2022.<\/p>\n<p class=\"article-content article-content-width !bg-background\"><a href=\"https:\/\/www.ess.fi\/uutissuomalainen\/8454095\" target=\"_blank\" rel=\"nofollow noopener\">STT kertoi viime kev\u00e4\u00e4n\u00e4, ett\u00e4 taustalla on<\/a> MTV:n suoratoistoalustojen C Moren ja Katsomon yhdist\u00e4minen syksyll\u00e4 2023 sek\u00e4 liiketoiminnan muutos, jolla valmisteltiin MTV:n myynti\u00e4.<\/p>\n<p class=\"article-content article-content-width !bg-background\">C Morelle tavoiteltiin tilaajia kalliilla sis\u00e4ll\u00f6ill\u00e4, urheilulla ja draamalla. Tuolloin tilaustahti oli jopa 12 sarjakautta vuodessa.<\/p>\n<p class=\"article-content article-content-width !bg-background\">\u2013 Julkaisemme 4\u20136 sarjaa vuodessa, kertoi MTV:n vastaava tuottaja  STT:lle huhtikuussa.<\/p>\n<p>                <img decoding=\"async\" src=\"https:\/\/www.europesays.com\/fi\/wp-content\/uploads\/2025\/11\/1997542.webp\" width=\"576\" height=\"351\" alt=\"Olga kuoli marraskuussa 2025, mutta j\u00e4\u00e4 n\u00e4ht\u00e4v\u00e4ksi, koska h\u00e4net tullaan n\u00e4kem\u00e4\u00e4n ensimm\u00e4ist\u00e4 kertaa Vares-sarjan tiimoilta.\" loading=\"lazy\" \/>            <\/p>\n<p>\n            Olga kuoli marraskuussa 2025, mutta j\u00e4\u00e4 n\u00e4ht\u00e4v\u00e4ksi, koska h\u00e4net tullaan n\u00e4kem\u00e4\u00e4n ensimm\u00e4ist\u00e4 kertaa Vares-sarjan tiimoilta.<br \/>\n            Optipari\n        <\/p>\n<p>N\u00e4in vastaa MTV<\/p>\n<p class=\"article-content article-content-width !bg-background\">Katso ei tavoittanut Jannea \u2013 MTV:n ohjelmahankinnoista vastaavan  kyll\u00e4kin.<\/p>\n<p class=\"article-content article-content-width !bg-background\">\u2013 Vares-sarjan julkaisuajankohdasta ei ole tarkempaa kerrottavaa. Tiedotamme siit\u00e4 aikanaan.<\/p>\n<p class=\"article-content article-content-width !bg-background\">J\u00e4\u00e4 siis n\u00e4ht\u00e4v\u00e4ksi, koska ennen n\u00e4kem\u00e4t\u00f6n Olgan viimeinen esiintyminen tullaan n\u00e4kem\u00e4\u00e4n.<\/p>\n","protected":false},"excerpt":{"rendered":"Seiskan arkisto Olga tullaan n\u00e4kem\u00e4\u00e4n viel\u00e4 kuusiosaisen Vares-sarjan tiimoilta. N\u00e4yttelij\u00e4 ja yritt\u00e4j\u00e4 kuoli maanantaina 17. marraskuuta 47-vuotiaana. Olgalla&hellip;\n","protected":false},"author":2,"featured_media":96626,"comment_status":"","ping_status":"","sticky":false,"template":"","format":"standard","meta":{"footnotes":""},"categories":[130],"tags":[4052,137,33,31,30,4051,3411,32,2721,18840,109],"class_list":{"0":"post-96625","1":"post","2":"type-post","3":"status-publish","4":"format-standard","5":"has-post-thumbnail","7":"category-viihde","8":"tag-aivosyopa","9":"tag-entertainment","10":"tag-fi","11":"tag-finland","12":"tag-finnish","13":"tag-meduusalla-ei-ole-sydanta","14":"tag-olga-temonen","15":"tag-suomi","16":"tag-tuukka-temonen","17":"tag-vares-sarja","18":"tag-viihde"},"share_on_mastodon":{"url":"https:\/\/pubeurope.com\/@fi\/115590786261765552","error":""},"_links":{"self":[{"href":"https:\/\/www.europesays.com\/fi\/wp-json\/wp\/v2\/posts\/96625","targetHints":{"allow":["GET"]}}],"collection":[{"href":"https:\/\/www.europesays.com\/fi\/wp-json\/wp\/v2\/posts"}],"about":[{"href":"https:\/\/www.europesays.com\/fi\/wp-json\/wp\/v2\/types\/post"}],"author":[{"embeddable":true,"href":"https:\/\/www.europesays.com\/fi\/wp-json\/wp\/v2\/users\/2"}],"replies":[{"embeddable":true,"href":"https:\/\/www.europesays.com\/fi\/wp-json\/wp\/v2\/comments?post=96625"}],"version-history":[{"count":0,"href":"https:\/\/www.europesays.com\/fi\/wp-json\/wp\/v2\/posts\/96625\/revisions"}],"wp:featuredmedia":[{"embeddable":true,"href":"https:\/\/www.europesays.com\/fi\/wp-json\/wp\/v2\/media\/96626"}],"wp:attachment":[{"href":"https:\/\/www.europesays.com\/fi\/wp-json\/wp\/v2\/media?parent=96625"}],"wp:term":[{"taxonomy":"category","embeddable":true,"href":"https:\/\/www.europesays.com\/fi\/wp-json\/wp\/v2\/categories?post=96625"},{"taxonomy":"post_tag","embeddable":true,"href":"https:\/\/www.europesays.com\/fi\/wp-json\/wp\/v2\/tags?post=96625"}],"curies":[{"name":"wp","href":"https:\/\/api.w.org\/{rel}","templated":true}]}}