{"id":96636,"date":"2025-11-22T02:04:11","date_gmt":"2025-11-22T02:04:11","guid":{"rendered":"https:\/\/www.europesays.com\/fi\/96636\/"},"modified":"2025-11-22T02:04:11","modified_gmt":"2025-11-22T02:04:11","slug":"ikaalilaiset-kavivat-opintomatkalla-erajarvella-kaupunginjohtajalle-moni-asia-oli-juurien-kautta-tuttu-asukashankinta-ja-kylien-vireys-yhteinen-paamaara-oriveden-sanomat","status":"publish","type":"post","link":"https:\/\/www.europesays.com\/fi\/96636\/","title":{"rendered":"Ikaalilaiset k\u00e4viv\u00e4t opintomatkalla Er\u00e4j\u00e4rvell\u00e4 \u2013 kaupunginjohtajalle moni asia oli juurien kautta tuttu, asukashankinta ja kylien vireys yhteinen p\u00e4\u00e4m\u00e4\u00e4r\u00e4 &#8211; Oriveden Sanomat"},"content":{"rendered":"<ol>\n<li><a href=\"https:\/\/news.google.com\/rss\/articles\/CBMimwJBVV95cUxNWmV4VUk1RndWbzRaa3MyQjFqeHJzb3VsUTh1YWp1d19ObXd2aGJaS1NNOHRSWl9RaGZ0ZDkxUkJIRFNoN2RvS3VicW53U0VXdlB2S0ZmMDNFQVZ5ejRtT1NCLWU2RDBubmtXd3VYYUdaRFM5WFJFZDN4TUVRRnU5WnFuemw0Zk5UQVVhWGtPUmFrWmFDeWgxR19JcjFZS29QYUtvT0psTjdOQTN3bndCMWJmSjctWUJ3TXNValFCUUdka2FKY3JiTVZhY3JPdGMzZ2R3clJDSUl5YWlKU2tJejZ5U3RlbHhqQXdtclN2cG56bTBtNHdMNUhKbXpwbk1Oell2NHZNbjU2R1VDc0RzMzV2YnhUN1ducVhB?oc=5\" target=\"_blank\" rel=\"nofollow noopener\">Ikaalilaiset k\u00e4viv\u00e4t opintomatkalla Er\u00e4j\u00e4rvell\u00e4 \u2013 kaupunginjohtajalle moni asia oli juurien kautta tuttu, asukashankinta ja kylien vireys yhteinen p\u00e4\u00e4m\u00e4\u00e4r\u00e4<\/a>&nbsp;&nbsp;Oriveden Sanomat<\/li>\n<li><a href=\"https:\/\/news.google.com\/rss\/articles\/CBMiwgFBVV95cUxNUFprVGVqWVZGcXVqVk5nZUhyRXd4cXNIaU9MTXpaWjVyeUFLU1RDNEtMQlM3Q2pLdG1lUlNIWWVYQmZaVHhnRER5UWZRYV8xZ1RSbGp4a0FQQ2RSMTFSbU5KaGs4Q0NWbWZxQkVUODdFM1VkT014OUppQTk2Ty1tdzRfWVl4RTBseS10Qm5FOW5zQXBQMnRrbzZpNzk0YVpkWVdtTEtkZTUzcl9GTXBoZ0NzM2Q1bTJEQ3RJaTBCNGVsZw?oc=5\" target=\"_blank\" rel=\"nofollow noopener\">Kaupungin kaunein jouluikkuna -kisassa on mukana 16 ikkunaa \u2013 \u00e4\u00e4nestys alkaa perjantaina<\/a>&nbsp;&nbsp;Oriveden Sanomat<\/li>\n<li><a href=\"https:\/\/news.google.com\/rss\/articles\/CBMiQkFVX3lxTFBvUmxvR0RWWlU0VkJqaVQ0Rzh5NzFiZ0NOODY4cGJlWFlQblk1MmdaTnNCWXZFUkFLaVdXVlNEcE5VQQ?oc=5\" target=\"_blank\" rel=\"nofollow noopener\">Yritysten verot jatkavat pudotuksessa \u2013 OP on suurin maksaja, Neste putosi nollaan<\/a>&nbsp;&nbsp;Yle<\/li>\n<li><a href=\"https:\/\/news.google.com\/rss\/articles\/CBMiekFVX3lxTFBlWENHZF9iQnNGeWxlcFNDT3AwbDZyNEpSdmlBOXctTjhsVmt3YkR0QnNBVkdjVUlSVHgwaXludDlVNGMyb3NCdjJkdm9IUGFrLW0xZUNwS3d0OVhfZ1JuaURfOEVhdVVaZXcwa0ppWUo1bWpoSzJFZFhn?oc=5\" target=\"_blank\" rel=\"nofollow noopener\">T\u00e4ss\u00e4 on yhti\u00f6verotuksen k\u00e4rki: Maksoi l\u00e4hes 400 miljoonaa euroa<\/a>&nbsp;&nbsp;Iltalehti<\/li>\n<li><a href=\"https:\/\/news.google.com\/rss\/articles\/CBMijwJBVV95cUxPMGN2NW8tVWtYbG1peUNkenFpZzR3Y2d0VWdmdWdJcmRUNmF0aXRzRGNaTXdtbHZiYWRFNzhHbzZzMWRsS0tNeXotWUJNczRMU1pGdm1TYkNWY1NJakw3WTA1clVaVW5HTDB0VVo4VGFjelI3TDRkbHRSaXFjRDNwRFRMal81NzY0TGNadFJucmJCWVFwaHVILW8tQ25IWlRZMlVQSE5MSDktdU5HejI3aERaYlNQN3JaQXV5MHFOTmdieUZZRHhKWXVfQlZLSEhMdFRScmRBOFk2M3UwYmFwUVozQWU3ZTcwdnY5LTZuaG1PSnl3bHdCNWFmdy0tWXZsVFNhVlRhdllpam5SOHVF?oc=5\" target=\"_blank\" rel=\"nofollow noopener\">K-ryhm\u00e4 on kolmanneksi suurin yhteis\u00f6veronmaksaja<\/a>&nbsp;&nbsp;Kesko<\/li>\n<\/ol>\n","protected":false},"excerpt":{"rendered":"Ikaalilaiset k\u00e4viv\u00e4t opintomatkalla Er\u00e4j\u00e4rvell\u00e4 \u2013 kaupunginjohtajalle moni asia oli juurien kautta tuttu, asukashankinta ja kylien vireys yhteinen p\u00e4\u00e4m\u00e4\u00e4r\u00e4&nbsp;&nbsp;Oriveden&hellip;\n","protected":false},"author":2,"featured_media":96637,"comment_status":"","ping_status":"","sticky":false,"template":"","format":"standard","meta":{"footnotes":""},"categories":[76],"tags":[79,77,18841,33,31,30,32,78],"class_list":{"0":"post-96636","1":"post","2":"type-post","3":"status-publish","4":"format-standard","5":"has-post-thumbnail","7":"category-talous","8":"tag-business","9":"tag-economy","10":"tag-erajarvi","11":"tag-fi","12":"tag-finland","13":"tag-finnish","14":"tag-suomi","15":"tag-talous"},"share_on_mastodon":{"url":"https:\/\/pubeurope.com\/@fi\/115590900410971294","error":""},"_links":{"self":[{"href":"https:\/\/www.europesays.com\/fi\/wp-json\/wp\/v2\/posts\/96636","targetHints":{"allow":["GET"]}}],"collection":[{"href":"https:\/\/www.europesays.com\/fi\/wp-json\/wp\/v2\/posts"}],"about":[{"href":"https:\/\/www.europesays.com\/fi\/wp-json\/wp\/v2\/types\/post"}],"author":[{"embeddable":true,"href":"https:\/\/www.europesays.com\/fi\/wp-json\/wp\/v2\/users\/2"}],"replies":[{"embeddable":true,"href":"https:\/\/www.europesays.com\/fi\/wp-json\/wp\/v2\/comments?post=96636"}],"version-history":[{"count":0,"href":"https:\/\/www.europesays.com\/fi\/wp-json\/wp\/v2\/posts\/96636\/revisions"}],"wp:featuredmedia":[{"embeddable":true,"href":"https:\/\/www.europesays.com\/fi\/wp-json\/wp\/v2\/media\/96637"}],"wp:attachment":[{"href":"https:\/\/www.europesays.com\/fi\/wp-json\/wp\/v2\/media?parent=96636"}],"wp:term":[{"taxonomy":"category","embeddable":true,"href":"https:\/\/www.europesays.com\/fi\/wp-json\/wp\/v2\/categories?post=96636"},{"taxonomy":"post_tag","embeddable":true,"href":"https:\/\/www.europesays.com\/fi\/wp-json\/wp\/v2\/tags?post=96636"}],"curies":[{"name":"wp","href":"https:\/\/api.w.org\/{rel}","templated":true}]}}