{"id":96638,"date":"2025-11-22T02:05:08","date_gmt":"2025-11-22T02:05:08","guid":{"rendered":"https:\/\/www.europesays.com\/fi\/96638\/"},"modified":"2025-11-22T02:05:08","modified_gmt":"2025-11-22T02:05:08","slug":"ft-yhdysvaltain-ja-liittolaisten-tapaaminen-oli-kuvottava-trumpin-mukaan-zelenskyin-on-pidettava-suunnitelmasta","status":"publish","type":"post","link":"https:\/\/www.europesays.com\/fi\/96638\/","title":{"rendered":"FT: Yhdysvaltain ja liittolaisten tapaaminen oli \u201dkuvottava\u201d, Trumpin mukaan Zelenskyin \u201don pidett\u00e4v\u00e4\u201d suunnitelmasta"},"content":{"rendered":"<p>T\u00e4m\u00e4 tiedet\u00e4\u00e4n nyt|Ukrainan ulkoministeri keskusteli perjantai-iltana ulkoministeri Valtosen kanssa. Euroopan johtajien on m\u00e4\u00e4r\u00e4 neuvotella Ukrainasta G20-kokouksen yhteydess\u00e4.<\/p>\n<p class=\"article-body mb-nof-24 px-nof-16\">Yhdysvaltalaismedia <a class=\"article-genericlink\" href=\"https:\/\/www.axios.com\/2025\/11\/20\/trump-ukraine-peace-plan-28-points-russia\" rel=\"nofollow noopener\" target=\"_blank\">Axios<\/a> julkaisi varhain perjantaina Yhdysvaltain ty\u00f6st\u00e4m\u00e4n rauhansuunnitelman luonnoksen.<\/p>\n<p class=\"article-body mb-nof-24 px-nof-16\">Suunnitelman mukaan Ukraina joutuisi luovuttamaan Donbasin ja Krimin niemimaan Ven\u00e4j\u00e4lle. Zapori\u017e\u017ejassa ja Hersonissa toteutettaisiin rintamalinjan mukaiset de facto -alueluovutukset.<\/p>\n<p class=\"article-body mb-nof-24 px-nof-16\">Ukrainalta kiellett\u00e4isiin Nato-j\u00e4senyys, eik\u00e4 Naton \u201dodoteta\u201d ylip\u00e4\u00e4t\u00e4\u00e4n laajenevan. Ven\u00e4j\u00e4 puolestaan sitoutuisi olemaan hy\u00f6kk\u00e4\u00e4m\u00e4tt\u00e4 Ukrainaan tai Eurooppaan.<\/p>\n<p class=\"article-body mb-nof-24 px-nof-16\">Axiosin mukaan Yhdysvallat on esitt\u00e4nyt Ukrainalle my\u00f6s toisen sopimusluonnoksen, jossa tarkennetaan suunnitelman turvatakuita, jotka mukailevat Naton 5. artiklaa.<\/p>\n<p class=\"article-body mb-nof-24 px-nof-16\">\u201dNaton j\u00e4senet, mukaan lukien Ranska, Yhdistynyt kuningaskunta, Saksa, Puola ja Suomi, vahvistavat, ett\u00e4 Ukrainan turvallisuus on olennainen osa Euroopan vakautta ja sitoutuvat toimimaan yhdess\u00e4 Yhdysvaltojen kanssa vastatakseen kaikkiin olennaisiin rikkomuksiin varmistaen n\u00e4in yhten\u00e4isen ja uskottavan pelotteen\u201d, luonnoksessa todetaan.<\/p>\n<p class=\"article-body mb-nof-24 px-nof-16\">T\u00e4h\u00e4n juttuun on koottu my\u00f6h\u00e4isen perjantai-illan ja lauantain vastaisen y\u00f6n k\u00e4\u00e4nteet. Perjantain tapahtumista voit lukea tarkemmin <a class=\"article-genericlink\" href=\"https:\/\/www.hs.fi\/maailma\/art-2000011641839.html\" rel=\"nofollow noopener\" target=\"_blank\">t\u00e4st\u00e4 jutusta<\/a>.<\/p>\n<p>Trump: Zelenskyin \u201don pidett\u00e4v\u00e4\u201d suunnitelmasta<\/p>\n<p class=\"article-body mb-nof-24 px-nof-16\">Yhdysvaltain presidentti <a class=\"article-personlink\" href=\"https:\/\/www.hs.fi\/haku\/?query=Donald%20Trump\" rel=\"nofollow noopener\" target=\"_blank\">Donald Trump<\/a> sanoi Suomen aikaa perjantai-iltana, ett\u00e4 Ukrainan presidentin <a class=\"article-personlink\" href=\"https:\/\/www.hs.fi\/haku\/?query=Volodymyr%20Zelenskyin\" rel=\"nofollow noopener\" target=\"_blank\">Volodymyr Zelenskyin<\/a> on hyv\u00e4ksytt\u00e4v\u00e4 suunnitelma. Zelenskyi kertoi perjantaina, ett\u00e4 h\u00e4n odottaa keskustelevansa Trumpin kanssa l\u00e4hip\u00e4ivin\u00e4.<\/p>\n<p class=\"article-body mb-nof-24 px-nof-16\">\u201dH\u00e4nen on pidett\u00e4v\u00e4 siit\u00e4. Jos h\u00e4n ei pid\u00e4 siit\u00e4, sitten heid\u00e4n on kai jatkettava taistelua\u201d, Trump sanoi tavatessaan New Yorkin vastavalitun pormestarin <a class=\"article-personlink\" href=\"https:\/\/www.hs.fi\/haku\/?query=Zohran%20Mamdanin\" rel=\"nofollow noopener\" target=\"_blank\">Zohran Mamdanin<\/a> Valkoisessa talossa.<\/p>\n<p class=\"article-body mb-nof-24 px-nof-16\">\u201dMeill\u00e4 on keino saada aikaan rauha\u201d.<\/p>\n<p class=\"article-body mb-nof-24 px-nof-16\"><a class=\"article-genericlink\" href=\"https:\/\/www.ft.com\/content\/26beeac1-bbe3-455b-97f6-84cf7c7c86fe\" rel=\"nofollow noopener\" target=\"_blank\">Financial Timesin<\/a> ukrainalaiset l\u00e4hteet kertoivat jo torstaina, ett\u00e4 Yhdysvallat on antanut suunnitelman allekirjoittamiseen Ukrainalle 27. marraskuuta asti aikaa.<\/p>\n<p>FT: Yhdysvallat \u201dei neuvottele yksityiskohdista\u201d<\/p>\n<p class=\"article-body mb-nof-24 px-nof-16\">Yhdysvaltain maavoimaministeri <a class=\"article-personlink\" href=\"https:\/\/www.hs.fi\/haku\/?query=Dan%20Driscoll\" rel=\"nofollow noopener\" target=\"_blank\">Dan Driscoll<\/a> neuvotteli perjantaina Kiovassa ukrainalaisten, Euroopan maiden suurl\u00e4hettil\u00e4iden ja l\u00e4nsimaiden viranomaisten kanssa. <a class=\"article-genericlink\" href=\"https:\/\/www.ft.com\/content\/f4112e32-b742-4e91-9c51-aab08067e53e\" rel=\"nofollow noopener\" target=\"_blank\">Financial Timesin<\/a> l\u00e4hteet kuvailevat tapaamisen s\u00e4vy\u00e4 \u201dkuvottavaksi\u201d.<\/p>\n<p class=\"article-body mb-nof-24 px-nof-16\">L\u00e4hteiden mukaan Yhdysvalloilta saadut viestit olivat &#8221;shokeeraavia&#8221;.<\/p>\n<p class=\"article-body mb-nof-24 px-nof-16\">\u201dEmme neuvottele yksityiskohdista\u201d, eurooppalaisl\u00e4hde kertoo FT:lle Driscollin sanoneen.<\/p>\n<p class=\"article-body mb-nof-24 px-nof-16\">FT:n viranomaisl\u00e4hde kommentoi perjantain uutisia sanomalla, ett\u00e4 &#8221;Trump-kuiskaajien on alettava huutaa&#8221;.<\/p>\n<p class=\"article-body mb-nof-24 px-nof-16\">Driscollin kerrotaan saapuneen perjantain tapaamiseen my\u00f6h\u00e4ss\u00e4 ja sanoneen, ett\u00e4 &#8221;meid\u00e4n t\u00e4ytyy saada t\u00e4m\u00e4 paska hoidettua&#8221;.<\/p>\n<p class=\"article-body mb-nof-24 px-nof-16\">\u201dYhdysvaltain asevoimat rakastaa Ukrainaa ja seisoo sen rinnalla, mutta Yhdysvaltain asevoimien rehellinen arvio on, ett\u00e4 Ukraina on hyvin pahassa asemassa ja nyt on paras aika rauhalle.\u201d<\/p>\n<p class=\"article-body mb-nof-24 px-nof-16\">\u201dSill\u00e4 on rajansa, paljonko voimme tukea Ukrainaa jatkamaan sotaa\u201d, Yhdysvaltain Kiovan-suurl\u00e4hetyst\u00f6n v\u00e4liaikaisen asiainhoitajan Ju<a class=\"article-personlink\" href=\"https:\/\/www.hs.fi\/haku\/?query=lie%20Davisin\" rel=\"nofollow noopener\" target=\"_blank\">lie Davisin<\/a> kerrotaan sanoneen.<\/p>\n<p class=\"article-body mb-nof-24 px-nof-16\">Driscoll lis\u00e4si l\u00e4hteiden mukaan, ett\u00e4 &#8221;meill\u00e4 on vain v\u00e4h\u00e4n aikaa rauhan saavuttamiseksi, ja presidentti Trump haluaa rauhan nyt&#8221;.<\/p>\n<p>Ukrainan ulkoministeri keskusteli Elina Valtosen kanssa<\/p>\n<p class=\"article-body mb-nof-24 px-nof-16\">Ukrainan ulkoministeri <a class=\"article-personlink\" href=\"https:\/\/www.hs.fi\/haku\/?query=Andri%20Sybiha\" rel=\"nofollow noopener\" target=\"_blank\">Andri Sybiha<\/a> kertoi perjantai-iltana viestipalvelu <a class=\"article-genericlink\" href=\"https:\/\/x.com\/andrii_sybiha\/status\/1991945503588729126?ref_src=twsrc%5Etfw%7Ctwcamp%5Etweetembed%7Ctwterm%5E1991945503588729126%7Ctwgr%5E572ebe3ad7abe048c8eba289124dc52b8a5d3df7%7Ctwcon%5Es1_&amp;ref_url=https%3A%2F%2Fsanoma.writer.saas-prod.infomaker.io%2Fdee9f6cc-dc64-455a-b1d7-c547e2ca5f15\" rel=\"nofollow\">X:ss\u00e4<\/a> puhelustaan ulkoministeri <a class=\"article-personlink\" href=\"https:\/\/www.hs.fi\/haku\/?query=Elina%20Valtosen\" rel=\"nofollow noopener\" target=\"_blank\">Elina Valtosen<\/a> (kok) kanssa. H\u00e4n kertoo kiitt\u00e4neens\u00e4 Valtosta Suomen Ukraina-tuesta ja johtajuudesta ETYJ-puheenjohtajuuden aikana.<\/p>\n<p class=\"article-body mb-nof-24 px-nof-16\">\u201dNyt on hetki, jolloin tarvitsemme Euroopan koko voimaa ja yhten\u00e4isyytt\u00e4 Ukrainan tukemiseksi. Kiit\u00e4n Elinaa vahvistuksesta sille, ett\u00e4 voimme luottaa t\u00e4ss\u00e4 asiassa Suomeen ja muihin eurooppalaisiin kumppaneihimme.\u201d<\/p>\n<p class=\"article-body mb-nof-24 px-nof-16\">Sybiha kommentoi toisessa <a class=\"article-genericlink\" href=\"https:\/\/x.com\/andrii_sybiha\/status\/1991978326521716934\" rel=\"nofollow\">X-julkaisussa<\/a> my\u00f6s perjantai-iltaista puhelua, johon osallistuivat Valtonen, Ranskan ulkoministeri <a class=\"article-personlink\" href=\"https:\/\/www.hs.fi\/haku\/?query=Jean-No%C3%ABl%20Barrot\" rel=\"nofollow noopener\" target=\"_blank\">Jean-No\u00ebl Barrot<\/a>, Britannian ulkoministeri <a class=\"article-personlink\" href=\"https:\/\/www.hs.fi\/haku\/?query=Yvette%20Cooper\" rel=\"nofollow noopener\" target=\"_blank\">Yvette Cooper<\/a>, Puolan ulkoministeri <a class=\"article-personlink\" href=\"https:\/\/www.hs.fi\/haku\/?query=Rados%C5%82aw%20Sikorski\" rel=\"nofollow noopener\" target=\"_blank\">Rados\u0142aw Sikorski<\/a> ja EU:n ulkopoliittinen edustaja <a class=\"article-personlink\" href=\"https:\/\/www.hs.fi\/haku\/?query=Kaja%20Kallas\" rel=\"nofollow noopener\" target=\"_blank\">Kaja Kallas<\/a>.<\/p>\n<p class=\"article-body mb-nof-24 px-nof-16\">\u201dKerroin presidentti Zelenskyin viimeaikaisten keskustelujen tuloksista ja esitin seuraavat askeleemme. Keskustelimme yksityiskohtaisesti Yhdysvaltain esitt\u00e4mist\u00e4 rauhanehdotuksista ja yhteisest\u00e4 ty\u00f6st\u00e4mme, jolla luodaan toteuttamiskelpoinen polku oikeudenmukaiseen rauhaan\u201d, Sybiha kertoi.<\/p>\n<p>Euroopan johtajat arvioivat tilannetta G20-kokouksessa<\/p>\n<p class=\"article-body mb-nof-24 px-nof-16\">Britannian p\u00e4\u00e4ministeri <a class=\"article-personlink\" href=\"https:\/\/www.hs.fi\/haku\/?query=Keir%20Starmer\" rel=\"nofollow noopener\" target=\"_blank\">Keir Starmer<\/a> kommentoi Suomen aikaa lauantain vastaisena y\u00f6n\u00e4, ett\u00e4 Etel\u00e4-Afrikan G20-kokoukseen osallistuvat eurooppalaisjohtajat tulevat keskustelemaan Ukrainan tilanteesta kokouksen aikana.<\/p>\n<p class=\"article-body mb-nof-24 px-nof-16\">My\u00f6s tasavallan presidentti <a class=\"article-personlink\" href=\"https:\/\/www.hs.fi\/haku\/?query=Alexander%20Stubb\" rel=\"nofollow noopener\" target=\"_blank\">Alexander Stubb<\/a> osallistuu G20-kokoukseen.<\/p>\n<p class=\"article-body mb-nof-24 px-nof-16\">Starmerin mukaan johtajien on m\u00e4\u00e4r\u00e4 keskustella siit\u00e4, miten &#8221;t\u00e4ysi tulitauko&#8221; varmistetaan. Tavoitteena on \u201dvahvistaa\u201d Yhdysvaltain julki tullutta rauhansuunnitelmaa.<\/p>\n<p class=\"article-body mb-nof-24 px-nof-16\">Johtajat koordinoivat tilannetta tarkasti Yhdysvaltain ja Ukrainan kanssa, Starmer sanoo.<\/p>\n","protected":false},"excerpt":{"rendered":"T\u00e4m\u00e4 tiedet\u00e4\u00e4n nyt|Ukrainan ulkoministeri keskusteli perjantai-iltana ulkoministeri Valtosen kanssa. Euroopan johtajien on m\u00e4\u00e4r\u00e4 neuvotella Ukrainasta G20-kokouksen yhteydess\u00e4. Yhdysvaltalaismedia&hellip;\n","protected":false},"author":2,"featured_media":96639,"comment_status":"","ping_status":"","sticky":false,"template":"","format":"standard","meta":{"footnotes":""},"categories":[14],"tags":[22,23,26,27,33,31,30,17,46,24,25,28,29,15,18,21,32,19,20,56,16,59,60,61],"class_list":{"0":"post-96638","1":"post","2":"type-post","3":"status-publish","4":"format-standard","5":"has-post-thumbnail","7":"category-ulkomaat","8":"tag-breaking-news","9":"tag-breakingnews","10":"tag-featured-news","11":"tag-featurednews","12":"tag-fi","13":"tag-finland","14":"tag-finnish","15":"tag-headlines","16":"tag-helsingin-sanomat","17":"tag-latest-news","18":"tag-latestnews","19":"tag-main-news","20":"tag-mainnews","21":"tag-news","22":"tag-otsikot","23":"tag-paauutiset","24":"tag-suomi","25":"tag-top-stories","26":"tag-topstories","27":"tag-ulkomaat","28":"tag-uutiset","29":"tag-world","30":"tag-world-news","31":"tag-worldnews"},"share_on_mastodon":{"url":"https:\/\/pubeurope.com\/@fi\/115590904180183214","error":""},"_links":{"self":[{"href":"https:\/\/www.europesays.com\/fi\/wp-json\/wp\/v2\/posts\/96638","targetHints":{"allow":["GET"]}}],"collection":[{"href":"https:\/\/www.europesays.com\/fi\/wp-json\/wp\/v2\/posts"}],"about":[{"href":"https:\/\/www.europesays.com\/fi\/wp-json\/wp\/v2\/types\/post"}],"author":[{"embeddable":true,"href":"https:\/\/www.europesays.com\/fi\/wp-json\/wp\/v2\/users\/2"}],"replies":[{"embeddable":true,"href":"https:\/\/www.europesays.com\/fi\/wp-json\/wp\/v2\/comments?post=96638"}],"version-history":[{"count":0,"href":"https:\/\/www.europesays.com\/fi\/wp-json\/wp\/v2\/posts\/96638\/revisions"}],"wp:featuredmedia":[{"embeddable":true,"href":"https:\/\/www.europesays.com\/fi\/wp-json\/wp\/v2\/media\/96639"}],"wp:attachment":[{"href":"https:\/\/www.europesays.com\/fi\/wp-json\/wp\/v2\/media?parent=96638"}],"wp:term":[{"taxonomy":"category","embeddable":true,"href":"https:\/\/www.europesays.com\/fi\/wp-json\/wp\/v2\/categories?post=96638"},{"taxonomy":"post_tag","embeddable":true,"href":"https:\/\/www.europesays.com\/fi\/wp-json\/wp\/v2\/tags?post=96638"}],"curies":[{"name":"wp","href":"https:\/\/api.w.org\/{rel}","templated":true}]}}