{"id":96650,"date":"2025-11-22T02:33:09","date_gmt":"2025-11-22T02:33:09","guid":{"rendered":"https:\/\/www.europesays.com\/fi\/96650\/"},"modified":"2025-11-22T02:33:09","modified_gmt":"2025-11-22T02:33:09","slug":"trumpia-vastaan-kaantynyt-marjorie-taylor-greene-jattaa-kongressin-uutisia-lyhyesti","status":"publish","type":"post","link":"https:\/\/www.europesays.com\/fi\/96650\/","title":{"rendered":"Trumpia vastaan k\u00e4\u00e4ntynyt Marjorie Taylor Greene j\u00e4tt\u00e4\u00e4 kongressin | Uutisia lyhyesti"},"content":{"rendered":"<p class=\"aw-1gybjub aw-5vja16 kEtdKx kmuxyA yle__article__paragraph\">Republikaanien \u00e4\u00e4rilaitaa edustavan kongressiedustajan ja presidentin v\u00e4lit ovat k\u00e4rjistyneet viime viikkoina julkiseksi v\u00e4lirikoksi.<\/p>\n<p><img decoding=\"async\" alt=\"Marjorie Taylor Greene puhuu punaisessa leningiss\u00e4 puhujanp\u00f6nt\u00f6ss\u00e4. Takana on Donald Trump sinisess\u00e4 puvussa ja kravatissa. P\u00f6nt\u00f6ss\u00e4 lukee Georgia.\" src=\"https:\/\/www.europesays.com\/fi\/wp-content\/uploads\/2025\/11\/39-155211069135b2d8200a.jpeg\" class=\"aw-1l9m598 hKVVvP\"\/><\/p>\n<p>Avaa kuvien katselu<\/p>\n<p>Trumpin entinen tukija ja nykyinen arvostelija Marjorie Taylor Greene ilmoitti eroavansa kongressista. Kuva: EPA-EFE<\/p>\n<p class=\"aw-1gybjub aw-1p7kakr kEtdKx cEmitX yle__article__paragraph\">Yhdysvalloissa Georgian osavaltion kongressiedustaja <strong class=\"aw-ak79eh KyCXm yle__article__strong\">Marjorie<\/strong> <strong class=\"aw-ak79eh KyCXm yle__article__strong\">Taylor<\/strong> <strong class=\"aw-ak79eh KyCXm yle__article__strong\">Greene<\/strong> kertoo j\u00e4tt\u00e4v\u00e4ns\u00e4 kongressin tammikuussa.<\/p>\n<p class=\"aw-1gybjub aw-1p7kakr kEtdKx cEmitX yle__article__paragraph\">Republikaanipuoluetta edustava Greene on ollut pitk\u00e4\u00e4n Trumpin puolustaja ja kannattaja, mutta viime viikkoina heid\u00e4n v\u00e4lins\u00e4 ovat k\u00e4rjistyneet julkiseksi v\u00e4lirikoksi.<\/p>\n<p class=\"aw-1gybjub aw-1p7kakr kEtdKx cEmitX yle__article__paragraph\">Trump veti tukensa Greenelt\u00e4 viikko sitten sen j\u00e4lkeen, kun Greene oli arvostellut Trumpia julkisesti. Greene muun muassa sanoi pit\u00e4v\u00e4ns\u00e4 h\u00e4pe\u00e4llisen\u00e4 Trumpin yrityksi\u00e4 est\u00e4\u00e4 seksuaalirikoksista tuomittuun <strong class=\"aw-ak79eh KyCXm yle__article__strong\">Jeffrey Epsteiniin<\/strong> liittyv\u00e4n aineiston julkaisun. Lis\u00e4ksi kongressiedustaja on vaatinut Trumpia keskittym\u00e4\u00e4n enemm\u00e4n kotimaan politiikkaan ulkopolitiikan sijaan.<\/p>\n<p class=\"aw-1gybjub aw-1p7kakr kEtdKx cEmitX yle__article__paragraph\">Trump vastasi kutsumalla Greenea petturiksi ja sekop\u00e4\u00e4ksi sek\u00e4 ilmoitti tukevansa t\u00e4m\u00e4n vastaehdokasta ensi vuoden vaaleissa.<\/p>\n<p class=\"aw-1gybjub aw-1p7kakr kEtdKx cEmitX yle__article__paragraph\">Greene perusteli erop\u00e4\u00e4t\u00f6st\u00e4\u00e4n tiukkasanaisella kymmenen minuutin videolla sosiaalisessa mediassa. H\u00e4n muun muassa sanoi, ettei halua vaalipiirins\u00e4 joutuvan \u201dk\u00e4ym\u00e4\u00e4n l\u00e4pi repiv\u00e4\u00e4 ja vihamielist\u00e4 esivaalia\u201d Trumpin tukemaa ehdokasta vastaan.<\/p>\n<p class=\"aw-1gybjub aw-1p7kakr kEtdKx cEmitX yle__article__paragraph\">Lis\u00e4ksi Greene sanoi videolla pit\u00e4m\u00e4ns\u00e4 ep\u00e4reiluna sit\u00e4, ett\u00e4 Trump on hy\u00f6k\u00e4nnyt h\u00e4nt\u00e4 vastaan erimielisyyksien vuoksi.<\/p>\n<p class=\"aw-1gybjub aw-1p7kakr kEtdKx cEmitX yle__article__paragraph\">\u2013 Uskollisuuden pit\u00e4isi olla molemminpuolista, ja meid\u00e4n pit\u00e4isi voida \u00e4\u00e4nest\u00e4\u00e4 omantuntomme mukaan sek\u00e4 edustaa vaalipiirimme etua, koska ty\u00f6nimikkeemme on kirjaimellisesti \u201dedustaja\u201d, Greene sanoi.<\/p>\n<p class=\"aw-1gybjub aw-1p7kakr kEtdKx cEmitX yle__article__paragraph\">Republikaanien \u00e4\u00e4rilaitaa edustava Greene tunnetaan my\u00f6s erilaisten salaliittoteorioiden kannattajana.<\/p>\n<p class=\"aw-1gybjub aw-1p7kakr kEtdKx cEmitX yle__article__paragraph\">L\u00e4hteet: AP, Reuters<\/p>\n","protected":false},"excerpt":{"rendered":"Republikaanien \u00e4\u00e4rilaitaa edustavan kongressiedustajan ja presidentin v\u00e4lit ovat k\u00e4rjistyneet viime viikkoina julkiseksi v\u00e4lirikoksi. Avaa kuvien katselu Trumpin entinen&hellip;\n","protected":false},"author":2,"featured_media":96651,"comment_status":"","ping_status":"","sticky":false,"template":"","format":"standard","meta":{"footnotes":""},"categories":[5],"tags":[22,23,26,27,33,31,30,17,24,25,28,29,15,18,21,32,19,20,56,16,619],"class_list":{"0":"post-96650","1":"post","2":"type-post","3":"status-publish","4":"format-standard","5":"has-post-thumbnail","7":"category-otsikot","8":"tag-breaking-news","9":"tag-breakingnews","10":"tag-featured-news","11":"tag-featurednews","12":"tag-fi","13":"tag-finland","14":"tag-finnish","15":"tag-headlines","16":"tag-latest-news","17":"tag-latestnews","18":"tag-main-news","19":"tag-mainnews","20":"tag-news","21":"tag-otsikot","22":"tag-paauutiset","23":"tag-suomi","24":"tag-top-stories","25":"tag-topstories","26":"tag-ulkomaat","27":"tag-uutiset","28":"tag-yhdysvallat"},"share_on_mastodon":{"url":"https:\/\/pubeurope.com\/@fi\/115591014394436719","error":""},"_links":{"self":[{"href":"https:\/\/www.europesays.com\/fi\/wp-json\/wp\/v2\/posts\/96650","targetHints":{"allow":["GET"]}}],"collection":[{"href":"https:\/\/www.europesays.com\/fi\/wp-json\/wp\/v2\/posts"}],"about":[{"href":"https:\/\/www.europesays.com\/fi\/wp-json\/wp\/v2\/types\/post"}],"author":[{"embeddable":true,"href":"https:\/\/www.europesays.com\/fi\/wp-json\/wp\/v2\/users\/2"}],"replies":[{"embeddable":true,"href":"https:\/\/www.europesays.com\/fi\/wp-json\/wp\/v2\/comments?post=96650"}],"version-history":[{"count":0,"href":"https:\/\/www.europesays.com\/fi\/wp-json\/wp\/v2\/posts\/96650\/revisions"}],"wp:featuredmedia":[{"embeddable":true,"href":"https:\/\/www.europesays.com\/fi\/wp-json\/wp\/v2\/media\/96651"}],"wp:attachment":[{"href":"https:\/\/www.europesays.com\/fi\/wp-json\/wp\/v2\/media?parent=96650"}],"wp:term":[{"taxonomy":"category","embeddable":true,"href":"https:\/\/www.europesays.com\/fi\/wp-json\/wp\/v2\/categories?post=96650"},{"taxonomy":"post_tag","embeddable":true,"href":"https:\/\/www.europesays.com\/fi\/wp-json\/wp\/v2\/tags?post=96650"}],"curies":[{"name":"wp","href":"https:\/\/api.w.org\/{rel}","templated":true}]}}