{"id":96656,"date":"2025-11-22T02:59:09","date_gmt":"2025-11-22T02:59:09","guid":{"rendered":"https:\/\/www.europesays.com\/fi\/96656\/"},"modified":"2025-11-22T02:59:09","modified_gmt":"2025-11-22T02:59:09","slug":"trumpin-ex-liittolaiselta-kova-paatos-ilta-sanomat","status":"publish","type":"post","link":"https:\/\/www.europesays.com\/fi\/96656\/","title":{"rendered":"Trumpin ex-liittolaiselta kova p\u00e4\u00e4t\u00f6s &#8211; Ilta-Sanomat"},"content":{"rendered":"<p>Greene ja presidentti Trump ajautuivat ilmiriitaan aiemmin marraskuussa.<\/p>\n<p class=\"article-body mb-nof-24 px-nof-16\">Republikaanien kongressiedustaja <a class=\"article-personlink\" href=\"https:\/\/www.is.fi\/haku\/?query=Marjorie%20Taylor%20Greene\" rel=\"nofollow noopener\" target=\"_blank\">Marjorie Taylor Greene<\/a> kertoo viestipalvelu <a class=\"article-genericlink\" href=\"https:\/\/x.com\/mtgreenee\/status\/1992037226415554642\" rel=\"nofollow\">X:ss\u00e4<\/a> j\u00e4tt\u00e4v\u00e4ns\u00e4 kongressin tammikuun alussa. Vuonna 2020 valittu Greene edustaa Georgian osavaltion 14. vaalipiiri\u00e4.<\/p>\n<p class=\"article-body mb-nof-24 px-nof-16\">H\u00e4n kertoo viimeisen p\u00e4iv\u00e4ns\u00e4 virassa olevan 5. tammikuuta.<\/p>\n<p class=\"article-body mb-nof-24 px-nof-16\">Salaliittoteorioita urallaan tukenut Greene oli pitk\u00e4\u00e4n presidentti <a class=\"article-personlink\" href=\"https:\/\/www.is.fi\/haku\/?query=Donald%20Trumpin\" rel=\"nofollow noopener\" target=\"_blank\">Donald Trumpin<\/a> uskollinen kannattaja, mutta seksuaalirikoksista tuomittuun <a class=\"article-personlink\" href=\"https:\/\/www.is.fi\/haku\/?query=Jeffrey%20Epsteiniin\" rel=\"nofollow noopener\" target=\"_blank\">Jeffrey Epsteiniin<\/a> liittyv\u00e4 kohu ajoi kaksikon lopulliseen v\u00e4lirikkoon.<\/p>\n<p class=\"article-body mb-nof-24 px-nof-16\">Trump kutsui Greenen erop\u00e4\u00e4t\u00f6st\u00e4 \u201dmahtavaksi uutiseksi\u201d, uutistoimisto Reuters kertoo.<\/p>\n<p class=\"article-body mb-nof-24 px-nof-16\">Trump ilmoitti aiemmin marraskuussa vet\u00e4v\u00e4ns\u00e4 tukensa Greenelt\u00e4, koska t\u00e4m\u00e4 arvosteli Trumpia julkisuudessa. H\u00e4n kutsui Greene\u00e4 muun muassa sekop\u00e4\u00e4ksi, \u00e4\u00e4rivasemmistolaiseksi ja petturiksi.<\/p>\n<p class=\"article-body mb-nof-24 px-nof-16\">Greene piti h\u00e4pe\u00e4llisen\u00e4 Trumpin p\u00e4\u00e4t\u00f6st\u00e4 olla julkaisematta niin kutsuttuja Epstein-asiakirjoja. Greene sanoi <a class=\"article-genericlink\" href=\"https:\/\/www.cbsnews.com\/news\/marjorie-taylor-greene-trump-epstein-files-interview\/\" rel=\"nofollow noopener\" target=\"_blank\">CBS:n haastattelussa<\/a> 14. marraskuuta, ett\u00e4 Trumpin kielto julkistaa Epstein-aineisto on valtava laskelmointivirhe. Greene on aiemmin t\u00e4n\u00e4 vuonna kritisoinut muutakin Trumpin politiikkaa, kuten Yhdysvaltain kes\u00e4kuisia iskuja Iraniin.<\/p>\n<p class=\"article-body mb-nof-24 px-nof-16\">Sittemmin Yhdysvaltain kongressi ja Trump hyv\u00e4ksyiv\u00e4t asiakirjojen julkaisun.<\/p>\n<p class=\"article-body mb-nof-24 px-nof-16\">Greene julkaisi asiasta X:ss\u00e4 yli kymmenminuuttisen videon. Videolla h\u00e4n kertoo, ettei h\u00e4n halua k\u00e4yd\u00e4 l\u00e4pi esivaalia Trumpin tukemaa ehdokasta vastaan.<\/p>\n<p class=\"article-body mb-nof-24 px-nof-16\">H\u00e4n julkaisi my\u00f6s tekstimuotoisen lausunnon. H\u00e4n kritisoi lausunnossaan sek\u00e4 demokraatteja ett\u00e4 republikaaneja.<\/p>\n<p class=\"article-body mb-nof-24 px-nof-16\">H\u00e4nen mukaansa tavallisilla amerikkalaisilla on todellinen valta, mutta \u201dmolempien puolueiden poliittisteollinen kompleksi\u201d repii maata hajalle. Sek\u00e4 republikaaneja ett\u00e4 demokraatteja vastaan esitetty kritiikki on kohdistanut Greeneen muun muassa vihaa, valheita ja tappouhkauksia, h\u00e4n kirjoittaa.<\/p>\n<p class=\"article-body mb-nof-24 px-nof-16\">\u2013\u2009Se on ep\u00e4reilua ja v\u00e4\u00e4rin, ei ainoastaan minua ja varsinkin perhett\u00e4ni kohtaan, mutta my\u00f6s vaalipiiri\u00e4ni kohtaan.<\/p>\n","protected":false},"excerpt":{"rendered":"Greene ja presidentti Trump ajautuivat ilmiriitaan aiemmin marraskuussa. Republikaanien kongressiedustaja Marjorie Taylor Greene kertoo viestipalvelu X:ss\u00e4 j\u00e4tt\u00e4v\u00e4ns\u00e4 kongressin&hellip;\n","protected":false},"author":2,"featured_media":96657,"comment_status":"","ping_status":"","sticky":false,"template":"","format":"standard","meta":{"footnotes":""},"categories":[5],"tags":[22,23,26,27,33,31,30,17,34,24,25,28,29,15,18,21,32,19,20,16],"class_list":{"0":"post-96656","1":"post","2":"type-post","3":"status-publish","4":"format-standard","5":"has-post-thumbnail","7":"category-otsikot","8":"tag-breaking-news","9":"tag-breakingnews","10":"tag-featured-news","11":"tag-featurednews","12":"tag-fi","13":"tag-finland","14":"tag-finnish","15":"tag-headlines","16":"tag-ilta-sanomat","17":"tag-latest-news","18":"tag-latestnews","19":"tag-main-news","20":"tag-mainnews","21":"tag-news","22":"tag-otsikot","23":"tag-paauutiset","24":"tag-suomi","25":"tag-top-stories","26":"tag-topstories","27":"tag-uutiset"},"share_on_mastodon":{"url":"https:\/\/pubeurope.com\/@fi\/115591116458736991","error":""},"_links":{"self":[{"href":"https:\/\/www.europesays.com\/fi\/wp-json\/wp\/v2\/posts\/96656","targetHints":{"allow":["GET"]}}],"collection":[{"href":"https:\/\/www.europesays.com\/fi\/wp-json\/wp\/v2\/posts"}],"about":[{"href":"https:\/\/www.europesays.com\/fi\/wp-json\/wp\/v2\/types\/post"}],"author":[{"embeddable":true,"href":"https:\/\/www.europesays.com\/fi\/wp-json\/wp\/v2\/users\/2"}],"replies":[{"embeddable":true,"href":"https:\/\/www.europesays.com\/fi\/wp-json\/wp\/v2\/comments?post=96656"}],"version-history":[{"count":0,"href":"https:\/\/www.europesays.com\/fi\/wp-json\/wp\/v2\/posts\/96656\/revisions"}],"wp:featuredmedia":[{"embeddable":true,"href":"https:\/\/www.europesays.com\/fi\/wp-json\/wp\/v2\/media\/96657"}],"wp:attachment":[{"href":"https:\/\/www.europesays.com\/fi\/wp-json\/wp\/v2\/media?parent=96656"}],"wp:term":[{"taxonomy":"category","embeddable":true,"href":"https:\/\/www.europesays.com\/fi\/wp-json\/wp\/v2\/categories?post=96656"},{"taxonomy":"post_tag","embeddable":true,"href":"https:\/\/www.europesays.com\/fi\/wp-json\/wp\/v2\/tags?post=96656"}],"curies":[{"name":"wp","href":"https:\/\/api.w.org\/{rel}","templated":true}]}}