{"id":96658,"date":"2025-11-22T03:18:08","date_gmt":"2025-11-22T03:18:08","guid":{"rendered":"https:\/\/www.europesays.com\/fi\/96658\/"},"modified":"2025-11-22T03:18:08","modified_gmt":"2025-11-22T03:18:08","slug":"ruotsin-hiihtolupaus-karaytettiin-ja-hylattiin-uskomattomasta-syysta-repesi-raivo","status":"publish","type":"post","link":"https:\/\/www.europesays.com\/fi\/96658\/","title":{"rendered":"Ruotsin hiihtolupaus k\u00e4r\u00e4ytettiin ja hyl\u00e4ttiin \u2013 uskomattomasta syyst\u00e4 repesi raivo"},"content":{"rendered":"<p>Alvar Myhlback t\u00f6rm\u00e4si ep\u00e4oikeudenmukaiselta tuntuvaan tilanteeseen.<\/p>\n<p>21.11. 21:13<\/p>\n<p class=\"article-body mb-nof-24 px-nof-16\">Pitkien matkojen spesialistina tunnettu ruotsalaishiiht\u00e4j\u00e4 <a class=\"article-personlink\" href=\"https:\/\/www.is.fi\/haku\/?query=Alvar%20Myhlback\" rel=\"nofollow noopener\" target=\"_blank\">Alvar Myhlback<\/a>, 19, yll\u00e4tti J\u00e4llivaaran kisojen sprintiss\u00e4 perjantaina.<\/p>\n<p class=\"article-body mb-nof-24 px-nof-16\">H\u00e4n n\u00e4ytti selviytyneen jatkoon v\u00e4lierist\u00e4, mutta sitten tuli sein\u00e4 vastaan: ruotsalainen hyl\u00e4ttiin varasl\u00e4hd\u00f6n takia.<\/p>\n<p class=\"article-body mb-nof-24 px-nof-16\">Varasl\u00e4ht\u00f6 toi Myhlbackille toisen varoituksen, mink\u00e4 takia h\u00e4net poistettiin kisasta.<\/p>\n<p class=\"article-body mb-nof-24 px-nof-16\">Varsinainen kalabaliikki nousi siit\u00e4, ett\u00e4 Myhlback oli saanut ensimm\u00e4isen varoituksensa aikaisemmin Alliansloppet-rullahiihtokisassa. P\u00e4\u00e4t\u00f6st\u00e4 pidettiin k\u00e4sitt\u00e4m\u00e4tt\u00f6m\u00e4n\u00e4.<\/p>\n<p class=\"article-body mb-nof-24 px-nof-16\">\u2013\u2009 Mielipuolista, ett\u00e4 se [varoitus rullahiihdossa] seuraa kauteen. S\u00e4\u00e4nt\u00f6j\u00e4 pit\u00e4\u00e4 noudattaa, mutta t\u00e4m\u00e4 on t\u00e4ysin \u00e4lyt\u00f6nt\u00e4, asiantuntija <a class=\"article-personlink\" href=\"https:\/\/www.is.fi\/haku\/?query=Anders%20Blomquist\" rel=\"nofollow noopener\" target=\"_blank\">Anders Blomquist<\/a> sanoi suuttuneena <a class=\"article-genericlink\" href=\"https:\/\/www.svt.se\/sport\/langdskidor\/alvar-myhlback-diskad-i-sprinten-i-gallivare-surt\" rel=\"nofollow noopener\" target=\"_blank\">SVT<\/a>:ll\u00e4.<\/p>\n<p class=\"article-body mb-nof-24 px-nof-16\">My\u00f6s Myhlbackin ulosanti oli melko kaukana kaunopuheisuudesta.<\/p>\n<p class=\"article-body mb-nof-24 px-nof-16\">\u2013\u2009Niin v***n outoa. T\u00e4m\u00e4 oli paska kisa. Katkeraa. Minusta tuntui hyv\u00e4lt\u00e4, enk\u00e4 usko, ett\u00e4 kukaan olisi voittanut minua t\u00e4n\u00e4\u00e4n, h\u00e4n sanoi SVT:n mukaan.<\/p>\n<p class=\"article-body mb-nof-24 px-nof-16\">Finaalin voittajaksi hiihti <a class=\"article-personlink\" href=\"https:\/\/www.is.fi\/haku\/?query=Anton%20Grahn\" rel=\"nofollow noopener\" target=\"_blank\">Anton Grahn<\/a>.<\/p>\n<p class=\"article-body mb-nof-24 px-nof-16\">Myhlbackia pidet\u00e4\u00e4n hiihdon suurlupauksena.<\/p>\n<p class=\"article-body mb-nof-24 px-nof-16\">H\u00e4n ei p\u00e4\u00e4ssyt n\u00e4ytt\u00e4m\u00e4\u00e4n kykyj\u00e4\u00e4n J\u00e4llivaaran sprinttifinaalissa, mutta pitkilt\u00e4 matkoilta l\u00f6ytyy n\u00e4ytt\u00f6j\u00e4. H\u00e4n esimerkiksi voitti viime kev\u00e4\u00e4n\u00e4 90 kilometri\u00e4 pitk\u00e4n Vasaloppet-kilpailun.<\/p>\n<p class=\"article-body mb-nof-24 px-nof-16\">Hiiht\u00e4j\u00e4 oli silloin vasta 18-vuotias.<\/p>\n","protected":false},"excerpt":{"rendered":"Alvar Myhlback t\u00f6rm\u00e4si ep\u00e4oikeudenmukaiselta tuntuvaan tilanteeseen. 21.11. 21:13 Pitkien matkojen spesialistina tunnettu ruotsalaishiiht\u00e4j\u00e4 Alvar Myhlback, 19, yll\u00e4tti J\u00e4llivaaran&hellip;\n","protected":false},"author":2,"featured_media":96659,"comment_status":"","ping_status":"","sticky":false,"template":"","format":"standard","meta":{"footnotes":""},"categories":[158],"tags":[33,31,30,34,159,32,160],"class_list":{"0":"post-96658","1":"post","2":"type-post","3":"status-publish","4":"format-standard","5":"has-post-thumbnail","7":"category-urheilu","8":"tag-fi","9":"tag-finland","10":"tag-finnish","11":"tag-ilta-sanomat","12":"tag-sports","13":"tag-suomi","14":"tag-urheilu"},"share_on_mastodon":{"url":"https:\/\/pubeurope.com\/@fi\/115591191142002154","error":""},"_links":{"self":[{"href":"https:\/\/www.europesays.com\/fi\/wp-json\/wp\/v2\/posts\/96658","targetHints":{"allow":["GET"]}}],"collection":[{"href":"https:\/\/www.europesays.com\/fi\/wp-json\/wp\/v2\/posts"}],"about":[{"href":"https:\/\/www.europesays.com\/fi\/wp-json\/wp\/v2\/types\/post"}],"author":[{"embeddable":true,"href":"https:\/\/www.europesays.com\/fi\/wp-json\/wp\/v2\/users\/2"}],"replies":[{"embeddable":true,"href":"https:\/\/www.europesays.com\/fi\/wp-json\/wp\/v2\/comments?post=96658"}],"version-history":[{"count":0,"href":"https:\/\/www.europesays.com\/fi\/wp-json\/wp\/v2\/posts\/96658\/revisions"}],"wp:featuredmedia":[{"embeddable":true,"href":"https:\/\/www.europesays.com\/fi\/wp-json\/wp\/v2\/media\/96659"}],"wp:attachment":[{"href":"https:\/\/www.europesays.com\/fi\/wp-json\/wp\/v2\/media?parent=96658"}],"wp:term":[{"taxonomy":"category","embeddable":true,"href":"https:\/\/www.europesays.com\/fi\/wp-json\/wp\/v2\/categories?post=96658"},{"taxonomy":"post_tag","embeddable":true,"href":"https:\/\/www.europesays.com\/fi\/wp-json\/wp\/v2\/tags?post=96658"}],"curies":[{"name":"wp","href":"https:\/\/api.w.org\/{rel}","templated":true}]}}