{"id":96660,"date":"2025-11-22T03:24:11","date_gmt":"2025-11-22T03:24:11","guid":{"rendered":"https:\/\/www.europesays.com\/fi\/96660\/"},"modified":"2025-11-22T03:24:11","modified_gmt":"2025-11-22T03:24:11","slug":"junaan-heitettiin-savupommi-paikalliset","status":"publish","type":"post","link":"https:\/\/www.europesays.com\/fi\/96660\/","title":{"rendered":"Junaan heitettiin savupommi | Paikalliset"},"content":{"rendered":"<p>Malmin asemalla olevaan junaan heitettiin perjantaina (21. marraskuuta) hieman puolen p\u00e4iv\u00e4n j\u00e4lkeen todenn\u00e4k\u00f6isesti savupommi.<\/p>\n<p><strong class=\"diks-storyline__impact\">Juna<\/strong> oli saapunut p\u00e4ivyst\u00e4v\u00e4n palomestarin <strong>Toni Kannikosken <\/strong>mukaan asemalle, kun outo v\u00e4likohtaus tapahtui.<\/p>\n<p>\u2013 Kyseess\u00e4 on ollut jonkinlainen savupommi, kranaatti tai panos. Poliisi varmastikin tutkii tapausta.<\/p>\n<p><strong class=\"diks-storyline__impact\">Pelastuslaitos<\/strong> sai h\u00e4lytyksen paikalle kello 12.11. Paikan p\u00e4\u00e4lle l\u00e4hdettiin yhteens\u00e4 11 yksik\u00f6n voimin.<\/p>\n<p>\u2013\u2009H\u00e4lytys tuli meille teht\u00e4v\u00e4n\u00e4 liikennepalo suuri. Melko nopeasti se tarkentui keskisuureksi. Loppujen lopuksi yksi yksikk\u00f6 j\u00e4i hoitamaan sen loppuun, Kannikoski sanoo.<\/p>\n<p>Pelastuslaitos tarkisti vaunut. Juna siirrettiin t\u00e4m\u00e4n j\u00e4lkeen varikolle.<\/p>\n<p><strong class=\"diks-storyline__impact\">Kannikoski <\/strong>kuvailee tapahtunutta harvinaiseksi.<\/p>\n<p>\u2013\u2009Ilotulitteita on ollut joskus, mutta en muista, ett\u00e4 t\u00e4llaista olisi tapahtunut kuin ehk\u00e4 kerran aikaisemmin koko urani aikana. Hyvin harvinainen tapaus.<\/p>\n<p>Kannikoski kertoo olleensa alalla noin 20 vuotta.<\/p>\n","protected":false},"excerpt":{"rendered":"Malmin asemalla olevaan junaan heitettiin perjantaina (21. marraskuuta) hieman puolen p\u00e4iv\u00e4n j\u00e4lkeen todenn\u00e4k\u00f6isesti savupommi. Juna oli saapunut p\u00e4ivyst\u00e4v\u00e4n&hellip;\n","protected":false},"author":2,"featured_media":96661,"comment_status":"","ping_status":"","sticky":false,"template":"","format":"standard","meta":{"footnotes":""},"categories":[12],"tags":[22,23,26,27,33,31,30,17,7354,2187,24,25,121,28,29,15,837,18,21,123,32,19,20,546,16],"class_list":{"0":"post-96660","1":"post","2":"type-post","3":"status-publish","4":"format-standard","5":"has-post-thumbnail","7":"category-suomi","8":"tag-breaking-news","9":"tag-breakingnews","10":"tag-featured-news","11":"tag-featurednews","12":"tag-fi","13":"tag-finland","14":"tag-finnish","15":"tag-headlines","16":"tag-ilotulitus","17":"tag-kulkuneuvot","18":"tag-latest-news","19":"tag-latestnews","20":"tag-liikenne-ja-kuljetus","21":"tag-main-news","22":"tag-mainnews","23":"tag-news","24":"tag-onnettomuudet","25":"tag-otsikot","26":"tag-paauutiset","27":"tag-palo-ja-pelastustoimi","28":"tag-suomi","29":"tag-top-stories","30":"tag-topstories","31":"tag-turvallisuus","32":"tag-uutiset"},"share_on_mastodon":{"url":"https:\/\/pubeurope.com\/@fi\/115591215018447009","error":""},"_links":{"self":[{"href":"https:\/\/www.europesays.com\/fi\/wp-json\/wp\/v2\/posts\/96660","targetHints":{"allow":["GET"]}}],"collection":[{"href":"https:\/\/www.europesays.com\/fi\/wp-json\/wp\/v2\/posts"}],"about":[{"href":"https:\/\/www.europesays.com\/fi\/wp-json\/wp\/v2\/types\/post"}],"author":[{"embeddable":true,"href":"https:\/\/www.europesays.com\/fi\/wp-json\/wp\/v2\/users\/2"}],"replies":[{"embeddable":true,"href":"https:\/\/www.europesays.com\/fi\/wp-json\/wp\/v2\/comments?post=96660"}],"version-history":[{"count":0,"href":"https:\/\/www.europesays.com\/fi\/wp-json\/wp\/v2\/posts\/96660\/revisions"}],"wp:featuredmedia":[{"embeddable":true,"href":"https:\/\/www.europesays.com\/fi\/wp-json\/wp\/v2\/media\/96661"}],"wp:attachment":[{"href":"https:\/\/www.europesays.com\/fi\/wp-json\/wp\/v2\/media?parent=96660"}],"wp:term":[{"taxonomy":"category","embeddable":true,"href":"https:\/\/www.europesays.com\/fi\/wp-json\/wp\/v2\/categories?post=96660"},{"taxonomy":"post_tag","embeddable":true,"href":"https:\/\/www.europesays.com\/fi\/wp-json\/wp\/v2\/tags?post=96660"}],"curies":[{"name":"wp","href":"https:\/\/api.w.org\/{rel}","templated":true}]}}