{"id":96662,"date":"2025-11-22T03:25:14","date_gmt":"2025-11-22T03:25:14","guid":{"rendered":"https:\/\/www.europesays.com\/fi\/96662\/"},"modified":"2025-11-22T03:25:14","modified_gmt":"2025-11-22T03:25:14","slug":"ilveksen-uskomaton-black-week-ja-black-friday-2025-tampereen-ilves","status":"publish","type":"post","link":"https:\/\/www.europesays.com\/fi\/96662\/","title":{"rendered":"Ilveksen uskomaton Black Week ja Black Friday 2025! \u2013 Tampereen Ilves"},"content":{"rendered":"<p><strong>Ilves viett\u00e4\u00e4 t\u00e4n\u00e4 vuonna Black Weeki\u00e4 ja Black Fridayta uskomattomilla tarjouksilla!<\/strong><\/p>\n<p>Suosituimmat kannattajatuotteet, otteluliput ja VIP-el\u00e4mykset kannattaa napata ostoskoriin heti tarjousten astuessa voimaan, sill\u00e4 kaikkia tuotteita on myynniss\u00e4 rajoitettu m\u00e4\u00e4r\u00e4.<\/p>\n<p>Black Week -tarjoukset ovat voimassa <strong>maanantaista 24.11.2025 klo 00:01 sunnuntaihin 30.11.2025 klo 23:59<\/strong> saakka tai niin kauan kuin kampanjaan varattuja tuotteita on saatavilla! Lis\u00e4ksi Ilves-Kaupan Black Friday on voimassa VAIN perjantaina 28.11.2025 klo 00:01\u201323:59!<\/p>\n<p><a href=\"https:\/\/ilves.lippu.fi\/?utm_source=ilves.com_artikkeli&amp;utm_medium=click_cta_lippu&amp;utm_campaign=blackweek\" rel=\"nofollow noopener\" target=\"_blank\"><img loading=\"lazy\" decoding=\"async\" class=\"alignnone size-com-1920-artikkeli wp-image-66706\" src=\"https:\/\/www.europesays.com\/fi\/wp-content\/uploads\/2025\/11\/Ilves_BlackWeek_otteluliput_1920x1080-1500x844.jpg\" alt=\"\" width=\"1300\" height=\"731\"  \/><\/a><br \/>\n<strong>Black Weekin katsomolipputarjoukset<\/strong><\/p>\n<p>Kahteen tulevaan huippuotteluun on tarjolla<strong> -50 %<\/strong> alennus kaikkien kategorioiden normaalihintaisista aikuisten lipuista! Ilves-Pelicans -ottelu pelataan jo Black Weekin aikana, joten osta lippusi nyt:<\/p>\n<p>Lis\u00e4ksi Ilves-HPK -otteluun p\u00e4\u00e4set hy\u00f6dynt\u00e4m\u00e4\u00e4n kaikkien kategorioiden normaalihintaisten aikuisten lippujen <strong>2 lippua 1 hinnalla<\/strong> -tarjouksen!<\/p>\n<p><a class=\"w-btn us-btn-style_1\" href=\"https:\/\/ilves.lippu.fi\/?utm_source=ilves.com_artikkeli&amp;utm_medium=click_cta_lippu&amp;utm_campaign=blackweek\" target=\"_blank\" rel=\"noopener nofollow\">LIPPUKAUPPAAN<\/a><\/p>\n<p><a href=\"https:\/\/ilves.lippu.fi\/\" rel=\"nofollow noopener\" target=\"_blank\"><img loading=\"lazy\" decoding=\"async\" class=\"alignnone wp-image-66782 size-full\" src=\"https:\/\/www.europesays.com\/fi\/wp-content\/uploads\/2025\/11\/Ilves_BlackWeek_aitiot_1920x1080-1.jpg\" alt=\"\" width=\"1920\" height=\"1080\"  \/><\/a><br \/>\n<strong>Black Weekin aitiotarjoukset<\/strong><\/p>\n<p>Nokia Arenan aitiot tarjoavat ainutlaatuisen tavan kokea otteluilta. Nyt saat t\u00e4m\u00e4n unohtumattoman kokemuksen Black Weekin kampanjahintaan! Aitiovuokra vain 499 \u20ac (sis. alv) + aitioliput (norm. aitiovuokra 600-700 \u20ac) seuraaviin otteluihin:<\/p>\n<p>Aitioliput n\u00e4ihin otteluihin alkaen 27 \u20ac\/kpl. Esimerkiksi 15 hengen aitiolle kokonaishinta on 904 \u20ac eli vain n. <strong>60 \u20ac\/hl\u00f6<\/strong>! Kampanja-aitioita on rajoitettu m\u00e4\u00e4r\u00e4. Lis\u00e4tietoa aitioista l\u00f6yd\u00e4t t\u00e4\u00e4lt\u00e4: <a href=\"https:\/\/www.ilves.com\/aitiot-otteluihin\/\" rel=\"nofollow noopener\" target=\"_blank\">ilves.com\/aitiot-otteluihin<\/a><\/p>\n<p>Black Week laajentaa aitiotarjoukset my\u00f6s Nokia Arenan muihin huipputapahtumiin! Aitiovuokra vain 400 \u20ac (sis. alv) + aitioliput (norm. aitiovuokra 1000 \u20ac) seuraaviin tapahtumiin:<\/p>\n<ul>\n<li>Pe 5.12. Suomirockin juhlaa: Kolmas Nainen &amp; Leavings-Orkesteri K-18 (aitioliput 59,90 \u20ac\/kpl) | <a href=\"https:\/\/ilves.lippu.fi\/event\/Suomirockin-juhlaa:-Kolmas-Nainen-ja-Leavings-Orkesteri-K-18\/158582\/376354\/skyboxes?utm_source=ilves.com_artikkeli&amp;utm_medium=click_cta_lippu&amp;utm_campaign=blackweek\" rel=\"nofollow noopener\" target=\"_blank\">Varaa aitio t\u00e4st\u00e4<\/a><\/li>\n<li>La 13.12. Raskasta Joulua (aitioliput 59,90 \u20ac\/kpl) | <a href=\"https:\/\/ilves.lippu.fi\/event\/Raskasta-Joulua\/156995\/371746\/details?utm_source=ilves.com_artikkeli&amp;utm_medium=click_cta_lippu&amp;utm_campaign=blackweek\" rel=\"nofollow noopener\" target=\"_blank\">Varaa aitio t\u00e4st\u00e4<\/a><\/li>\n<li>La 27.12. Ismo Leikola \u2013 Ajatusleikki K-16 (aitioliput 56,10 \u20ac\/kpl) | <a href=\"https:\/\/ilves.lippu.fi\/event\/Ismo-Leikola-Ajatusleikki-K-16\/153120\/358617\/details?utm_source=ilves.com_artikkeli&amp;utm_medium=click_cta_lippu&amp;utm_campaign=blackweek\" rel=\"nofollow noopener\" target=\"_blank\">Varaa aitio t\u00e4st\u00e4<\/a><\/li>\n<\/ul>\n<p><a class=\"w-btn us-btn-style_1\" href=\"https:\/\/ilves.lippu.fi\/?utm_source=ilves.com_artikkeli&amp;utm_medium=click_cta_lippu&amp;utm_campaign=blackweek\" target=\"_blank\" rel=\"noopener nofollow\">LIPPUKAUPPAAN<\/a><\/p>\n<p><a href=\"https:\/\/kauppa.ilves.com\/black-week?utm_source=ilves.com_artikkeli&amp;utm_medium=click_cta_lippu&amp;utm_campaign=blackweek\" rel=\"nofollow noopener\" target=\"_blank\"><img loading=\"lazy\" decoding=\"async\" class=\"alignnone size-com-1920-artikkeli wp-image-66709\" src=\"https:\/\/www.europesays.com\/fi\/wp-content\/uploads\/2025\/11\/Ilves_BlackWeek_Kauppa_banner-1500x844.jpg\" alt=\"\" width=\"1300\" height=\"731\"  \/><\/a><br \/>\n<strong>Ilves-Kaupan Black Week ja Black Friday -tarjoukset<\/strong><\/p>\n<p>Ilves-Kauppa tarjoaa Black Weekin 24.-30.11. aikana upeita<strong> jopa -70 %<\/strong> alennuksia sek\u00e4 <strong>maksuttoman toimituksen<\/strong> yli 50 \u20ac:n tilauksiin! Kaikki tarjoukset l\u00f6yd\u00e4t Black Week -kategoriasta, joka tulee n\u00e4kyville verkkokauppaan heti kun kello k\u00e4y maanantain puolta: <a href=\"https:\/\/kauppa.ilves.com\/black-week?utm_source=ilves.com_artikkeli&amp;utm_medium=click_cta_lippu&amp;utm_campaign=blackweek\" rel=\"nofollow noopener\" target=\"_blank\">kauppa.ilves.com\/black-week.<\/a> HUOM! Black Week -tarjoukset ovat voimassa vain verkkokaupassa.<\/p>\n<p>Lis\u00e4ksi itse mustana perjantaina 28.11.2025 verkkokaupan l\u00e4hes KAIKKI tuotteet ovat Black Fridayn kunniaksi<strong>\u00a0-25 % alennuksessa<\/strong>! Poikkeuksena ovat <a href=\"https:\/\/kauppa.ilves.com\/tuote-osasto\/pelipaidat\/\" rel=\"nofollow noopener\" target=\"_blank\">Replica- ja kannattajapaidat<\/a>, jotka ovat<strong> -20 %<\/strong> alennuksessa. Black Friday tarjoukset ovat voimassa perjantaina my\u00f6s Ilves-Kaupan Nokia Arenan myym\u00e4l\u00e4ss\u00e4. Myym\u00e4l\u00e4 on perjantaina poikkeuksellisesti avoinna Tappara-Ilves -ottelun alkamiseen saakka klo 11-19:30.<\/p>\n<p><strong>Parhaat tarjoukset vied\u00e4\u00e4n k\u00e4sist\u00e4 heti kampanjan k\u00e4ynnistytty\u00e4, joten nyt kannattaa olla valmiina!<\/strong><\/p>\n<p><a class=\"w-btn us-btn-style_1\" href=\"https:\/\/kauppa.ilves.com\/?utm_source=ilves.com_artikkeli&amp;utm_medium=click_cta_lippu&amp;utm_campaign=blackweek\" target=\"_blank\" rel=\"noopener nofollow\">ILVES-KAUPPAAN<\/a><\/p>\n","protected":false},"excerpt":{"rendered":"Ilves viett\u00e4\u00e4 t\u00e4n\u00e4 vuonna Black Weeki\u00e4 ja Black Fridayta uskomattomilla tarjouksilla! Suosituimmat kannattajatuotteet, otteluliput ja VIP-el\u00e4mykset kannattaa napata&hellip;\n","protected":false},"author":2,"featured_media":96663,"comment_status":"","ping_status":"","sticky":false,"template":"","format":"standard","meta":{"footnotes":""},"categories":[5],"tags":[22,23,26,27,33,31,30,17,24,25,28,29,15,18,21,32,19,20,16],"class_list":{"0":"post-96662","1":"post","2":"type-post","3":"status-publish","4":"format-standard","5":"has-post-thumbnail","7":"category-otsikot","8":"tag-breaking-news","9":"tag-breakingnews","10":"tag-featured-news","11":"tag-featurednews","12":"tag-fi","13":"tag-finland","14":"tag-finnish","15":"tag-headlines","16":"tag-latest-news","17":"tag-latestnews","18":"tag-main-news","19":"tag-mainnews","20":"tag-news","21":"tag-otsikot","22":"tag-paauutiset","23":"tag-suomi","24":"tag-top-stories","25":"tag-topstories","26":"tag-uutiset"},"share_on_mastodon":{"url":"https:\/\/pubeurope.com\/@fi\/115591218942234596","error":""},"_links":{"self":[{"href":"https:\/\/www.europesays.com\/fi\/wp-json\/wp\/v2\/posts\/96662","targetHints":{"allow":["GET"]}}],"collection":[{"href":"https:\/\/www.europesays.com\/fi\/wp-json\/wp\/v2\/posts"}],"about":[{"href":"https:\/\/www.europesays.com\/fi\/wp-json\/wp\/v2\/types\/post"}],"author":[{"embeddable":true,"href":"https:\/\/www.europesays.com\/fi\/wp-json\/wp\/v2\/users\/2"}],"replies":[{"embeddable":true,"href":"https:\/\/www.europesays.com\/fi\/wp-json\/wp\/v2\/comments?post=96662"}],"version-history":[{"count":0,"href":"https:\/\/www.europesays.com\/fi\/wp-json\/wp\/v2\/posts\/96662\/revisions"}],"wp:featuredmedia":[{"embeddable":true,"href":"https:\/\/www.europesays.com\/fi\/wp-json\/wp\/v2\/media\/96663"}],"wp:attachment":[{"href":"https:\/\/www.europesays.com\/fi\/wp-json\/wp\/v2\/media?parent=96662"}],"wp:term":[{"taxonomy":"category","embeddable":true,"href":"https:\/\/www.europesays.com\/fi\/wp-json\/wp\/v2\/categories?post=96662"},{"taxonomy":"post_tag","embeddable":true,"href":"https:\/\/www.europesays.com\/fi\/wp-json\/wp\/v2\/tags?post=96662"}],"curies":[{"name":"wp","href":"https:\/\/api.w.org\/{rel}","templated":true}]}}