{"id":96664,"date":"2025-11-22T03:44:10","date_gmt":"2025-11-22T03:44:10","guid":{"rendered":"https:\/\/www.europesays.com\/fi\/96664\/"},"modified":"2025-11-22T03:44:10","modified_gmt":"2025-11-22T03:44:10","slug":"ilveksen-u20-joukkue-nousi-sarjakarkeen-murskaamalla-assat-edellisesta-kerrasta-lahes-kymmenen-vuotta-jatkoaika-com","status":"publish","type":"post","link":"https:\/\/www.europesays.com\/fi\/96664\/","title":{"rendered":"Ilveksen U20-joukkue nousi sarjak\u00e4rkeen murskaamalla \u00c4ss\u00e4t \u2013 edellisest\u00e4 kerrasta l\u00e4hes kymmenen vuotta &#8211; Jatkoaika.com"},"content":{"rendered":"<ol>\n<li><a href=\"https:\/\/news.google.com\/rss\/articles\/CBMiiAJBVV95cUxObXB1YTFMSmNoRVNoSDBMNF9Fbnp5YXprVThqWGI0aFRoUnJIQTU1M1R2X1NzbjBKUi1idHB2TE91ei1KOUEzQ3JTSldVaTV0cHBvWGpEU2tUUXVkUmVVSEJIblF6TnhDQVM4Ty1INGltZkNGRjdGUVQyaDJiLU0zZTNVUlNIa0kxWVR6OWRZTHd5aDFHY082bjhBblRSaUhJU0gyakJXd2gweHVJR2tqWl9Dd2pyZkUyVXNHVTRNV0JJakpma2hBR0NSRWU2Vmw2eTlINU1lTnU5LVFoUHR2MWU5RERSa0lIYzVOWkFfaDZJTDFrb052TUlVV0JkZnFaWmczMDZPV0Y?oc=5\" target=\"_blank\" rel=\"nofollow noopener\">Ilveksen U20-joukkue nousi sarjak\u00e4rkeen murskaamalla \u00c4ss\u00e4t \u2013 edellisest\u00e4 kerrasta l\u00e4hes kymmenen vuotta<\/a>&nbsp;&nbsp;Jatkoaika.com<\/li>\n<li><a href=\"https:\/\/news.google.com\/rss\/articles\/CBMicEFVX3lxTE15M05BOExIaWl5REg0WWdLdU92d1R1SEVtbmhleEF1em9Ya3NJZ05zOVJQWmg4LTVIM0lqaWU1UU9CTTZJcVEyTXNNckpIMG5PeHdHd0hsMTgyRVNnSnJLUllKRXpCOE9ac2ZDY24tckI?oc=5\" target=\"_blank\" rel=\"nofollow noopener\">U20 | \u00c4ssien pitk\u00e4 voittoputki katkesi melkoisella selk\u00e4saunalla<\/a>&nbsp;&nbsp;Satakunnan Kansa<\/li>\n<li><a href=\"https:\/\/news.google.com\/rss\/articles\/CBMibkFVX3lxTE1obXFQemE1U0NUZDltY2lzb1JETlg5XzVsR0hFRy1WTm5lLVNoR0hBXy1qYllLaXZ5WkpfZzZHZnA2WklxTkl3UWs2UXo1VTB3SjI2VXItOVFubGJ1N29HNXpPcUtKWWtZUEtnYUNn?oc=5\" target=\"_blank\" rel=\"nofollow noopener\">Ilveksen A-pojat k\u00e4rkiryhm\u00e4 \u00c4ssien kintereill\u00e4 vahvassa voittoputkessa, Tappara yhdentoista pisteen p\u00e4\u00e4ss\u00e4 SM-sarjan piikkipaikasta<\/a>&nbsp;&nbsp;Aamulehti<\/li>\n<li><a href=\"https:\/\/news.google.com\/rss\/articles\/CBMiYEFVX3lxTE9pOUU0SnY2SVBDVFVFOWdPVGdtZ1NOd09uVUREUlY5NTdSY0JaNHhFQkNzRFhKeU4xN05rYjFlZGo4OFhKcHM5MUxidDFacVR5M3J5T1l1Y3JZdjV2N0g3Nw?oc=5\" target=\"_blank\" rel=\"nofollow noopener\">U20: Ilves nousi sarjak\u00e4rkeen<\/a>&nbsp;&nbsp;Ilves<\/li>\n<\/ol>\n","protected":false},"excerpt":{"rendered":"Ilveksen U20-joukkue nousi sarjak\u00e4rkeen murskaamalla \u00c4ss\u00e4t \u2013 edellisest\u00e4 kerrasta l\u00e4hes kymmenen vuotta&nbsp;&nbsp;Jatkoaika.com U20 | \u00c4ssien pitk\u00e4 voittoputki katkesi&hellip;\n","protected":false},"author":2,"featured_media":96665,"comment_status":"","ping_status":"","sticky":false,"template":"","format":"standard","meta":{"footnotes":""},"categories":[158],"tags":[33,31,30,18842,159,32,160],"class_list":{"0":"post-96664","1":"post","2":"type-post","3":"status-publish","4":"format-standard","5":"has-post-thumbnail","7":"category-urheilu","8":"tag-fi","9":"tag-finland","10":"tag-finnish","11":"tag-ilveksen-u20-joukkue-nousi-sarjakarkeen-murskaamalla-assat-edellisesta-kerrasta-lahes-kymmenen-vuotta-muut-sarjat-21-11-2025-uutiset-jatkoaika-com-kaikki-jaakiekosta","12":"tag-sports","13":"tag-suomi","14":"tag-urheilu"},"share_on_mastodon":{"url":"https:\/\/pubeurope.com\/@fi\/115591293339662053","error":""},"_links":{"self":[{"href":"https:\/\/www.europesays.com\/fi\/wp-json\/wp\/v2\/posts\/96664","targetHints":{"allow":["GET"]}}],"collection":[{"href":"https:\/\/www.europesays.com\/fi\/wp-json\/wp\/v2\/posts"}],"about":[{"href":"https:\/\/www.europesays.com\/fi\/wp-json\/wp\/v2\/types\/post"}],"author":[{"embeddable":true,"href":"https:\/\/www.europesays.com\/fi\/wp-json\/wp\/v2\/users\/2"}],"replies":[{"embeddable":true,"href":"https:\/\/www.europesays.com\/fi\/wp-json\/wp\/v2\/comments?post=96664"}],"version-history":[{"count":0,"href":"https:\/\/www.europesays.com\/fi\/wp-json\/wp\/v2\/posts\/96664\/revisions"}],"wp:featuredmedia":[{"embeddable":true,"href":"https:\/\/www.europesays.com\/fi\/wp-json\/wp\/v2\/media\/96665"}],"wp:attachment":[{"href":"https:\/\/www.europesays.com\/fi\/wp-json\/wp\/v2\/media?parent=96664"}],"wp:term":[{"taxonomy":"category","embeddable":true,"href":"https:\/\/www.europesays.com\/fi\/wp-json\/wp\/v2\/categories?post=96664"},{"taxonomy":"post_tag","embeddable":true,"href":"https:\/\/www.europesays.com\/fi\/wp-json\/wp\/v2\/tags?post=96664"}],"curies":[{"name":"wp","href":"https:\/\/api.w.org\/{rel}","templated":true}]}}