{"id":96666,"date":"2025-11-22T03:50:16","date_gmt":"2025-11-22T03:50:16","guid":{"rendered":"https:\/\/www.europesays.com\/fi\/96666\/"},"modified":"2025-11-22T03:50:16","modified_gmt":"2025-11-22T03:50:16","slug":"kymmenen-vuoden-takainen-rauman-vastaanottokeskuksen-tuhopoltto-on-saatu-selvitettya-kolme-miesta-epailtyina-satakunta","status":"publish","type":"post","link":"https:\/\/www.europesays.com\/fi\/96666\/","title":{"rendered":"Kymmenen vuoden takainen Rauman vastaanottokeskuksen tuhopoltto on saatu selvitetty\u00e4 \u2013 kolme miest\u00e4 ep\u00e4iltyin\u00e4 | Satakunta"},"content":{"rendered":"<p class=\"aw-1gybjub aw-5vja16 kEtdKx kmuxyA yle__article__paragraph\">Vastaanottokeskuksessa syttyi tulipalo joulukuun alussa 2015.  Tapahtumat on poliisin mukaan saatu selvitetty\u00e4 t\u00e4n\u00e4 vuonna tulleen vinkin perusteella.<\/p>\n<p><img decoding=\"async\" alt=\"Tulipaloa sammutetaan.\" src=\"https:\/\/www.europesays.com\/fi\/wp-content\/uploads\/2025\/11\/39-1557572692048e084e68.jpeg\" class=\"aw-1l9m598 hKVVvP\"\/><\/p>\n<p>Avaa kuvien katselu<\/p>\n<p>Rauman vastaanottokeskuksen tulipalo 4.12.2015. Kuva: Katja Halinen \/ Yle<\/p>\n<p class=\"aw-1gybjub aw-1p7kakr kEtdKx cEmitX yle__article__paragraph\">Kymmenen vuoden takainen Rauman vastaanottokeskuksen tuhopoltto on selvitetty, kertoo poliisi.<\/p>\n<p class=\"aw-1gybjub aw-1p7kakr kEtdKx cEmitX yle__article__paragraph\">Vastaanottokeskusk\u00e4ytt\u00f6\u00f6n tulossa olleessa rakennuksessa syttyi tulipalo <a class=\"aw-iao6s4 iHOxEa yle__article__link\" href=\"https:\/\/yle.fi\/a\/3-8503991\" role=\"link\" rel=\"nofollow noopener\" target=\"_blank\">4. joulukuuta 2015<\/a>. Kukaan ei loukkaantunut palossa, joka saatiin sammutettua nopeasti, mutta riskit olivat isot, koska rakennuksessa oli kymmeni\u00e4 asukkaita.<\/p>\n<p>Vinkki maaliskuussa<\/p>\n<p class=\"aw-1gybjub aw-1p7kakr kEtdKx cEmitX yle__article__paragraph\">Poliisi ep\u00e4ili paloa alusta saakka tuhopoltoksi, mutta ei saanut tapausta selvitetty\u00e4 ennen kuin t\u00e4n\u00e4 vuonna, maaliskuussa tulleen vinkin perusteella. sai tulipalosta vinkin t\u00e4m\u00e4n vuoden maaliskuussa.<\/p>\n<p class=\"aw-1gybjub aw-1p7kakr kEtdKx cEmitX yle__article__paragraph\">Rikoksesta on ep\u00e4iltyin\u00e4 kolme miest\u00e4, jotka olivat tekoaikaan parikymppisi\u00e4. Tapausta tutkitaan t\u00f6rke\u00e4n\u00e4 tuhoty\u00f6n\u00e4. Kahta miehist\u00e4 ep\u00e4ill\u00e4\u00e4n tulipalon sytytt\u00e4misest\u00e4 ja kolmatta avunannosta.<\/p>\n<p>Teko my\u00f6nnetty<\/p>\n<p class=\"aw-1gybjub aw-1p7kakr kEtdKx cEmitX yle__article__paragraph\">Palon sytytt\u00e4misest\u00e4 ep\u00e4illyt ovat my\u00f6nt\u00e4neet teon. Poliisin mukaan miehet olivat ajatelleet, ett\u00e4 he voisivat teollaan est\u00e4\u00e4 vastaanottokeskuksen avautumisen.<\/p>\n<p class=\"aw-1gybjub aw-1p7kakr kEtdKx cEmitX yle__article__paragraph\">\u2212 Esitutkinnassa ei ole tullut esiin, ett\u00e4 kyse olisi erityisen suunnitelmallisesta teosta, vaan ennemminkin nuorten miesten p\u00e4ihteiden vaikutuksen alaisena keksim\u00e4st\u00e4 eritt\u00e4in huonosta ideasta, jota on l\u00e4hdetty sitten valitettavasti yhdess\u00e4 toteuttamaan, tutkinnanjohtaja, rikoskomisario <strong class=\"aw-ak79eh KyCXm yle__article__strong\">Kimmo Hiltula<\/strong> kertoo poliisin tiedotteessa.<\/p>\n<p class=\"aw-1gybjub aw-1p7kakr kEtdKx cEmitX yle__article__paragraph\">Asia siirtyy esitutkinnan valmistumisen j\u00e4lkeen syyteharkintaan.<\/p>\n<p>Turvapaikanhakijoiden vuosi<\/p>\n<p class=\"aw-1gybjub aw-1p7kakr kEtdKx cEmitX yle__article__paragraph\">Vuonna 2015 Suomeen tuli <a class=\"aw-iao6s4 iHOxEa yle__article__link\" href=\"https:\/\/yle.fi\/a\/3-8595369\" role=\"link\" rel=\"nofollow noopener\" target=\"_blank\">kymmeni\u00e4tuhansia<\/a> turvapaikanhakijoita erityisesti L\u00e4hi-id\u00e4st\u00e4.<\/p>\n<p class=\"aw-1gybjub aw-1p7kakr kEtdKx cEmitX yle__article__paragraph\">Tuolloin eri puolille maata perustettiin useita vastaanottokeskuksia nopealla tahdilla ja ne her\u00e4ttiv\u00e4t my\u00f6s voimakasta vastustusta. My\u00f6s Rauman tyyppisi\u00e4 tuhopolttoja tehtiin <a class=\"aw-iao6s4 iHOxEa yle__article__link\" href=\"https:\/\/yle.fi\/a\/3-8517586\" role=\"link\" rel=\"nofollow noopener\" target=\"_blank\">useilla paikkakunnilla<\/a>.<\/p>\n","protected":false},"excerpt":{"rendered":"Vastaanottokeskuksessa syttyi tulipalo joulukuun alussa 2015. Tapahtumat on poliisin mukaan saatu selvitetty\u00e4 t\u00e4n\u00e4 vuonna tulleen vinkin perusteella. Avaa&hellip;\n","protected":false},"author":2,"featured_media":96667,"comment_status":"","ping_status":"","sticky":false,"template":"","format":"standard","meta":{"footnotes":""},"categories":[12],"tags":[22,23,2054,26,27,33,31,30,17,71,24,25,2946,28,29,15,18,21,52,3642,581,968,32,19,20,1266,546,3544,18843,16,2595],"class_list":{"0":"post-96666","1":"post","2":"type-post","3":"status-publish","4":"format-standard","5":"has-post-thumbnail","7":"category-suomi","8":"tag-breaking-news","9":"tag-breakingnews","10":"tag-esitutkinta","11":"tag-featured-news","12":"tag-featurednews","13":"tag-fi","14":"tag-finland","15":"tag-finnish","16":"tag-headlines","17":"tag-kotimaa","18":"tag-latest-news","19":"tag-latestnews","20":"tag-lounais-suomen-poliisilaitos","21":"tag-main-news","22":"tag-mainnews","23":"tag-news","24":"tag-otsikot","25":"tag-paauutiset","26":"tag-poliisi","27":"tag-rauma","28":"tag-rikokset","29":"tag-satakunta","30":"tag-suomi","31":"tag-top-stories","32":"tag-topstories","33":"tag-tuhotyo","34":"tag-turvallisuus","35":"tag-turvapaikanhakijat","36":"tag-turvapaikanhakijoiden-vastaanottokeskukset","37":"tag-uutiset","38":"tag-vastaanottokeskukset"},"share_on_mastodon":{"url":"","error":"Validation failed: Text character limit of 500 exceeded"},"_links":{"self":[{"href":"https:\/\/www.europesays.com\/fi\/wp-json\/wp\/v2\/posts\/96666","targetHints":{"allow":["GET"]}}],"collection":[{"href":"https:\/\/www.europesays.com\/fi\/wp-json\/wp\/v2\/posts"}],"about":[{"href":"https:\/\/www.europesays.com\/fi\/wp-json\/wp\/v2\/types\/post"}],"author":[{"embeddable":true,"href":"https:\/\/www.europesays.com\/fi\/wp-json\/wp\/v2\/users\/2"}],"replies":[{"embeddable":true,"href":"https:\/\/www.europesays.com\/fi\/wp-json\/wp\/v2\/comments?post=96666"}],"version-history":[{"count":0,"href":"https:\/\/www.europesays.com\/fi\/wp-json\/wp\/v2\/posts\/96666\/revisions"}],"wp:featuredmedia":[{"embeddable":true,"href":"https:\/\/www.europesays.com\/fi\/wp-json\/wp\/v2\/media\/96667"}],"wp:attachment":[{"href":"https:\/\/www.europesays.com\/fi\/wp-json\/wp\/v2\/media?parent=96666"}],"wp:term":[{"taxonomy":"category","embeddable":true,"href":"https:\/\/www.europesays.com\/fi\/wp-json\/wp\/v2\/categories?post=96666"},{"taxonomy":"post_tag","embeddable":true,"href":"https:\/\/www.europesays.com\/fi\/wp-json\/wp\/v2\/tags?post=96666"}],"curies":[{"name":"wp","href":"https:\/\/api.w.org\/{rel}","templated":true}]}}