{"id":96668,"date":"2025-11-22T03:51:16","date_gmt":"2025-11-22T03:51:16","guid":{"rendered":"https:\/\/www.europesays.com\/fi\/96668\/"},"modified":"2025-11-22T03:51:16","modified_gmt":"2025-11-22T03:51:16","slug":"kadonneen-63-vuotiaan-tapaus-nyt-tuli-merkittava-kaanne","status":"publish","type":"post","link":"https:\/\/www.europesays.com\/fi\/96668\/","title":{"rendered":"Kadonneen 63-vuotiaan tapaus: Nyt tuli merkitt\u00e4v\u00e4 k\u00e4\u00e4nne"},"content":{"rendered":"<p>Paikkakuntalainen 60-vuotias mies on vangittu todenn\u00e4k\u00f6isin syin taposta ep\u00e4iltyn\u00e4.<\/p>\n<p><img decoding=\"async\" class=\"image image-show image-preview\" src=\"https:\/\/www.europesays.com\/fi\/wp-content\/uploads\/2025\/11\/25875e62f5c300bcf25d1a4ce03ee533b0341454ade3daea313a087707e54b42.jpg\" alt=\"\"\/><img decoding=\"async\" class=\"image image-show\" src=\"https:\/\/www.europesays.com\/fi\/wp-content\/uploads\/2025\/11\/1763783476_558_25875e62f5c300bcf25d1a4ce03ee533b0341454ade3daea313a087707e54b42.jpg\" alt=\"\"\/><\/p>\n<p>Ilomantsilaismiest\u00e4 ep\u00e4ill\u00e4\u00e4n henkirikoksesta. Eevi Karvinen<\/p>\n<p class=\"paragraph\">63-vuotiaan miehen ep\u00e4ill\u00e4\u00e4n kuolleen henkirikoksen uhrina Ilomantsissa lokakuun aikana.<\/p>\n<p class=\"paragraph\">Taposta ep\u00e4ilty paikkakuntalainen 60-vuotias mies on otettu kiinni ja vangittu Pohjois-Karjalan k\u00e4r\u00e4j\u00e4oikeuden p\u00e4\u00e4t\u00f6ksell\u00e4.<\/p>\n<p class=\"paragraph\">Iltalehden tietojen mukaan rikoksesta ep\u00e4ilty mies asuu aivan kirkonkyl\u00e4n tuntumassa. H\u00e4nell\u00e4 ei ole rikostaustaa ainakaan 10 viime vuoden ajalta.<\/p>\n<p class=\"paragraph\">Henkirikoksen ep\u00e4ill\u00e4\u00e4n tapahtuneen 2.\u201312. lokakuuta. Poliisi tiedottaa jatkavansa teknist\u00e4 ja taktista tutkintaa.<\/p>\n<p class=\"paragraph\">It\u00e4-Suomen poliisi on jo aiemmin kertonut, ett\u00e4 ulkopaikkakuntalainen uhri saapui Pohjois-Karjalan Ilomantsiin torstaina 2. lokakuuta. Viimeisin havainto miehest\u00e4 tehtiin sunnuntaina 12. lokakuuta.<\/p>\n<p class=\"paragraph\">Ruumista ei mit\u00e4 ilmeisimmin ole viel\u00e4k\u00e4\u00e4n l\u00f6ytynyt.<\/p>\n<p class=\"paragraph\">Poliisi pyyt\u00e4\u00e4 ilmoittamaan kaikki 2. lokakuuta j\u00e4lkeen tehdyt havainnot miehest\u00e4 joko s\u00e4hk\u00f6potstitse osoitteeseen vihjeet.ita-suomi@poliisi.fi, vihjepuhelimeen numeroon 0295 415 232 tai poliisip\u00e4ivystykseen numeroon 0295 415 320 arkisin kello 8\u201316.15.<\/p>\n<p>Poliisi julkaisi kuvan kadonneesta 63-vuotiaasta miehest\u00e4 lokakuun lopulla. It\u00e4-Suomen poliisilaitos<\/p>\n","protected":false},"excerpt":{"rendered":"Paikkakuntalainen 60-vuotias mies on vangittu todenn\u00e4k\u00f6isin syin taposta ep\u00e4iltyn\u00e4. Ilomantsilaismiest\u00e4 ep\u00e4ill\u00e4\u00e4n henkirikoksesta. Eevi Karvinen 63-vuotiaan miehen ep\u00e4ill\u00e4\u00e4n kuolleen&hellip;\n","protected":false},"author":2,"featured_media":96669,"comment_status":"","ping_status":"","sticky":false,"template":"","format":"standard","meta":{"footnotes":""},"categories":[5],"tags":[35,22,23,26,27,33,31,30,17,55,53,24,25,28,29,15,18,21,122,54,52,32,19,20,16],"class_list":{"0":"post-96668","1":"post","2":"type-post","3":"status-publish","4":"format-standard","5":"has-post-thumbnail","7":"category-otsikot","8":"tag-24h","9":"tag-breaking-news","10":"tag-breakingnews","11":"tag-featured-news","12":"tag-featurednews","13":"tag-fi","14":"tag-finland","15":"tag-finnish","16":"tag-headlines","17":"tag-lainvalvonta","18":"tag-laki-oikeus-ja-rikos","19":"tag-latest-news","20":"tag-latestnews","21":"tag-main-news","22":"tag-mainnews","23":"tag-news","24":"tag-otsikot","25":"tag-paauutiset","26":"tag-pelastaminen","27":"tag-pelastuspalvelut","28":"tag-poliisi","29":"tag-suomi","30":"tag-top-stories","31":"tag-topstories","32":"tag-uutiset"},"share_on_mastodon":{"url":"https:\/\/pubeurope.com\/@fi\/115591321037308745","error":""},"_links":{"self":[{"href":"https:\/\/www.europesays.com\/fi\/wp-json\/wp\/v2\/posts\/96668","targetHints":{"allow":["GET"]}}],"collection":[{"href":"https:\/\/www.europesays.com\/fi\/wp-json\/wp\/v2\/posts"}],"about":[{"href":"https:\/\/www.europesays.com\/fi\/wp-json\/wp\/v2\/types\/post"}],"author":[{"embeddable":true,"href":"https:\/\/www.europesays.com\/fi\/wp-json\/wp\/v2\/users\/2"}],"replies":[{"embeddable":true,"href":"https:\/\/www.europesays.com\/fi\/wp-json\/wp\/v2\/comments?post=96668"}],"version-history":[{"count":0,"href":"https:\/\/www.europesays.com\/fi\/wp-json\/wp\/v2\/posts\/96668\/revisions"}],"wp:featuredmedia":[{"embeddable":true,"href":"https:\/\/www.europesays.com\/fi\/wp-json\/wp\/v2\/media\/96669"}],"wp:attachment":[{"href":"https:\/\/www.europesays.com\/fi\/wp-json\/wp\/v2\/media?parent=96668"}],"wp:term":[{"taxonomy":"category","embeddable":true,"href":"https:\/\/www.europesays.com\/fi\/wp-json\/wp\/v2\/categories?post=96668"},{"taxonomy":"post_tag","embeddable":true,"href":"https:\/\/www.europesays.com\/fi\/wp-json\/wp\/v2\/tags?post=96668"}],"curies":[{"name":"wp","href":"https:\/\/api.w.org\/{rel}","templated":true}]}}