{"id":96678,"date":"2025-11-22T04:18:10","date_gmt":"2025-11-22T04:18:10","guid":{"rendered":"https:\/\/www.europesays.com\/fi\/96678\/"},"modified":"2025-11-22T04:18:10","modified_gmt":"2025-11-22T04:18:10","slug":"luonto-ja-hevoskeskuksen-navetassa-uusi-vuokralainen-navetta-taynna-tulipalosta-selvinneita-hiehoja","status":"publish","type":"post","link":"https:\/\/www.europesays.com\/fi\/96678\/","title":{"rendered":"Luonto- ja hevoskeskuksen navetassa uusi vuokralainen \u2013 navetta t\u00e4ynn\u00e4 tulipalosta selvinneit\u00e4 hiehoja"},"content":{"rendered":"<p> <img decoding=\"async\" class=\"responsive-image article__image-image lozad\"   src=\"https:\/\/www.europesays.com\/fi\/wp-content\/uploads\/2025\/11\/SPw1A-2IjpB_hoGLoqWHdG8ICaaXiFfWGkSAJ571PI9UEY-zy15ZP2EvGWyviPmMGHTm1dp6umCCIcKVRgClmrFFVveGXZcfeBMT.jpeg\" alt=\"-\"\/><\/p>\n<p class=\"article__paragraph\">\n Ruukin luonto- ja hevoskeskuksen navetta on saanut uuden is\u00e4nn\u00e4n. Rakennus on vuokrattu ruukkilaiselle maatalousyritt\u00e4j\u00e4 Ossi Yrj\u00e4n\u00e4lle, ja h\u00e4n talutti karjansa navetan katon alle marraskuun 12. p\u00e4iv\u00e4.\n <\/p>\n<p class=\"article__paragraph\">\n Ruukin luonto- ja hevoskeskuksella siirryttiin yritt\u00e4j\u00e4vetoiseen navettaan vuonna 2020.<\/p>\n","protected":false},"excerpt":{"rendered":"Ruukin luonto- ja hevoskeskuksen navetta on saanut uuden is\u00e4nn\u00e4n. Rakennus on vuokrattu ruukkilaiselle maatalousyritt\u00e4j\u00e4 Ossi Yrj\u00e4n\u00e4lle, ja h\u00e4n&hellip;\n","protected":false},"author":2,"featured_media":96679,"comment_status":"","ping_status":"","sticky":false,"template":"","format":"standard","meta":{"footnotes":""},"categories":[117],"tags":[33,31,30,72,476,118,32,119,477],"class_list":{"0":"post-96678","1":"post","2":"type-post","3":"status-publish","4":"format-standard","5":"has-post-thumbnail","7":"category-luonto","8":"tag-fi","9":"tag-finland","10":"tag-finnish","11":"tag-luonto","12":"tag-nature","13":"tag-science","14":"tag-suomi","15":"tag-tiede","16":"tag-wildlife"},"share_on_mastodon":{"url":"https:\/\/pubeurope.com\/@fi\/115591427170656414","error":""},"_links":{"self":[{"href":"https:\/\/www.europesays.com\/fi\/wp-json\/wp\/v2\/posts\/96678","targetHints":{"allow":["GET"]}}],"collection":[{"href":"https:\/\/www.europesays.com\/fi\/wp-json\/wp\/v2\/posts"}],"about":[{"href":"https:\/\/www.europesays.com\/fi\/wp-json\/wp\/v2\/types\/post"}],"author":[{"embeddable":true,"href":"https:\/\/www.europesays.com\/fi\/wp-json\/wp\/v2\/users\/2"}],"replies":[{"embeddable":true,"href":"https:\/\/www.europesays.com\/fi\/wp-json\/wp\/v2\/comments?post=96678"}],"version-history":[{"count":0,"href":"https:\/\/www.europesays.com\/fi\/wp-json\/wp\/v2\/posts\/96678\/revisions"}],"wp:featuredmedia":[{"embeddable":true,"href":"https:\/\/www.europesays.com\/fi\/wp-json\/wp\/v2\/media\/96679"}],"wp:attachment":[{"href":"https:\/\/www.europesays.com\/fi\/wp-json\/wp\/v2\/media?parent=96678"}],"wp:term":[{"taxonomy":"category","embeddable":true,"href":"https:\/\/www.europesays.com\/fi\/wp-json\/wp\/v2\/categories?post=96678"},{"taxonomy":"post_tag","embeddable":true,"href":"https:\/\/www.europesays.com\/fi\/wp-json\/wp\/v2\/tags?post=96678"}],"curies":[{"name":"wp","href":"https:\/\/api.w.org\/{rel}","templated":true}]}}