{"id":96682,"date":"2025-11-22T04:29:08","date_gmt":"2025-11-22T04:29:08","guid":{"rendered":"https:\/\/www.europesays.com\/fi\/96682\/"},"modified":"2025-11-22T04:29:08","modified_gmt":"2025-11-22T04:29:08","slug":"lotta-harala-raskaus-paattaisi-urheilu-uran","status":"publish","type":"post","link":"https:\/\/www.europesays.com\/fi\/96682\/","title":{"rendered":"Lotta Harala: raskaus p\u00e4\u00e4tt\u00e4isi urheilu-uran"},"content":{"rendered":"<p>Lotta Harala puhui avoimesti Aki Linnanahteen vieraana.<\/p>\n<p class=\"article-body mb-nof-24 px-nof-16\">Aitajuoksija <a class=\"article-personlink\" href=\"https:\/\/www.is.fi\/haku\/?query=Lotta%20Harala\" rel=\"nofollow noopener\" target=\"_blank\">Lotta Harala<\/a> avautuu <a class=\"article-genericlink\" href=\"https:\/\/podimo.com\/fi\/shows\/aki-linnanahde-talk-show\" rel=\"nofollow noopener\" target=\"_blank\">Aki Linnanahde Talk Show\u2019n<\/a> uudessa jaksossa siit\u00e4, miten huippu-urheilijan ura on ajanut h\u00e4net tavallaan erilleen ik\u00e4tovereistaan.<\/p>\n<p class=\"article-body mb-nof-24 px-nof-16\">Harala kertoo podcastissa, miten on j\u00e4tt\u00e4nyt nuoruudessaan abiristeilyn kaltaisia kokemuksia v\u00e4liin. H\u00e4n ei koe valintoja vaikeiksi, mutta huomaa nyt, miten erilainen h\u00e4nen el\u00e4m\u00e4ntilanteensa on.<\/p>\n<p class=\"article-body mb-nof-24 px-nof-16\">\u2013 Kun on 33-vuotias, monet ik\u00e4toverit el\u00e4v\u00e4t tosi erilaista el\u00e4m\u00e4\u00e4 kuin itse el\u00e4n.<\/p>\n<p class=\"article-body mb-nof-24 px-nof-16\">\u2013 Tietty ulkopuolisuus ja yksin\u00e4isyys nostaa v\u00e4h\u00e4n p\u00e4\u00e4t\u00e4\u00e4n. Muut perustavat ehk\u00e4 perhett\u00e4, ovat opiskelleet ja olleet pidemp\u00e4\u00e4n hienossa ja hyv\u00e4ss\u00e4 ammatissa. Tekev\u00e4t taloudellisesti hyvi\u00e4 ja kest\u00e4vi\u00e4 ratkaisuita. Minun el\u00e4m\u00e4ni on tosi toisenlaista. Yhtym\u00e4kohtaa voi olla v\u00e4lill\u00e4 vaikea l\u00f6yt\u00e4\u00e4 ik\u00e4tovereiden kanssa keskustellessa, Harala avautuu.<\/p>\n<p class=\"article-body mb-nof-24 px-nof-16\">Harala on kertonut aiemmin h\u00e4nen ja <a class=\"article-personlink\" href=\"https:\/\/www.is.fi\/haku\/?query=Maria%20Huntingtonin\" rel=\"nofollow noopener\" target=\"_blank\">Maria Huntingtonin<\/a> Timeout-podcastissa, ett\u00e4 olisi halunnut lapsia jo melko nuorena mutta on venytt\u00e4nyt haavetta urheilu-uran takia. H\u00e4n on my\u00f6s harmitellut sit\u00e4, miten miehet voivat yhdist\u00e4\u00e4 huippu-urheilijuuden ja perhe-el\u00e4m\u00e4n naisia mutkattomammin.<\/p>\n<blockquote class=\"citation\">\n<p>\u201d<\/p>\n<p>Yhtym\u00e4kohtaa voi olla v\u00e4lill\u00e4 vaikea l\u00f6yt\u00e4\u00e4 ik\u00e4tovereiden kanssa keskustellessa<\/p>\n<\/blockquote>\n<p class=\"article-body mb-nof-24 px-nof-16\">Harala aikoo viel\u00e4 nousta urheilijana seuraavalle tasolle ja kokee ik\u00e4vaiheen olevan kriittinen. H\u00e4n t\u00e4r\u00e4ytt\u00e4\u00e4 Linnanahteelle suoran mielipiteens\u00e4 siit\u00e4, mit\u00e4 pika-aiturin uralle k\u00e4visi, jos he l\u00e4htisiv\u00e4t nyt yritt\u00e4m\u00e4\u00e4n kumppaninsa kanssa lasta.<\/p>\n<p class=\"article-body mb-nof-24 px-nof-16\">\u2013 Jos nyt l\u00e4htisin yritt\u00e4m\u00e4\u00e4n raskautumista ja lasta, niin kyll\u00e4 mun ura p\u00e4\u00e4ttyisi siihen. Se on t\u00e4m\u00e4n ammatin varjopuoli, ett\u00e4 t\u00e4h\u00e4n ei \u2013 ainakaan todenn\u00e4k\u00f6isesti \u2013 palata en\u00e4\u00e4 yli 35-vuotiaana. Ainakaan sille tasolle, mihin min\u00e4 haluaisin p\u00e4\u00e4st\u00e4, Harala sanoo.<\/p>\n<p class=\"article-body mb-nof-24 px-nof-16\">Lue lis\u00e4\u00e4: <a class=\"article-genericlink\" href=\"https:\/\/www.is.fi\/yleisurheilu\/art-2000010499870.html\" rel=\"nofollow noopener\" target=\"_blank\">Lotta Harala on siirt\u00e4nyt suurta haavettaan \u00e4itiydest\u00e4 vuosia \u2013 puoliso Matias Myttynen on antanut asiaan yhden neuvon<\/a><\/p>\n<p><img decoding=\"async\" src=\"https:\/\/www.europesays.com\/fi\/wp-content\/uploads\/2025\/11\/1763785748_534_468.jpg\" alt=\"Lotta Haralan kihlattu Matias Myttynen on nyky\u00e4\u00e4n mukana my\u00f6s huippuaiturin valmennuksessa.\" class=\"_Img_1rerz_1\" style=\"aspect-ratio:1.5\" loading=\"eager\"\/><\/p>\n<p class=\"article-picture-caption\">Lotta Haralan kihlattu Matias Myttynen on nyky\u00e4\u00e4n mukana my\u00f6s huippuaiturin valmennuksessa. Kuva:\u00a0Terhi Ylim\u00e4inen<\/p>\n<p class=\"article-body mb-nof-24 px-nof-16\">Harala avaa jaksossa ajatusmaailmaansa ja kertoo aiemmin jopa raskaaksi k\u00e4yneest\u00e4 halustaan olla kaikesta kontrollissa.<\/p>\n<p class=\"article-body mb-nof-24 px-nof-16\">Linnanahde kysyy, onko Harala ajatellut ajankohtaa, milloin urheilu-ura loppuisi.<\/p>\n<p class=\"article-body mb-nof-24 px-nof-16\">\u2013 Vaikka olen suunnitelmallinen tyyppi, niin t\u00e4t\u00e4 asiaa en ole yht\u00e4\u00e4n miettinyt, milloin se olisi. Rehellisyyden nimiss\u00e4 ajatus siit\u00e4, ett\u00e4 jos minun pit\u00e4isi lopettaa nyt, se ahdistaa, Harala sanoo.<\/p>\n<p class=\"article-body mb-nof-24 px-nof-16\">\u2013 Haluan tehd\u00e4 t\u00e4t\u00e4 nyt tosi t\u00e4ysill\u00e4 ja nauttia t\u00e4st\u00e4 niin pitk\u00e4\u00e4n kuin mahdollista ja tuntuu hyv\u00e4lt\u00e4.<\/p>\n<p class=\"article-body mb-nof-24 px-nof-16\">Harala on 100 metrin aitajuoksun hallitseva SE-nainen. Suomen enn\u00e4tys 12,65 syntyi toissa kes\u00e4n\u00e4 Sveitsiss\u00e4.<\/p>\n<p class=\"article-body mb-nof-24 px-nof-16\">Tamperelainen uskoo, ett\u00e4 h\u00e4nell\u00e4 on viel\u00e4 potentiaalia parantaa Suomen enn\u00e4tyst\u00e4. Ensi vuonna t\u00e4ht\u00e4imess\u00e4 on my\u00f6s menestyminen Birminghamin EM-kisoissa.<\/p>\n<p class=\"article-body mb-nof-24 px-nof-16\">\u2013 Kyll\u00e4 siell\u00e4 on tosi paljon potentiaalia ulosmittaamatta. Ja siksi t\u00e4t\u00e4 viel\u00e4 teen.<\/p>\n","protected":false},"excerpt":{"rendered":"Lotta Harala puhui avoimesti Aki Linnanahteen vieraana. Aitajuoksija Lotta Harala avautuu Aki Linnanahde Talk Show\u2019n uudessa jaksossa siit\u00e4,&hellip;\n","protected":false},"author":2,"featured_media":96683,"comment_status":"","ping_status":"","sticky":false,"template":"","format":"standard","meta":{"footnotes":""},"categories":[136],"tags":[407,137,33,31,30,34,408,32,109],"class_list":{"0":"post-96682","1":"post","2":"type-post","3":"status-publish","4":"format-standard","5":"has-post-thumbnail","7":"category-julkkikset","8":"tag-celebrities","9":"tag-entertainment","10":"tag-fi","11":"tag-finland","12":"tag-finnish","13":"tag-ilta-sanomat","14":"tag-julkkikset","15":"tag-suomi","16":"tag-viihde"},"share_on_mastodon":{"url":"https:\/\/pubeurope.com\/@fi\/115591470619455945","error":""},"_links":{"self":[{"href":"https:\/\/www.europesays.com\/fi\/wp-json\/wp\/v2\/posts\/96682","targetHints":{"allow":["GET"]}}],"collection":[{"href":"https:\/\/www.europesays.com\/fi\/wp-json\/wp\/v2\/posts"}],"about":[{"href":"https:\/\/www.europesays.com\/fi\/wp-json\/wp\/v2\/types\/post"}],"author":[{"embeddable":true,"href":"https:\/\/www.europesays.com\/fi\/wp-json\/wp\/v2\/users\/2"}],"replies":[{"embeddable":true,"href":"https:\/\/www.europesays.com\/fi\/wp-json\/wp\/v2\/comments?post=96682"}],"version-history":[{"count":0,"href":"https:\/\/www.europesays.com\/fi\/wp-json\/wp\/v2\/posts\/96682\/revisions"}],"wp:featuredmedia":[{"embeddable":true,"href":"https:\/\/www.europesays.com\/fi\/wp-json\/wp\/v2\/media\/96683"}],"wp:attachment":[{"href":"https:\/\/www.europesays.com\/fi\/wp-json\/wp\/v2\/media?parent=96682"}],"wp:term":[{"taxonomy":"category","embeddable":true,"href":"https:\/\/www.europesays.com\/fi\/wp-json\/wp\/v2\/categories?post=96682"},{"taxonomy":"post_tag","embeddable":true,"href":"https:\/\/www.europesays.com\/fi\/wp-json\/wp\/v2\/tags?post=96682"}],"curies":[{"name":"wp","href":"https:\/\/api.w.org\/{rel}","templated":true}]}}