{"id":96686,"date":"2025-11-22T04:36:10","date_gmt":"2025-11-22T04:36:10","guid":{"rendered":"https:\/\/www.europesays.com\/fi\/96686\/"},"modified":"2025-11-22T04:36:10","modified_gmt":"2025-11-22T04:36:10","slug":"sami-valimaen-puttipeli-toimi-mallikkaasti-urheilua-lyhyesti","status":"publish","type":"post","link":"https:\/\/www.europesays.com\/fi\/96686\/","title":{"rendered":"Sami V\u00e4lim\u00e4en puttipeli toimi mallikkaasti | Urheilua lyhyesti"},"content":{"rendered":"<p class=\"aw-1gybjub aw-5vja16 kEtdKx kmuxyA yle__article__paragraph\">Sami V\u00e4lim\u00e4ki jatkoi mainioita otteitaan golfin PGA-kiertueella. V\u00e4lim\u00e4ki on kahden kierroksen j\u00e4lkeen jaetulla nelj\u00e4nnell\u00e4 sijalla.<\/p>\n<p><img decoding=\"async\" alt=\"Sami V\u00e4lim\u00e4ki pelasi p\u00e4\u00e4t\u00f6sp\u00e4iv\u00e4n\u00e4 huippukierroksen ja -turnauksen Meksikon PGA-turnauksessa 9.11.2025. \" src=\"https:\/\/www.europesays.com\/fi\/wp-content\/uploads\/2025\/11\/39-15515466912318c14ff3.jpeg\" class=\"aw-1l9m598 hKVVvP\"\/><\/p>\n<p>Avaa kuvien katselu<\/p>\n<p>Sami V\u00e4lim\u00e4ki on pelannut mallikkaasti PGA-kiertueella. Kuva: Getty Images<\/p>\n<p class=\"aw-1gybjub aw-1p7kakr kEtdKx cEmitX yle__article__paragraph\"><strong class=\"aw-ak79eh KyCXm yle__article__strong\">Sami V\u00e4lim\u00e4en<\/strong> puttipeli toimi mainiosti Georgian St. Simonsin saarella pelattavassa PGA-turnauksessa Yhdysvalloissa. V\u00e4lim\u00e4ki pelasi toisen kierroksen 62 ly\u00f6ntiin ja nousi t\u00e4ll\u00e4 jaetulle nelj\u00e4nnelle sijalle. H\u00e4n on kahden ly\u00f6nnin p\u00e4\u00e4ss\u00e4 k\u00e4rkisijasta tuloksella -14. Ensimm\u00e4isen\u00e4 p\u00e4iv\u00e4n\u00e4 V\u00e4lim\u00e4ki k\u00e4ytti kierrokseen 66 ly\u00f6nti\u00e4.<\/p>\n<p class=\"aw-1gybjub aw-1p7kakr kEtdKx cEmitX yle__article__paragraph\">\u2013 Tahmea alku ly\u00f6nnin osalta, mutta sitten sain pari t\u00e4rke\u00e4t\u00e4 birdie\u00e4. Sen j\u00e4lkeen putteri oli kuuma. Ly\u00f6minen ei ollut t\u00e4n\u00e4\u00e4n edes niin hyv\u00e4\u00e4, V\u00e4lim\u00e4ki kertoi <a class=\"aw-iao6s4 iHOxEa yle__article__link\" href=\"https:\/\/golfpiste.com\/kilpagolf\/sami-valimaki-nousi-ilmiomaisella-puttipelilla-karkikahinoihin\/\" role=\"link\" rel=\"nofollow noopener\" target=\"_blank\">Golfpisteelle<\/a>.<\/p>\n<p class=\"aw-1gybjub aw-1p7kakr kEtdKx cEmitX yle__article__paragraph\">Kisaa johtaa yhdysvaltalainen <strong class=\"aw-ak79eh KyCXm yle__article__strong\">Andrew Novak<\/strong> (-16), toista sijaa jakavat yhdysvaltalaiset <strong class=\"aw-ak79eh KyCXm yle__article__strong\">Michael Thorbjornsen<\/strong> ja <strong class=\"aw-ak79eh KyCXm yle__article__strong\">Patrick Rodgers<\/strong> (-15). V\u00e4lim\u00e4en kanssa samassa tuloksessa on yhdysvaltalainen <strong class=\"aw-ak79eh KyCXm yle__article__strong\">Greyson Sigg<\/strong>.<\/p>\n<p class=\"aw-1gybjub aw-1p7kakr kEtdKx cEmitX yle__article__paragraph\">V\u00e4lim\u00e4ki on kilpailun k\u00e4rkikahinoissa ainoa ei-yhdysvaltalainen pelaaja. Ruotsin <strong class=\"aw-ak79eh KyCXm yle__article__strong\">Jesper Svensson<\/strong>, Ranskan <strong class=\"aw-ak79eh KyCXm yle__article__strong\">Antoine Rozner<\/strong> ja Kolumbian <strong class=\"aw-ak79eh KyCXm yle__article__strong\">Nico Echavarria<\/strong> ovat jaetulla 13. sijalla tuloksella -11.<\/p>\n","protected":false},"excerpt":{"rendered":"Sami V\u00e4lim\u00e4ki jatkoi mainioita otteitaan golfin PGA-kiertueella. V\u00e4lim\u00e4ki on kahden kierroksen j\u00e4lkeen jaetulla nelj\u00e4nnell\u00e4 sijalla. Avaa kuvien katselu&hellip;\n","protected":false},"author":2,"featured_media":96687,"comment_status":"","ping_status":"","sticky":false,"template":"","format":"standard","meta":{"footnotes":""},"categories":[158],"tags":[33,31,30,3978,6217,5951,3116,3121,159,32,160],"class_list":{"0":"post-96686","1":"post","2":"type-post","3":"status-publish","4":"format-standard","5":"has-post-thumbnail","7":"category-urheilu","8":"tag-fi","9":"tag-finland","10":"tag-finnish","11":"tag-golf","12":"tag-golfaajat","13":"tag-miesten-golf","14":"tag-pga-tour","15":"tag-sami-valimaki","16":"tag-sports","17":"tag-suomi","18":"tag-urheilu"},"share_on_mastodon":{"url":"https:\/\/pubeurope.com\/@fi\/115591498024260675","error":""},"_links":{"self":[{"href":"https:\/\/www.europesays.com\/fi\/wp-json\/wp\/v2\/posts\/96686","targetHints":{"allow":["GET"]}}],"collection":[{"href":"https:\/\/www.europesays.com\/fi\/wp-json\/wp\/v2\/posts"}],"about":[{"href":"https:\/\/www.europesays.com\/fi\/wp-json\/wp\/v2\/types\/post"}],"author":[{"embeddable":true,"href":"https:\/\/www.europesays.com\/fi\/wp-json\/wp\/v2\/users\/2"}],"replies":[{"embeddable":true,"href":"https:\/\/www.europesays.com\/fi\/wp-json\/wp\/v2\/comments?post=96686"}],"version-history":[{"count":0,"href":"https:\/\/www.europesays.com\/fi\/wp-json\/wp\/v2\/posts\/96686\/revisions"}],"wp:featuredmedia":[{"embeddable":true,"href":"https:\/\/www.europesays.com\/fi\/wp-json\/wp\/v2\/media\/96687"}],"wp:attachment":[{"href":"https:\/\/www.europesays.com\/fi\/wp-json\/wp\/v2\/media?parent=96686"}],"wp:term":[{"taxonomy":"category","embeddable":true,"href":"https:\/\/www.europesays.com\/fi\/wp-json\/wp\/v2\/categories?post=96686"},{"taxonomy":"post_tag","embeddable":true,"href":"https:\/\/www.europesays.com\/fi\/wp-json\/wp\/v2\/tags?post=96686"}],"curies":[{"name":"wp","href":"https:\/\/api.w.org\/{rel}","templated":true}]}}