{"id":96688,"date":"2025-11-22T04:42:10","date_gmt":"2025-11-22T04:42:10","guid":{"rendered":"https:\/\/www.europesays.com\/fi\/96688\/"},"modified":"2025-11-22T04:42:10","modified_gmt":"2025-11-22T04:42:10","slug":"il-helena-koivu-sai-tuomion-rikoksista-uutissuomalainen","status":"publish","type":"post","link":"https:\/\/www.europesays.com\/fi\/96688\/","title":{"rendered":"IL: Helena Koivu sai tuomion rikoksista | Uutissuomalainen"},"content":{"rendered":"<p><strong>Helena Koivu<\/strong>, 39, on saanut rikostuomion Varsinais-Suomen k\u00e4r\u00e4j\u00e4oikeudessa. H\u00e4net tuomittiin salakatselusta ja kotirauhan rikkomisesta.<\/p>\n<p>Tuomiosta kertoi ensimm\u00e4isen\u00e4 <a href=\"https:\/\/www.iltalehti.fi\/viihdeuutiset\/a\/f90f0a00-7816-4811-a41a-72efa8d74aa2\" rel=\"nofollow noopener\" target=\"_blank\">Iltaleht<\/a><a href=\"https:\/\/www.iltalehti.fi\/viihdeuutiset\/a\/f90f0a00-7816-4811-a41a-72efa8d74aa2\" rel=\"nofollow noopener\" target=\"_blank\">i<\/a>.<\/p>\n<p>Syytteen mukaan Koivu kuvasi v\u00e4lienselvittelyit\u00e4\u00e4n entisen puolisonsa, j\u00e4\u00e4kiekkoilija <strong>Mikko Koivun<\/strong> kanssa ja julkaisi videon luvatta sosiaalisen median tilill\u00e4\u00e4n. K\u00e4r\u00e4j\u00e4oikeus katsoi Koivun kuvanneen oikeudetta miest\u00e4 ja h\u00e4nen nykyist\u00e4 puolisoaan <strong>Natalie Koivua<\/strong> heid\u00e4n kotirauhan suojaamassa paikassaan.<\/p>\n<p>Oikeus katsoi Koivun my\u00f6s h\u00e4irik\u00f6ineen Mikko ja Natalie Koivua viime kes\u00e4n\u00e4 soittamalla et\u00e4yhteyden v\u00e4lityksell\u00e4 musiikkia heid\u00e4n kotitalossaan kovalla \u00e4\u00e4nenvoimakkuudella.<\/p>\n<p>Koivulle vaadittiin lis\u00e4ksi rangaistusta varkaudesta, mik\u00e4 liittyi Mikko Koivun kadonneeseen kaiuttimeen. Oikeus p\u00e4\u00e4tyi hylk\u00e4\u00e4m\u00e4\u00e4n syytteen.<\/p>\n<p>Koivu tuomittiin 30 p\u00e4iv\u00e4sakkoon, josta kertyy maksettavaa 180 euroa. Lis\u00e4ksi h\u00e4n joutuu korvaamaan Mikko ja Natalie Koivulle kummallekin 1\u2009000 euroa k\u00e4rsimyksest\u00e4. Maksettavaksi j\u00e4\u00e4 my\u00f6s pariskunnan oikeudenk\u00e4yntikuluja.<\/p>\n","protected":false},"excerpt":{"rendered":"Helena Koivu, 39, on saanut rikostuomion Varsinais-Suomen k\u00e4r\u00e4j\u00e4oikeudessa. H\u00e4net tuomittiin salakatselusta ja kotirauhan rikkomisesta. Tuomiosta kertoi ensimm\u00e4isen\u00e4 Iltalehti.&hellip;\n","protected":false},"author":2,"featured_media":96689,"comment_status":"","ping_status":"","sticky":false,"template":"","format":"standard","meta":{"footnotes":""},"categories":[12],"tags":[138,22,23,26,27,33,31,30,17,1143,53,24,25,28,29,15,977,976,18,21,38,32,19,20,3810,16],"class_list":{"0":"post-96688","1":"post","2":"type-post","3":"status-publish","4":"format-standard","5":"has-post-thumbnail","7":"category-suomi","8":"tag-audio","9":"tag-breaking-news","10":"tag-breakingnews","11":"tag-featured-news","12":"tag-featurednews","13":"tag-fi","14":"tag-finland","15":"tag-finnish","16":"tag-headlines","17":"tag-jaakiekko","18":"tag-laki-oikeus-ja-rikos","19":"tag-latest-news","20":"tag-latestnews","21":"tag-main-news","22":"tag-mainnews","23":"tag-news","24":"tag-oikeusistuimet","25":"tag-oikeusprosessit","26":"tag-otsikot","27":"tag-paauutiset","28":"tag-rikos","29":"tag-suomi","30":"tag-top-stories","31":"tag-topstories","32":"tag-tuomio","33":"tag-uutiset"},"share_on_mastodon":{"url":"https:\/\/pubeurope.com\/@fi\/115591521650473877","error":""},"_links":{"self":[{"href":"https:\/\/www.europesays.com\/fi\/wp-json\/wp\/v2\/posts\/96688","targetHints":{"allow":["GET"]}}],"collection":[{"href":"https:\/\/www.europesays.com\/fi\/wp-json\/wp\/v2\/posts"}],"about":[{"href":"https:\/\/www.europesays.com\/fi\/wp-json\/wp\/v2\/types\/post"}],"author":[{"embeddable":true,"href":"https:\/\/www.europesays.com\/fi\/wp-json\/wp\/v2\/users\/2"}],"replies":[{"embeddable":true,"href":"https:\/\/www.europesays.com\/fi\/wp-json\/wp\/v2\/comments?post=96688"}],"version-history":[{"count":0,"href":"https:\/\/www.europesays.com\/fi\/wp-json\/wp\/v2\/posts\/96688\/revisions"}],"wp:featuredmedia":[{"embeddable":true,"href":"https:\/\/www.europesays.com\/fi\/wp-json\/wp\/v2\/media\/96689"}],"wp:attachment":[{"href":"https:\/\/www.europesays.com\/fi\/wp-json\/wp\/v2\/media?parent=96688"}],"wp:term":[{"taxonomy":"category","embeddable":true,"href":"https:\/\/www.europesays.com\/fi\/wp-json\/wp\/v2\/categories?post=96688"},{"taxonomy":"post_tag","embeddable":true,"href":"https:\/\/www.europesays.com\/fi\/wp-json\/wp\/v2\/tags?post=96688"}],"curies":[{"name":"wp","href":"https:\/\/api.w.org\/{rel}","templated":true}]}}