{"id":96690,"date":"2025-11-22T04:43:11","date_gmt":"2025-11-22T04:43:11","guid":{"rendered":"https:\/\/www.europesays.com\/fi\/96690\/"},"modified":"2025-11-22T04:43:11","modified_gmt":"2025-11-22T04:43:11","slug":"kommentti-kansalta-myrkyllinen-viesti-orpolle-ja-haisevat-terveiset-lindtmanille","status":"publish","type":"post","link":"https:\/\/www.europesays.com\/fi\/96690\/","title":{"rendered":"Kommentti: Kansalta myrkyllinen viesti Orpolle ja haisevat terveiset Lindtmanille"},"content":{"rendered":"<p>IS-kyselyn tulokset paljastavat yll\u00e4tt\u00e4vi\u00e4 seikkoja \u00e4\u00e4nest\u00e4jien mielipiteist\u00e4, kirjoittaa politiikan toimittaja Suvi Hautanen.<\/p>\n<p>21.11. 14:16<\/p>\n<p class=\"article-body mb-nof-24 px-nof-16\">Kansan viesti p\u00e4\u00e4tt\u00e4jille on selv\u00e4: suosikki seuraavaksi hallitukseksi on punavihre\u00e4 ja nykyinen oikeistohallitus halutaan vaihtoon.<\/p>\n<p class=\"article-body mb-nof-24 px-nof-16\">Suomalaiset haikailevat siis edellisen <a class=\"article-personlink\" href=\"https:\/\/www.is.fi\/haku\/?query=Sanna%20Marinin\" rel=\"nofollow noopener\" target=\"_blank\">Sanna Marinin<\/a> (sd) hallituspohjan per\u00e4\u00e4n eiv\u00e4tk\u00e4 sied\u00e4 toista kautta nykyisell\u00e4 p\u00e4\u00e4ministeri <a class=\"article-personlink\" href=\"https:\/\/www.is.fi\/haku\/?query=Petteri%20Orpon\" rel=\"nofollow noopener\" target=\"_blank\">Petteri Orpon<\/a> (kok) ja valtiovarainministeri <a class=\"article-personlink\" href=\"https:\/\/www.is.fi\/haku\/?query=Riikka%20Purran\" rel=\"nofollow noopener\" target=\"_blank\">Riikka Purran<\/a> (ps) hallituspohjalla.<\/p>\n<p class=\"article-body mb-nof-24 px-nof-16\">Ilta-Sanomien <a class=\"article-genericlink\" href=\"https:\/\/www.is.fi\/politiikka\/art-2000011638048.html\" rel=\"nofollow noopener\" target=\"_blank\">teett\u00e4m\u00e4n<\/a> tutkimuksen tulokset paljastavat yll\u00e4tt\u00e4vi\u00e4 seikkoja \u00e4\u00e4nest\u00e4jien mielipiteist\u00e4.<\/p>\n<p class=\"article-body mb-nof-24 px-nof-16\">Puoluekannatusmittauksissa <a class=\"article-personlink\" href=\"https:\/\/www.is.fi\/haku\/?query=Antti%20Lindtmanin\" rel=\"nofollow noopener\" target=\"_blank\">Antti Lindtmanin<\/a> johtama Sdp <a class=\"article-genericlink\" href=\"https:\/\/yle.fi\/a\/74-20192264\" rel=\"nofollow noopener\" target=\"_blank\">on pit\u00e4nyt<\/a> k\u00e4rkisijaa jo yli vuoden verran.<\/p>\n<p class=\"article-body mb-nof-24 px-nof-16\">Orpon kokoomus on vakiinnuttanut asemansa toiseksi suurimpana puolueena gallupeissa, vaikka Sdp:n kaula onkin kasvanut melkoiseksi, jo reiluun kuuteen prosenttiyksikk\u00f6\u00f6n.<\/p>\n<p class=\"article-body mb-nof-24 px-nof-16\">Perussuomalaiset ja keskusta kisaavat kolmannesta paikasta.<\/p>\n<p class=\"article-body mb-nof-24 px-nof-16\">Monet pit\u00e4v\u00e4t todenn\u00e4k\u00f6isen\u00e4, ett\u00e4 seuraava hallitus on Sdp:n ja kokoomuksen johdolla muodostettava sinipuna. Ei kiitos, sanoo kansa. IS:n kyselyss\u00e4 sinipunaa kannattaa vain kahdeksan prosenttia.<\/p>\n<p class=\"article-body mb-nof-24 px-nof-16\">Tutkimuksen tehneen Iro Researchin asiakkuusjohtaja <a class=\"article-personlink\" href=\"https:\/\/www.is.fi\/haku\/?query=Juho%20Rahkonen\" rel=\"nofollow noopener\" target=\"_blank\">Juho Rahkonen<\/a> sanoikin, ett\u00e4 sinipunahallitus taitaa olla \u201deliitin m\u00e4rk\u00e4 p\u00e4iv\u00e4uni\u201d.<\/p>\n<p class=\"article-body mb-nof-24 px-nof-16\">Kulisseissa Sdp yritt\u00e4\u00e4 kaikin keinoin ylipuhua keskustaa mukaan hallitukseen \u2013 edes vaihtoehdoksi sinipunalle, jotta kokoomus ei p\u00e4\u00e4sisi sanelemaan ehtoja hallitusyhteisty\u00f6lle.<\/p>\n<p class=\"article-body mb-nof-24 px-nof-16\">Sdp on tarjoillut keskustalle kylki\u00e4iseksi hallitukseen pelkk\u00e4\u00e4 vasemmistoliittoa, jos vihre\u00e4t syljett\u00e4v\u00e4t enemm\u00e4n. Keskustasta on tokaistu, ett\u00e4 hallitushan olisi silloin viel\u00e4 enemm\u00e4n vasemmalla kuin Marinin aikana.<\/p>\n<p class=\"article-body mb-nof-24 px-nof-16\">Keskustan puheenjohtaja <a class=\"article-personlink\" href=\"https:\/\/www.is.fi\/haku\/?query=Antti%20Kaikkonen\" rel=\"nofollow noopener\" target=\"_blank\">Antti Kaikkonen<\/a> ja viimeisimp\u00e4n\u00e4 eduskuntaryhm\u00e4n puheenjohtaja <a class=\"article-personlink\" href=\"https:\/\/www.is.fi\/haku\/?query=Antti%20Kurvinen\" rel=\"nofollow noopener\" target=\"_blank\">Antti Kurvinen<\/a> <a class=\"article-genericlink\" href=\"https:\/\/www.is.fi\/politiikka\/art-2000011194119.html\" rel=\"nofollow noopener\" target=\"_blank\">ovat<\/a> jo antaneet punavihre\u00e4lle hallitukselle <a class=\"article-genericlink\" href=\"https:\/\/www.is.fi\/politiikka\/art-2000011602308.html\" rel=\"nofollow noopener\" target=\"_blank\">rukkaset<\/a> julkisuudessa, ja nyt sen tekee my\u00f6s keskustan \u00e4\u00e4nest\u00e4j\u00e4kunta.<\/p>\n<blockquote class=\"citation\">\n<p>\u201d<\/p>\n<p>Lindtmanin Sdp voi unohtaa t\u00e4m\u00e4n hallituspohjan.<\/p>\n<\/blockquote>\n<p class=\"article-body mb-nof-24 px-nof-16\">Vain nelj\u00e4 prosenttia keskustan \u00e4\u00e4nest\u00e4jist\u00e4 nime\u00e4\u00e4 punavihre\u00e4n hallituksen suosikikseen. Kannatus on niin v\u00e4h\u00e4ist\u00e4, ett\u00e4 suoremmin asiaa ei voisi en\u00e4\u00e4 ilmaista. Lindtmanin Sdp voi unohtaa t\u00e4m\u00e4n hallituspohjan.<\/p>\n<p class=\"article-body mb-nof-24 px-nof-16\">Jos Lindtman ratsastaa vaalivoittoon, h\u00e4nell\u00e4 on k\u00e4siss\u00e4\u00e4n varsinainen pulma, mik\u00e4li poliitikot kuuntelevat \u00e4\u00e4nest\u00e4ji\u00e4.<\/p>\n<p class=\"article-body mb-nof-24 px-nof-16\">Sinipuna ei kelpaa kansalle, eik\u00e4 se innosta my\u00f6sk\u00e4\u00e4n kokoomuksen ja Sdp:n \u00e4\u00e4nest\u00e4ji\u00e4. Punavihre\u00e4 pohja ei taas kelpaa keskustalle eik\u00e4 keskustan \u00e4\u00e4nest\u00e4jille, vaikka se olisikin Sdp:n, vasemmistoliiton ja vihreiden \u00e4\u00e4nest\u00e4jien ykk\u00f6ssuosikki.<\/p>\n<p class=\"article-body mb-nof-24 px-nof-16\">Lindtman voikin joutua taipumaan kolmen suuren puolueen hallitukseen p\u00e4\u00e4st\u00e4kseen p\u00e4\u00e4ministeriksi. Ensimm\u00e4ist\u00e4 kertaa Suomeen muodostettaisiin Sdp:n, kokoomuksen ja keskustan hallitus. T\u00e4llainen kombo hallituksessa oli lyhyen aikaa 1950-luvun lopulla, mutta silloin mukana oli my\u00f6s Rkp.<\/p>\n<p class=\"article-body mb-nof-24 px-nof-16\">Sdp:t\u00e4 kolmen kimppa kahden porvaripuolueen kanssa ei innosta. Kriisiaikana t\u00e4llainen saattaisi kuitenkin olla perusteltavissa.<\/p>\n<p class=\"article-body mb-nof-24 px-nof-16\">Kolmen suuren hallitus on keskustan \u00e4\u00e4nest\u00e4jien suosikki, mutta sille l\u00f6ytyy tukea my\u00f6s kokoomuksen ja Sdp:n \u00e4\u00e4nest\u00e4jien keskuudesta.<\/p>\n<p class=\"article-body mb-nof-24 px-nof-16\">Kaikkosen keskusta voikin p\u00e4\u00e4st\u00e4 kuninkaantekij\u00e4ksi. Puolue saattaa olla siin\u00e4 tilanteessa, ett\u00e4 se ratkaisee, mink\u00e4lainen hallitus maahan syntyy.<\/p>\n","protected":false},"excerpt":{"rendered":"IS-kyselyn tulokset paljastavat yll\u00e4tt\u00e4vi\u00e4 seikkoja \u00e4\u00e4nest\u00e4jien mielipiteist\u00e4, kirjoittaa politiikan toimittaja Suvi Hautanen. 21.11. 14:16 Kansan viesti p\u00e4\u00e4tt\u00e4jille on&hellip;\n","protected":false},"author":2,"featured_media":96691,"comment_status":"","ping_status":"","sticky":false,"template":"","format":"standard","meta":{"footnotes":""},"categories":[5],"tags":[22,23,26,27,33,31,30,17,34,24,25,28,29,15,18,21,32,19,20,16],"class_list":{"0":"post-96690","1":"post","2":"type-post","3":"status-publish","4":"format-standard","5":"has-post-thumbnail","7":"category-otsikot","8":"tag-breaking-news","9":"tag-breakingnews","10":"tag-featured-news","11":"tag-featurednews","12":"tag-fi","13":"tag-finland","14":"tag-finnish","15":"tag-headlines","16":"tag-ilta-sanomat","17":"tag-latest-news","18":"tag-latestnews","19":"tag-main-news","20":"tag-mainnews","21":"tag-news","22":"tag-otsikot","23":"tag-paauutiset","24":"tag-suomi","25":"tag-top-stories","26":"tag-topstories","27":"tag-uutiset"},"share_on_mastodon":{"url":"https:\/\/pubeurope.com\/@fi\/115591525371063689","error":""},"_links":{"self":[{"href":"https:\/\/www.europesays.com\/fi\/wp-json\/wp\/v2\/posts\/96690","targetHints":{"allow":["GET"]}}],"collection":[{"href":"https:\/\/www.europesays.com\/fi\/wp-json\/wp\/v2\/posts"}],"about":[{"href":"https:\/\/www.europesays.com\/fi\/wp-json\/wp\/v2\/types\/post"}],"author":[{"embeddable":true,"href":"https:\/\/www.europesays.com\/fi\/wp-json\/wp\/v2\/users\/2"}],"replies":[{"embeddable":true,"href":"https:\/\/www.europesays.com\/fi\/wp-json\/wp\/v2\/comments?post=96690"}],"version-history":[{"count":0,"href":"https:\/\/www.europesays.com\/fi\/wp-json\/wp\/v2\/posts\/96690\/revisions"}],"wp:featuredmedia":[{"embeddable":true,"href":"https:\/\/www.europesays.com\/fi\/wp-json\/wp\/v2\/media\/96691"}],"wp:attachment":[{"href":"https:\/\/www.europesays.com\/fi\/wp-json\/wp\/v2\/media?parent=96690"}],"wp:term":[{"taxonomy":"category","embeddable":true,"href":"https:\/\/www.europesays.com\/fi\/wp-json\/wp\/v2\/categories?post=96690"},{"taxonomy":"post_tag","embeddable":true,"href":"https:\/\/www.europesays.com\/fi\/wp-json\/wp\/v2\/tags?post=96690"}],"curies":[{"name":"wp","href":"https:\/\/api.w.org\/{rel}","templated":true}]}}