{"id":96696,"date":"2025-11-22T05:07:09","date_gmt":"2025-11-22T05:07:09","guid":{"rendered":"https:\/\/www.europesays.com\/fi\/96696\/"},"modified":"2025-11-22T05:07:09","modified_gmt":"2025-11-22T05:07:09","slug":"karhu-hyokkasi-koululaisten-kimppuun-yli-kymmenen-loukkaantui","status":"publish","type":"post","link":"https:\/\/www.europesays.com\/fi\/96696\/","title":{"rendered":"Karhu hy\u00f6kk\u00e4si koululaisten kimppuun, yli kymmenen loukkaantui"},"content":{"rendered":"<p>Kanada|Loukkaantuneiden joukossa on sek\u00e4 lapsia ett\u00e4 aikuisia.<\/p>\n<p class=\"article-body mb-nof-24 px-nof-16\">Harmaakarhu hy\u00f6kk\u00e4si koululaisryhm\u00e4n kimppuun Kanadassa torstaina, kertoo Britannian yleisradioyhti\u00f6 <a class=\"article-genericlink\" href=\"https:\/\/www.bbc.com\/news\/articles\/cz68x1n5qd6o\" rel=\"nofollow noopener\" target=\"_blank\">BBC<\/a>. Hy\u00f6kk\u00e4ys tapahtui k\u00e4velyreitill\u00e4 Bella Coolan alueella Brittil\u00e4isess\u00e4 Kolumbiassa.<\/p>\n<p class=\"article-body mb-nof-24 px-nof-16\">11 ihmist\u00e4 loukkaantui, joista kaksi vakavasti. Nelj\u00e4 loukkaantunutta on edelleen sairaalahoidossa. Loukkaantuneiden joukossa on sek\u00e4 lapsia ett\u00e4 aikuisia.<\/p>\n<p class=\"article-body mb-nof-24 px-nof-16\">Viranomaisten mukaan potilaat kuljetettiin ensin l\u00e4heiselle lentokent\u00e4lle, josta heid\u00e4t lenn\u00e4tettiin helikopterilla l\u00e4himp\u00e4\u00e4n sairaalaan.<\/p>\n<p class=\"article-body mb-nof-24 px-nof-16\">Er\u00e4\u00e4n oppilaan vanhemman mukaan kouluryhm\u00e4n miesopettaja \u201dotti iskun vastaan\u201d, kun aikuiset yrittiv\u00e4t torjua karhua, BBC kertoo. Osa lapsista altistui karhusumutteelle tilanteen aikana.<\/p>\n<p class=\"article-body mb-nof-24 px-nof-16\">Haastatellun vanhemman 10-vuotias poika oli osa koululaisryhm\u00e4\u00e4. Lapsi oli kuitenkin v\u00e4lttynyt itse karhuhy\u00f6kk\u00e4ykselt\u00e4.<\/p>\n<p class=\"article-body mb-nof-24 px-nof-16\">\u201dH\u00e4n sanoi, ett\u00e4 karhu juoksi aivan h\u00e4nen vierest\u00e4\u00e4n, mutta oli menossa jonkun toisen per\u00e4\u00e4n\u201d, vanhempi kertoi ja lis\u00e4si, ett\u00e4 lapsi \u201djopa tunsi karhun turkin\u201d.<\/p>\n<p class=\"article-body mb-nof-24 px-nof-16\">Viranomaiset ovat kehottaneet alueen asukkaita pysym\u00e4\u00e4n sis\u00e4tiloissa, kun etsinn\u00e4t karhun l\u00f6yt\u00e4miseksi jatkuvat.<\/p>\n","protected":false},"excerpt":{"rendered":"Kanada|Loukkaantuneiden joukossa on sek\u00e4 lapsia ett\u00e4 aikuisia. Harmaakarhu hy\u00f6kk\u00e4si koululaisryhm\u00e4n kimppuun Kanadassa torstaina, kertoo Britannian yleisradioyhti\u00f6 BBC. Hy\u00f6kk\u00e4ys&hellip;\n","protected":false},"author":2,"featured_media":96697,"comment_status":"","ping_status":"","sticky":false,"template":"","format":"standard","meta":{"footnotes":""},"categories":[14],"tags":[22,23,26,27,33,31,30,17,46,24,25,28,29,15,18,21,32,19,20,56,16,59,60,61],"class_list":{"0":"post-96696","1":"post","2":"type-post","3":"status-publish","4":"format-standard","5":"has-post-thumbnail","7":"category-ulkomaat","8":"tag-breaking-news","9":"tag-breakingnews","10":"tag-featured-news","11":"tag-featurednews","12":"tag-fi","13":"tag-finland","14":"tag-finnish","15":"tag-headlines","16":"tag-helsingin-sanomat","17":"tag-latest-news","18":"tag-latestnews","19":"tag-main-news","20":"tag-mainnews","21":"tag-news","22":"tag-otsikot","23":"tag-paauutiset","24":"tag-suomi","25":"tag-top-stories","26":"tag-topstories","27":"tag-ulkomaat","28":"tag-uutiset","29":"tag-world","30":"tag-world-news","31":"tag-worldnews"},"share_on_mastodon":{"url":"https:\/\/pubeurope.com\/@fi\/115591619850301126","error":""},"_links":{"self":[{"href":"https:\/\/www.europesays.com\/fi\/wp-json\/wp\/v2\/posts\/96696","targetHints":{"allow":["GET"]}}],"collection":[{"href":"https:\/\/www.europesays.com\/fi\/wp-json\/wp\/v2\/posts"}],"about":[{"href":"https:\/\/www.europesays.com\/fi\/wp-json\/wp\/v2\/types\/post"}],"author":[{"embeddable":true,"href":"https:\/\/www.europesays.com\/fi\/wp-json\/wp\/v2\/users\/2"}],"replies":[{"embeddable":true,"href":"https:\/\/www.europesays.com\/fi\/wp-json\/wp\/v2\/comments?post=96696"}],"version-history":[{"count":0,"href":"https:\/\/www.europesays.com\/fi\/wp-json\/wp\/v2\/posts\/96696\/revisions"}],"wp:featuredmedia":[{"embeddable":true,"href":"https:\/\/www.europesays.com\/fi\/wp-json\/wp\/v2\/media\/96697"}],"wp:attachment":[{"href":"https:\/\/www.europesays.com\/fi\/wp-json\/wp\/v2\/media?parent=96696"}],"wp:term":[{"taxonomy":"category","embeddable":true,"href":"https:\/\/www.europesays.com\/fi\/wp-json\/wp\/v2\/categories?post=96696"},{"taxonomy":"post_tag","embeddable":true,"href":"https:\/\/www.europesays.com\/fi\/wp-json\/wp\/v2\/tags?post=96696"}],"curies":[{"name":"wp","href":"https:\/\/api.w.org\/{rel}","templated":true}]}}