{"id":96698,"date":"2025-11-22T05:08:06","date_gmt":"2025-11-22T05:08:06","guid":{"rendered":"https:\/\/www.europesays.com\/fi\/96698\/"},"modified":"2025-11-22T05:08:06","modified_gmt":"2025-11-22T05:08:06","slug":"susi-hyokkasi-koiran-kimppuun-elimaella","status":"publish","type":"post","link":"https:\/\/www.europesays.com\/fi\/96698\/","title":{"rendered":"Susi hy\u00f6kk\u00e4si koiran kimppuun Elim\u00e4ell\u00e4"},"content":{"rendered":"<p>Kuusivuotias norjanhirvikoira joutui Elim\u00e4ell\u00e4 suden hy\u00f6kk\u00e4yksen kohteeksi, Mets\u00e4st\u00e4j\u00e4liitto kertoo tiedotteessaan. Otto-niminen koira oli haukkunut mets\u00e4stysreissulla hirve\u00e4 vajaan 20 minuutin ajan, kunnes susi hy\u00f6kk\u00e4si sen kimppuun 20. marraskuuta. Koira kuoli hy\u00f6kk\u00e4yksess\u00e4.<\/p>\n<p>Omistaja kertoo, ett\u00e4 koira l\u00f6ysi hirven, jonka per\u00e4ss\u00e4 se juoksi Pukaroon. Omistaja oli hy\u00f6kk\u00e4yksen sattuessa noin kahden kilometrin p\u00e4\u00e4ss\u00e4.<\/p>\n<p>\u2013 P\u00e4\u00e4stin Oton mets\u00e4\u00e4n aamup\u00e4iv\u00e4ll\u00e4 Elim\u00e4ell\u00e4. Se haki hyvin ja l\u00f6ysi hirven, joka juoksikin aika haipakkaa parin kilometrin verran Uudenmaan puolelle, Pukarolle. Siin\u00e4 koira enn\u00e4tti haukkua 20 minuuttia, kunnes susi hy\u00f6kk\u00e4si ja tappoi sen, <strong>Mikko Rantala<\/strong>\u00a0kertoo.<\/p>\n<p>Paikalle p\u00e4\u00e4stess\u00e4\u00e4n Rantala huomasi tuoreet sudenj\u00e4ljet. Paikalle saapui my\u00f6s petoyhdyshenkil\u00f6, jonka mukaan tekij\u00e4n\u00e4 oli yksi susi. Hy\u00f6kk\u00e4ys tapahtui noin 150 metrin p\u00e4\u00e4ss\u00e4 peltoaukeasta, l\u00e4himpien talojen ollessa noin puolen kilometrin p\u00e4\u00e4ss\u00e4.<\/p>\n<p>Mets\u00e4st\u00e4j\u00e4liiton mukaan kyseess\u00e4 on 29. susihy\u00f6kk\u00e4ys t\u00e4m\u00e4n jahtikauden aikana.<\/p>\n<p>Lue my\u00f6s: <a href=\"https:\/\/www.voice.fi\/ilmiot\/yle-hallitus-sallii-suden-metsastyksen\" title=\"Yle: Hallitus sallii suden mets\u00e4styksen\" class=\"underline-custom !font-montserrat !font-bold !underline-offset-4 !decoration-4 !decoration-tilt-light !text-md\" rel=\"nofollow noopener\" target=\"_blank\">Yle: Hallitus sallii suden mets\u00e4styksen<\/a><\/p>\n<p>L\u00e4hde: <a href=\"https:\/\/www.sttinfo.fi\/tiedote\/71629407\/susi-tappoi-hirvikoiran-elimaella?publisherId=69819001&amp;lang=fi\" target=\"_blank\" rel=\"noreferrer noopener nofollow\">STT<\/a><\/p>\n","protected":false},"excerpt":{"rendered":"Kuusivuotias norjanhirvikoira joutui Elim\u00e4ell\u00e4 suden hy\u00f6kk\u00e4yksen kohteeksi, Mets\u00e4st\u00e4j\u00e4liitto kertoo tiedotteessaan. Otto-niminen koira oli haukkunut mets\u00e4stysreissulla hirve\u00e4 vajaan 20&hellip;\n","protected":false},"author":2,"featured_media":96699,"comment_status":"","ping_status":"","sticky":false,"template":"","format":"standard","meta":{"footnotes":""},"categories":[12],"tags":[22,23,26,27,33,31,30,17,3434,24,25,28,29,18846,18847,15,18,21,32,4237,19,20,16],"class_list":{"0":"post-96698","1":"post","2":"type-post","3":"status-publish","4":"format-standard","5":"has-post-thumbnail","7":"category-suomi","8":"tag-breaking-news","9":"tag-breakingnews","10":"tag-featured-news","11":"tag-featurednews","12":"tag-fi","13":"tag-finland","14":"tag-finnish","15":"tag-headlines","16":"tag-koira","17":"tag-latest-news","18":"tag-latestnews","19":"tag-main-news","20":"tag-mainnews","21":"tag-metsu00e4stu00e4ju00e4liitto","22":"tag-metsu00e4stys","23":"tag-news","24":"tag-otsikot","25":"tag-paauutiset","26":"tag-suomi","27":"tag-susi","28":"tag-top-stories","29":"tag-topstories","30":"tag-uutiset"},"share_on_mastodon":{"url":"https:\/\/pubeurope.com\/@fi\/115591623724734779","error":""},"_links":{"self":[{"href":"https:\/\/www.europesays.com\/fi\/wp-json\/wp\/v2\/posts\/96698","targetHints":{"allow":["GET"]}}],"collection":[{"href":"https:\/\/www.europesays.com\/fi\/wp-json\/wp\/v2\/posts"}],"about":[{"href":"https:\/\/www.europesays.com\/fi\/wp-json\/wp\/v2\/types\/post"}],"author":[{"embeddable":true,"href":"https:\/\/www.europesays.com\/fi\/wp-json\/wp\/v2\/users\/2"}],"replies":[{"embeddable":true,"href":"https:\/\/www.europesays.com\/fi\/wp-json\/wp\/v2\/comments?post=96698"}],"version-history":[{"count":0,"href":"https:\/\/www.europesays.com\/fi\/wp-json\/wp\/v2\/posts\/96698\/revisions"}],"wp:featuredmedia":[{"embeddable":true,"href":"https:\/\/www.europesays.com\/fi\/wp-json\/wp\/v2\/media\/96699"}],"wp:attachment":[{"href":"https:\/\/www.europesays.com\/fi\/wp-json\/wp\/v2\/media?parent=96698"}],"wp:term":[{"taxonomy":"category","embeddable":true,"href":"https:\/\/www.europesays.com\/fi\/wp-json\/wp\/v2\/categories?post=96698"},{"taxonomy":"post_tag","embeddable":true,"href":"https:\/\/www.europesays.com\/fi\/wp-json\/wp\/v2\/tags?post=96698"}],"curies":[{"name":"wp","href":"https:\/\/api.w.org\/{rel}","templated":true}]}}