{"id":96714,"date":"2025-11-22T05:33:08","date_gmt":"2025-11-22T05:33:08","guid":{"rendered":"https:\/\/www.europesays.com\/fi\/96714\/"},"modified":"2025-11-22T05:33:08","modified_gmt":"2025-11-22T05:33:08","slug":"mark-galeotti-yhdysvaltain-rauhansuunnitelma-ei-ole-vaatimus-ukrainan-antautumiselle","status":"publish","type":"post","link":"https:\/\/www.europesays.com\/fi\/96714\/","title":{"rendered":"Mark Galeotti: Yhdysvaltain rauhansuunnitelma ei ole vaatimus Ukrainan antautumiselle"},"content":{"rendered":"<p>Ven\u00e4j\u00e4n hy\u00f6kk\u00e4yssota|Brittitutkija Mark Galeottin mukaan suunnitelma on vaillinainen, mutta tilanteeseen n\u00e4hden kenties paras mahdollinen.<\/p>\n<p class=\"article-body mb-nof-24 px-nof-16\">Arvostettu Ven\u00e4j\u00e4-tutkija <a class=\"article-personlink\" href=\"https:\/\/www.hs.fi\/haku\/?query=Mark%20Galeotti\" rel=\"nofollow noopener\" target=\"_blank\">Mark Galeotti<\/a> kommentoi viestipalvelu <a class=\"article-genericlink\" href=\"https:\/\/x.com\/MarkGaleotti\/status\/1991765041545359748?s=20\" rel=\"nofollow\">X:ss\u00e4<\/a>, ett\u00e4 Yhdysvaltain rauhansuunnitelma on &#8221;jokseenkin lupaava&#8221; l\u00e4ht\u00f6kohta \u201dtappamisen p\u00e4\u00e4tt\u00e4miseksi\u201d.<\/p>\n<p class=\"article-body mb-nof-24 px-nof-16\">Helsingin Sanomat <a class=\"article-genericlink\" href=\"https:\/\/www.hs.fi\/kirjeenvaihtajat\/art-2000011621565.html\" rel=\"nofollow noopener\" target=\"_blank\">haastatteli<\/a> Galeottia aiemmin marraskuussa.<\/p>\n<p class=\"article-body mb-nof-24 px-nof-16\">Yhdysvaltalaislehti <a class=\"article-genericlink\" href=\"https:\/\/www.axios.com\/2025\/11\/20\/trump-ukraine-peace-plan-28-points-russia\" rel=\"nofollow noopener\" target=\"_blank\">Axios<\/a> julkaisi 28-kohtaisen suunnitelman kokonaisuudessaan Suomen aikaa perjantain vastaisena y\u00f6n\u00e4.<\/p>\n<p class=\"article-body mb-nof-24 px-nof-16\">\u201dT\u00e4m\u00e4 on varmasti ep\u00e4suosittu mielipide, mutta vaikka Yhdysvaltain suunnitelma Ukrainalle on huonosti laadittu ja vaillinainen, se ei ole yksinkertainen vaatimus Ukrainan antautumiselle\u201d, Galeotti kommentoi X:ss\u00e4.<\/p>\n<p class=\"article-body mb-nof-24 px-nof-16\">Galeottin mukaan suunnitelmassa vaaditut alueluovutukset voisivat olla v\u00e4liaikainen ratkaisu, koska ne ovat mallia de facto. Sanamuoto viittaa siihen, ett\u00e4 tilanne tunnustetaan k\u00e4yt\u00e4nn\u00f6ss\u00e4, muttei kansainv\u00e4lisoikeudellisesti. Suunnitelmaan on tosin kirjattu, ett\u00e4 Yhdysvallat tunnustaa alueiden kuuluvan Ven\u00e4j\u00e4lle.<\/p>\n<p class=\"article-body mb-nof-24 px-nof-16\">\u201dT\u00e4m\u00e4 ei sulje pois mahdollisuutta rauhalliselle yhdistymiselle tulevaisuudessa, Saksan tyyliin\u201d, Galeotti kirjoittaa.<\/p>\n<p class=\"article-body mb-nof-24 px-nof-16\">It\u00e4- ja L\u00e4nsi-Saksa yhdistyiv\u00e4t vuonna 1990. Ne erosivat toisen maailmansodan seurauksena.<\/p>\n<p class=\"article-body mb-nof-24 px-nof-16\">Suunnitelman mukaan Ukrainan asevoimien henkil\u00f6st\u00f6m\u00e4\u00e4r\u00e4\u00e4 rajoitettaisiin 600 000:een. Galeotti kertoo odottaneensa ankarampaa rajoitusta. H\u00e4n sanoo, ett\u00e4 sotatilanteessa joukkoja mobilisoitaisiin lis\u00e4\u00e4.<\/p>\n<p class=\"article-body mb-nof-24 px-nof-16\">\u201dKun puhuin er\u00e4iden Britannian puolustusministeri\u00f6n analyytikkojen kanssa, he ep\u00e4iliv\u00e4t, olisiko Kiovalla varaa yli 500 000:een pitk\u00e4ll\u00e4 aikav\u00e4lill\u00e4.\u201d<\/p>\n<p class=\"article-body mb-nof-24 px-nof-16\">\u201dOnko se niin paljon kuin monet Ukrainassa ehk\u00e4 haluaisivat? Todenn\u00e4k\u00f6isesti ei, mutta maa ei olisi miss\u00e4\u00e4n nimess\u00e4 puolustuskyvyt\u00f6n.\u201d<\/p>\n<p class=\"article-body mb-nof-24 px-nof-16\">Lis\u00e4ksi Galeotti huomauttaa, ett\u00e4 suunnitelmassa Ukrainalta ei kiellett\u00e4isi pitk\u00e4n kantaman aseita, ainoastaan iskut Pietariin ja Moskovaan &#8221;syytt\u00e4&#8221;.<\/p>\n<p class=\"article-body mb-nof-24 px-nof-16\">Suunnitelmaan on my\u00f6s kirjattu, ett\u00e4 Ukrainan t\u00e4ll\u00e4 hetkell\u00e4 hallitsema osa Donetskia muutettaisiin demilitarisoiduksi alueeksi. Galeotti sanoo, ett\u00e4 p\u00e4\u00e4t\u00f6s voisi olla Ukrainalle &#8221;helpompi niell\u00e4&#8221;, koska Ven\u00e4j\u00e4 ei voisi k\u00e4ytt\u00e4\u00e4 aluetta tulevissa hy\u00f6kk\u00e4yksiss\u00e4.<\/p>\n<p class=\"article-body mb-nof-24 px-nof-16\">Galeotti sanoo my\u00f6s, ett\u00e4 j\u00e4\u00e4dytettyjen varojen k\u00e4ytt\u00f6 Ukrainan j\u00e4lleenrakentamiseen on parempi lopputulos kuin h\u00e4n odotti.<\/p>\n<p class=\"article-body mb-nof-24 px-nof-16\">\u201dVaikkakin j\u00e4lleenrakennus vaikuttaa hyv\u00e4ksik\u00e4ytt\u00e4v\u00e4lt\u00e4 tai koloniaaliselta (Yhdysvaltain eduksi)\u201d, Galeotti jatkaa.<\/p>\n<p class=\"article-body mb-nof-24 px-nof-16\">\u201dEn v\u00e4it\u00e4 t\u00e4m\u00e4n olevan hyv\u00e4 suunnitelma. \u2013\u2013 Mutta se on luultavasti l\u00e4hinn\u00e4 neuvottelupohjaa, jollaista olisimme voineet odottaa.\u201d<\/p>\n","protected":false},"excerpt":{"rendered":"Ven\u00e4j\u00e4n hy\u00f6kk\u00e4yssota|Brittitutkija Mark Galeottin mukaan suunnitelma on vaillinainen, mutta tilanteeseen n\u00e4hden kenties paras mahdollinen. Arvostettu Ven\u00e4j\u00e4-tutkija Mark Galeotti&hellip;\n","protected":false},"author":2,"featured_media":96715,"comment_status":"","ping_status":"","sticky":false,"template":"","format":"standard","meta":{"footnotes":""},"categories":[14],"tags":[22,23,26,27,33,31,30,17,46,24,25,28,29,15,18,21,32,19,20,56,16,59,60,61],"class_list":{"0":"post-96714","1":"post","2":"type-post","3":"status-publish","4":"format-standard","5":"has-post-thumbnail","7":"category-ulkomaat","8":"tag-breaking-news","9":"tag-breakingnews","10":"tag-featured-news","11":"tag-featurednews","12":"tag-fi","13":"tag-finland","14":"tag-finnish","15":"tag-headlines","16":"tag-helsingin-sanomat","17":"tag-latest-news","18":"tag-latestnews","19":"tag-main-news","20":"tag-mainnews","21":"tag-news","22":"tag-otsikot","23":"tag-paauutiset","24":"tag-suomi","25":"tag-top-stories","26":"tag-topstories","27":"tag-ulkomaat","28":"tag-uutiset","29":"tag-world","30":"tag-world-news","31":"tag-worldnews"},"share_on_mastodon":{"url":"https:\/\/pubeurope.com\/@fi\/115591721999532319","error":""},"_links":{"self":[{"href":"https:\/\/www.europesays.com\/fi\/wp-json\/wp\/v2\/posts\/96714","targetHints":{"allow":["GET"]}}],"collection":[{"href":"https:\/\/www.europesays.com\/fi\/wp-json\/wp\/v2\/posts"}],"about":[{"href":"https:\/\/www.europesays.com\/fi\/wp-json\/wp\/v2\/types\/post"}],"author":[{"embeddable":true,"href":"https:\/\/www.europesays.com\/fi\/wp-json\/wp\/v2\/users\/2"}],"replies":[{"embeddable":true,"href":"https:\/\/www.europesays.com\/fi\/wp-json\/wp\/v2\/comments?post=96714"}],"version-history":[{"count":0,"href":"https:\/\/www.europesays.com\/fi\/wp-json\/wp\/v2\/posts\/96714\/revisions"}],"wp:featuredmedia":[{"embeddable":true,"href":"https:\/\/www.europesays.com\/fi\/wp-json\/wp\/v2\/media\/96715"}],"wp:attachment":[{"href":"https:\/\/www.europesays.com\/fi\/wp-json\/wp\/v2\/media?parent=96714"}],"wp:term":[{"taxonomy":"category","embeddable":true,"href":"https:\/\/www.europesays.com\/fi\/wp-json\/wp\/v2\/categories?post=96714"},{"taxonomy":"post_tag","embeddable":true,"href":"https:\/\/www.europesays.com\/fi\/wp-json\/wp\/v2\/tags?post=96714"}],"curies":[{"name":"wp","href":"https:\/\/api.w.org\/{rel}","templated":true}]}}