{"id":96722,"date":"2025-11-22T05:40:41","date_gmt":"2025-11-22T05:40:41","guid":{"rendered":"https:\/\/www.europesays.com\/fi\/96722\/"},"modified":"2025-11-22T05:40:41","modified_gmt":"2025-11-22T05:40:41","slug":"valvontatehtavat-kuormittavat-janakkalan-ymparistonsuojelua-kanta-hame","status":"publish","type":"post","link":"https:\/\/www.europesays.com\/fi\/96722\/","title":{"rendered":"Valvontateht\u00e4v\u00e4t kuormittavat Janakkalan ymp\u00e4rist\u00f6nsuojelua | Kanta-H\u00e4me"},"content":{"rendered":"<p class=\"aw-1gybjub aw-5vja16 kEtdKx kmuxyA yle__article__paragraph\">Valvonnan tehostamiseksi kuntaan on perustettu uusi ymp\u00e4rist\u00f6tarkastajan virka.<\/p>\n<p><img decoding=\"async\" alt=\"Roskia luonnossa.\" src=\"https:\/\/www.europesays.com\/fi\/wp-content\/uploads\/2025\/11\/39-5823125d4bffeaac2ac.jpeg\" class=\"aw-1l9m598 hKVVvP\"\/><\/p>\n<p>Avaa kuvien katselu<\/p>\n<p>Valvontateht\u00e4v\u00e4 voi koskea ymp\u00e4rist\u00f6n roskaamista. Kuva ei liity juttuun. Kuvituskuva. Kuva: Karoliina Simoinen \/ Yle<\/p>\n<p class=\"aw-1gybjub aw-1p7kakr kEtdKx cEmitX yle__article__paragraph\">Janakkalan ymp\u00e4rist\u00f6nsuojelussa on ollut poikkeuksellisen kiireinen alkuvuosi. Ymp\u00e4rist\u00f6suunnittelija <strong class=\"aw-ak79eh KyCXm yle__article__strong\">Tuuli V\u00e4h\u00e4l\u00e4n<\/strong> ja ymp\u00e4rist\u00f6nsuojelun henkil\u00f6st\u00f6n ty\u00f6p\u00f6yd\u00e4lle on tullut ymp\u00e4rist\u00f6lupahakemuksia ja valvontateht\u00e4vi\u00e4 enemm\u00e4n kuin aiempina vuosina.<\/p>\n<p class=\"aw-1gybjub aw-1p7kakr kEtdKx cEmitX yle__article__paragraph\">M\u00e4\u00e4rien kasvuun vaikuttavat V\u00e4h\u00e4l\u00e4n mukaan monet asiat. Lains\u00e4\u00e4d\u00e4nn\u00f6ss\u00e4 on esimerkiksi tapahtunut muutoksia, mik\u00e4 on muuttanut my\u00f6s lupavaatimuksia. V\u00e4h\u00e4l\u00e4n mukaan ihmiset ovat my\u00f6s paremmin perill\u00e4 vaatimuksista.<\/p>\n<p class=\"aw-1gybjub aw-1p7kakr kEtdKx cEmitX yle__article__paragraph\">V\u00e4h\u00e4l\u00e4n mielest\u00e4 lupahakemusten ja valvontateht\u00e4vien kasvu kertoo hyv\u00e4\u00e4 viesti\u00e4 siit\u00e4, ett\u00e4 Janakkalassa yritykset tekev\u00e4t investointeja.<\/p>\n<p class=\"aw-1gybjub aw-1p7kakr kEtdKx cEmitX yle__article__paragraph\">Valvonnan kasvu kertoo puolestaan siit\u00e4, ett\u00e4 kunnan tietoon on tullut enemm\u00e4n asioita esimerkiksi ilmiantoina.<\/p>\n<p class=\"aw-1gybjub aw-1p7kakr kEtdKx cEmitX yle__article__paragraph\">\u2013 Valvontaa vaativia tapauksia tulee my\u00f6s omina havaintoina, ely-keskukselta, valvontael\u00e4inl\u00e4\u00e4k\u00e4rilt\u00e4 tai poliisilta, ja niihin on reagoitava nopeasti.<\/p>\n<p class=\"aw-1gybjub aw-1p7kakr kEtdKx cEmitX yle__article__paragraph\">Valvonnan lis\u00e4resurssiksi kuntaan on perustettu uusi ymp\u00e4rist\u00f6tarkastajan virka. V\u00e4h\u00e4l\u00e4 toivoo, ett\u00e4 ymp\u00e4rist\u00f6nsuojelussa saadaan jatkossa tehty\u00e4 enemm\u00e4n luonnonsuojelu- ja ilmastoty\u00f6t\u00e4.<\/p>\n<p class=\"aw-1gybjub aw-1p7kakr kEtdKx cEmitX yle__article__paragraph\">Seuraa Kanta-H\u00e4meen uutisia <a class=\"aw-iao6s4 iHOxEa yle__article__link\" href=\"https:\/\/areena.yle.fi\/tv\/ohjelmat\/57-4DAy6mXXW\" role=\"link\" rel=\"nofollow noopener\" target=\"_blank\">Yle Areenassa<\/a> ja <a class=\"aw-iao6s4 iHOxEa yle__article__link\" href=\"https:\/\/yle.fi\/uutiset\/18-195288\" role=\"link\" rel=\"nofollow noopener\" target=\"_blank\">Ylen verkkosivuilla<\/a>.<\/p>\n","protected":false},"excerpt":{"rendered":"Valvonnan tehostamiseksi kuntaan on perustettu uusi ymp\u00e4rist\u00f6tarkastajan virka. Avaa kuvien katselu Valvontateht\u00e4v\u00e4 voi koskea ymp\u00e4rist\u00f6n roskaamista. Kuva ei&hellip;\n","protected":false},"author":2,"featured_media":96723,"comment_status":"","ping_status":"","sticky":false,"template":"","format":"standard","meta":{"footnotes":""},"categories":[113],"tags":[446,33,31,30,3889,1794,1833,758,118,32,119,4647,447],"class_list":{"0":"post-96722","1":"post","2":"type-post","3":"status-publish","4":"format-standard","5":"has-post-thumbnail","7":"category-ymparisto","8":"tag-environment","9":"tag-fi","10":"tag-finland","11":"tag-finnish","12":"tag-janakkala","13":"tag-kanta-hame","14":"tag-kunnat","15":"tag-luonto-ja-ymparisto","16":"tag-science","17":"tag-suomi","18":"tag-tiede","19":"tag-viranomaisvalvonta","20":"tag-ymparisto"},"share_on_mastodon":{"url":"https:\/\/pubeurope.com\/@fi\/115591749718329468","error":""},"_links":{"self":[{"href":"https:\/\/www.europesays.com\/fi\/wp-json\/wp\/v2\/posts\/96722","targetHints":{"allow":["GET"]}}],"collection":[{"href":"https:\/\/www.europesays.com\/fi\/wp-json\/wp\/v2\/posts"}],"about":[{"href":"https:\/\/www.europesays.com\/fi\/wp-json\/wp\/v2\/types\/post"}],"author":[{"embeddable":true,"href":"https:\/\/www.europesays.com\/fi\/wp-json\/wp\/v2\/users\/2"}],"replies":[{"embeddable":true,"href":"https:\/\/www.europesays.com\/fi\/wp-json\/wp\/v2\/comments?post=96722"}],"version-history":[{"count":0,"href":"https:\/\/www.europesays.com\/fi\/wp-json\/wp\/v2\/posts\/96722\/revisions"}],"wp:featuredmedia":[{"embeddable":true,"href":"https:\/\/www.europesays.com\/fi\/wp-json\/wp\/v2\/media\/96723"}],"wp:attachment":[{"href":"https:\/\/www.europesays.com\/fi\/wp-json\/wp\/v2\/media?parent=96722"}],"wp:term":[{"taxonomy":"category","embeddable":true,"href":"https:\/\/www.europesays.com\/fi\/wp-json\/wp\/v2\/categories?post=96722"},{"taxonomy":"post_tag","embeddable":true,"href":"https:\/\/www.europesays.com\/fi\/wp-json\/wp\/v2\/tags?post=96722"}],"curies":[{"name":"wp","href":"https:\/\/api.w.org\/{rel}","templated":true}]}}