{"id":96724,"date":"2025-11-22T05:47:10","date_gmt":"2025-11-22T05:47:10","guid":{"rendered":"https:\/\/www.europesays.com\/fi\/96724\/"},"modified":"2025-11-22T05:47:10","modified_gmt":"2025-11-22T05:47:10","slug":"liisa-rintaniemi-kertoo-mielipiteensa-kesalomien-siirtamisesta","status":"publish","type":"post","link":"https:\/\/www.europesays.com\/fi\/96724\/","title":{"rendered":"Liisa Rintaniemi kertoo mielipiteens\u00e4 kes\u00e4lomien siirt\u00e4misest\u00e4"},"content":{"rendered":"<p>Liisa Rintaniemi t\u00e4ht\u00e4\u00e4 lomansa samoihin aikoihin kouluik\u00e4isten lastensa kanssa. Kes\u00e4lomien siirt\u00e4mist\u00e4 h\u00e4n ei kannata.<\/p>\n<p class=\"article-body mb-nof-24 px-nof-16\">Tv-meteorologi <a class=\"article-personlink\" href=\"https:\/\/www.is.fi\/haku\/?query=Liisa%20Rintaniemell\" rel=\"nofollow noopener\" target=\"_blank\">Liisa Rintaniemell<\/a>e, 46, loma-ajat eiv\u00e4t ole sellaisia kohokohtia, ett\u00e4 kaikki el\u00e4minen keskitett\u00e4isiin vain niihin. Tosin sekin oppi on tullut kokemusten kautta.<\/p>\n<p class=\"article-body mb-nof-24 px-nof-16\">\u2013 My\u00f6nn\u00e4n syyllistyneeni joskus siihen, ett\u00e4 latasin hirve\u00e4t odotukset lomaan, joka ei mennytk\u00e4\u00e4n sill\u00e4 tavalla. Lopputuloksena olin \u00e4rtynyt ja stressaantunut. Rupesin v\u00e4h\u00e4n jopa kammoamaan lomia, ja sen takia jouduin jossain vaiheessa vet\u00e4m\u00e4\u00e4n k\u00e4sijarrua.<\/p>\n<p class=\"article-body mb-nof-24 px-nof-16\">Rintaniemi osaa nauttia arjesta.<\/p>\n<p class=\"article-body mb-nof-24 px-nof-16\">\u2013 Ei kaikkea mukavaa tarvitse s\u00e4\u00e4st\u00e4\u00e4 lomalle, my\u00f6s arkisin voi tehd\u00e4 kaikenlaista. Pid\u00e4n omasta, hyvin j\u00e4rjestetyst\u00e4 arjestani. Nautin ty\u00f6st\u00e4ni enk\u00e4 koe ty\u00f6el\u00e4m\u00e4\u00e4 hirve\u00e4n stressaavana.<\/p>\n<p class=\"article-body mb-nof-24 px-nof-16\">Rintaniemi on iloinen, ett\u00e4 h\u00e4nen kes\u00e4lomansa ovat olleet viime vuosina hein\u00e4kuussa. Rintaniemen esikoinen on 15-vuotias, toinen pojista 12-vuotias ja tyt\u00e4r t\u00e4ytti syyskuun alussa kolme vuotta.<\/p>\n<p class=\"article-body mb-nof-24 px-nof-16\">\u2013 Koululaisten ja p\u00e4iv\u00e4koti-ik\u00e4isen vanhempana on tietysti t\u00e4rke\u00e4\u00e4, ett\u00e4 saisin pit\u00e4\u00e4 loman silloin, kun lapsillakin on vapaata. Se onkin onneksi onnistunut, kiitos ty\u00f6tovereiden.<\/p>\n<p><img decoding=\"async\" src=\"https:\/\/www.europesays.com\/fi\/wp-content\/uploads\/2025\/11\/1763790430_721_468.jpg\" alt=\"Liisa Rintaniemi nauttii ty\u00f6st\u00e4\u00e4n, eik\u00e4 koe suurta stressi\u00e4 siit\u00e4.\" class=\"_Img_1rerz_1\" style=\"aspect-ratio:1.5\" loading=\"eager\"\/><\/p>\n<p class=\"article-picture-caption\">Liisa Rintaniemi nauttii ty\u00f6st\u00e4\u00e4n, eik\u00e4 koe suurta stressi\u00e4 siit\u00e4. Kuva:\u00a0Pete Aarre-Ahtio \/ IS<\/p>\n<p class=\"article-body mb-nof-24 px-nof-16\">T\u00e4n\u00e4 vuonna on keskusteltu koululaisten kes\u00e4lomien siirt\u00e4misest\u00e4 eteenp\u00e4in. Rintaniemi sanoo miettineens\u00e4 asiaa eri kanteilta.<\/p>\n<p class=\"article-body mb-nof-24 px-nof-16\">\u2013 Lapset, ja varmaan my\u00f6s opettajat, ovat pitk\u00e4n kev\u00e4tlukukauden j\u00e4lkeen ihan puhki. Miten hyvin he jaksaisivat viel\u00e4 pari viikkoa lis\u00e4\u00e4, h\u00e4n pohtii.<\/p>\n<p class=\"article-body mb-nof-24 px-nof-16\">\u2013 Olen nykyisen systeemin kannalla. Sit\u00e4 voisi kenties mietti\u00e4, pit\u00e4\u00e4k\u00f6 kes\u00e4loman olla kymmenen viikkoa putkeen vai voisiko siit\u00e4 nipist\u00e4\u00e4 v\u00e4h\u00e4n pident\u00e4m\u00e4\u00e4n muita lomia.<\/p>\n<p class=\"article-body mb-nof-24 px-nof-16\">Rintaniemi on n\u00e4hnyt l\u00e4helt\u00e4 opettajien el\u00e4m\u00e4\u00e4, koska h\u00e4nen molemmat vanhempansa ovat olleet fysiikan opettajia.<\/p>\n<p class=\"article-body mb-nof-24 px-nof-16\">\u2013 Hatunnosto kaikille opettajille, pid\u00e4n heid\u00e4n tekem\u00e4\u00e4ns\u00e4 ty\u00f6t\u00e4 hyvin arvokkaana. Ja kahden koululaisen \u00e4itin\u00e4 seuraan koulumaailmaa kiinnostuneena.<\/p>\n<p class=\"article-body mb-nof-24 px-nof-16\">Lue lis\u00e4\u00e4: <a class=\"article-genericlink\" href=\"https:\/\/www.is.fi\/politiikka\/art-2000011438810.html\" rel=\"nofollow noopener\" target=\"_blank\">OAJ:lt\u00e4 suorat sanat kes\u00e4\u00adlomien siirt\u00e4misest\u00e4<\/a><\/p>\n<p class=\"article-body mb-nof-24 px-nof-16\">Nykyisess\u00e4 el\u00e4m\u00e4nvaiheessa ei ole juurikaan aikaa television katseluun, mutta elokuvia tulee katsottua yhdess\u00e4 perheen kanssa.<\/p>\n<p class=\"article-body mb-nof-24 px-nof-16\">\u2013 Meill\u00e4 lapset ovat n\u00e4hneet elokuvia, joihin heid\u00e4n ik\u00e4ns\u00e4 ei joskus ole riitt\u00e4nyt. Tietyt 80- ja 90-lukujen klassikot kuuluvat mielest\u00e4ni yleissivistykseen. Ne ovat aika viattomia verrattuna siihen, mit\u00e4 nyky\u00e4\u00e4n py\u00f6rii sosiaalisessa mediassa, Rintaniemi huomauttaa.<\/p>\n<p class=\"article-body mb-nof-24 px-nof-16\">Pitk\u00e4n uran tv-meteorologina tehnyt Rintaniemi on opiskellut itselleen l\u00e4\u00e4k\u00e4rin tutkinnon. Huomenta Suomessa ett\u00e4 Kymmenen uutisissa n\u00e4kyv\u00e4 Rintaniemi arvelee, ettei v\u00e4ltt\u00e4m\u00e4tt\u00e4 pysy ruudussa el\u00e4kkeelle asti.<\/p>\n<p class=\"article-body mb-nof-24 px-nof-16\">\u2013 T\u00e4m\u00e4 on vuoroty\u00f6t\u00e4, en en\u00e4\u00e4 ehk\u00e4 vanhempana jaksa sit\u00e4, vaikka t\u00e4ll\u00e4 hetkell\u00e4 kaikki sujuukin hyvin. I\u00e4n my\u00f6t\u00e4 oma rytmi on muuttunut aamupainotteisemmaksi. Jos en ole t\u00f6iss\u00e4, olen Kympin uutisten aikaan yleens\u00e4 jo nukkumassa, h\u00e4n pohtii.<\/p>\n<p class=\"article-body nof-ui-body-medium mb-nof-24 px-nof-16\">Huomenta Suomi MTV3 klo 06.25 arkisin ja klo 08.55 viikonloppuisin. MTV Uutiset MTV3 klo 22.00 joka p\u00e4iv\u00e4.<\/p>\n","protected":false},"excerpt":{"rendered":"Liisa Rintaniemi t\u00e4ht\u00e4\u00e4 lomansa samoihin aikoihin kouluik\u00e4isten lastensa kanssa. Kes\u00e4lomien siirt\u00e4mist\u00e4 h\u00e4n ei kannata. Tv-meteorologi Liisa Rintaniemelle, 46,&hellip;\n","protected":false},"author":2,"featured_media":96725,"comment_status":"","ping_status":"","sticky":false,"template":"","format":"standard","meta":{"footnotes":""},"categories":[136],"tags":[407,137,33,31,30,34,408,32,109],"class_list":{"0":"post-96724","1":"post","2":"type-post","3":"status-publish","4":"format-standard","5":"has-post-thumbnail","7":"category-julkkikset","8":"tag-celebrities","9":"tag-entertainment","10":"tag-fi","11":"tag-finland","12":"tag-finnish","13":"tag-ilta-sanomat","14":"tag-julkkikset","15":"tag-suomi","16":"tag-viihde"},"share_on_mastodon":{"url":"https:\/\/pubeurope.com\/@fi\/115591777212783716","error":""},"_links":{"self":[{"href":"https:\/\/www.europesays.com\/fi\/wp-json\/wp\/v2\/posts\/96724","targetHints":{"allow":["GET"]}}],"collection":[{"href":"https:\/\/www.europesays.com\/fi\/wp-json\/wp\/v2\/posts"}],"about":[{"href":"https:\/\/www.europesays.com\/fi\/wp-json\/wp\/v2\/types\/post"}],"author":[{"embeddable":true,"href":"https:\/\/www.europesays.com\/fi\/wp-json\/wp\/v2\/users\/2"}],"replies":[{"embeddable":true,"href":"https:\/\/www.europesays.com\/fi\/wp-json\/wp\/v2\/comments?post=96724"}],"version-history":[{"count":0,"href":"https:\/\/www.europesays.com\/fi\/wp-json\/wp\/v2\/posts\/96724\/revisions"}],"wp:featuredmedia":[{"embeddable":true,"href":"https:\/\/www.europesays.com\/fi\/wp-json\/wp\/v2\/media\/96725"}],"wp:attachment":[{"href":"https:\/\/www.europesays.com\/fi\/wp-json\/wp\/v2\/media?parent=96724"}],"wp:term":[{"taxonomy":"category","embeddable":true,"href":"https:\/\/www.europesays.com\/fi\/wp-json\/wp\/v2\/categories?post=96724"},{"taxonomy":"post_tag","embeddable":true,"href":"https:\/\/www.europesays.com\/fi\/wp-json\/wp\/v2\/tags?post=96724"}],"curies":[{"name":"wp","href":"https:\/\/api.w.org\/{rel}","templated":true}]}}