{"id":96777,"date":"2025-11-22T07:11:09","date_gmt":"2025-11-22T07:11:09","guid":{"rendered":"https:\/\/www.europesays.com\/fi\/96777\/"},"modified":"2025-11-22T07:11:09","modified_gmt":"2025-11-22T07:11:09","slug":"tartu-yolla-kaukosaatimeen-ja-lahde-tahtienvaliselle-elokuvamatkalle-ykkosluokan-elokuvaviihdetta","status":"publish","type":"post","link":"https:\/\/www.europesays.com\/fi\/96777\/","title":{"rendered":"Tartu y\u00f6ll\u00e4 kaukos\u00e4\u00e4timeen ja l\u00e4hde t\u00e4htienv\u00e4liselle elokuvamatkalle -ykk\u00f6sluokan elokuvaviihdett\u00e4!"},"content":{"rendered":"<p>Y\u00f6n elokuvana n\u00e4hd\u00e4\u00e4n visuaalisesti vaikuttava Interstellar (2014), jonka ohjauksesta vastaa <strong>Christopher Nolan<\/strong>. H\u00e4n on tunnettu my\u00f6s elokuvista Oppenheimer, Memento, The Prestige ja Dunkirk.<\/p>\n<p>Tarina seuraa entist\u00e4 insin\u00f6\u00f6ri\u00e4 ja maanviljelij\u00e4\u00e4 Cooperia, joka l\u00f6yt\u00e4\u00e4 salaisen Nasan tukikohdan maatilansa l\u00e4helt\u00e4. T\u00e4m\u00e4 johdattaa h\u00e4net ja h\u00e4nen tiimins\u00e4 h\u00e4ik\u00e4isev\u00e4lle avaruusmatkalle madonreikien kautta, kun he etsiv\u00e4t uutta kotia ihmiskunnalle. Elokuva yhdist\u00e4\u00e4 upean visuaalisuuden syv\u00e4llisiin filosofisiin teemoihin.<\/p>\n<p>Interstellar voitti Oscarin parhaista erikoistehosteista ja oli ehdolla nelj\u00e4\u00e4n muuhun kategoriaan. <strong>Hans Zimmerin<\/strong> s\u00e4velt\u00e4m\u00e4 musiikki toi elokuvalle my\u00f6s Golden Globe -palkinnon.<\/p>\n<p>N\u00e4yttelij\u00f6in\u00e4 n\u00e4hd\u00e4\u00e4n muun muassa <strong>Matthew McConaughey<\/strong>, <strong>Anne Hathaway<\/strong>, <strong>Jessica Chastain<\/strong>, <strong>John Lithgow<\/strong>, <strong>Michael Caine<\/strong> sek\u00e4 <strong>Matt Damon<\/strong>.<\/p>\n<p><img loading=\"lazy\" height=\"675\" width=\"1200\" class=\"wp-image-160985 sp-no-webp perfmatters-lazy\" alt=\"\" decoding=\"async\" src=\"https:\/\/www.europesays.com\/fi\/wp-content\/uploads\/2025\/11\/interstellar-2-droetkerrustica-1200px.jpg\"  data-\/> <\/p>\n<p>Episodin <a href=\"https:\/\/www.episodi.fi\/elokuvat\/interstellar\/\" rel=\"nofollow noopener\" target=\"_blank\">viiden t\u00e4hden arvostelussa<\/a> tuumittiin n\u00e4in:<\/p>\n<p>\u201dInterstellar\u00a0ottaa kaiken irti suhteellisuusteoriasta ja v\u00e4\u00e4nt\u00e4\u00e4 siihen omat mutkansa. Mit\u00e4 tapahtuu, kun silm\u00e4nr\u00e4p\u00e4ys on toisille useita vuosia tai jos lapset ovat keski-ik\u00e4isi\u00e4 kun palaa takaisin?<\/p>\n<p>Nolan pohtii avaruusmatkailua tieteellisen analyyttisesti, mutta siin\u00e4 on my\u00f6s tunteisiin vetoava puoli. Interstellarin\u00a0musiikissakin kuuluu kaikuja\u00a02001: Avaruusseikkailusta, mutta toisin kuin esikuvansa, se on my\u00f6s h\u00e4peilem\u00e4tt\u00f6m\u00e4n sentimentaalinen elokuva. <strong>Dylan Thomasin<\/strong>\u00a0runoon viitataan koskettavasti, ja maapallolta saadut viestit saavat kyyneleet Cooperin poskille.<\/p>\n<p>Melodramaattisilla hetkill\u00e4kin Nolan kuitenkin s\u00e4ilytt\u00e4\u00e4 tyylitajunsa. Elokuvan sanoma tuntuu olevan ett\u00e4 tiede ei ehk\u00e4 annakaan vastauksia kaikkeen vaan rakkaus. Ja seh\u00e4n on tunnetusti kaikkein suurinta.\u201d<\/p>\n<p>Elokuva on my\u00f6s Netflixiss\u00e4, HBO Maxissa ja Viaplayssa. Alla traileri.<\/p>\n<p>Tulevat l\u00e4hetykset:<\/p>\n<ul class=\"wp-block-list\">\n<li>Su 23.11.2025 klo 00.40 \u00b7 Kutonen<\/li>\n<\/ul>\n<p>Lue my\u00f6s: <a href=\"https:\/\/www.episodi.fi\/uutiset\/netflixissa-hurmaa-nyt-musiikkipitoinen-animaatio-lahes-90-hittibiisia-ja-takuuvarmaa-viihdetta\/\" title=\"Netflixiss\u00e4 hurmaa nyt musiikkipitoinen animaatio \u2013 l\u00e4hes 90 hittibiisi\u00e4 ja takuuvarmaa viihdett\u00e4!\" class=\"underline-custom !font-montserrat !font-bold !underline-offset-4 !decoration-4 !decoration-episodi-blue !text-md\" rel=\"nofollow noopener\" target=\"_blank\">Netflixiss\u00e4 hurmaa nyt musiikkipitoinen animaatio \u2013 l\u00e4hes 90 hittibiisi\u00e4 ja takuuvarmaa viihdett\u00e4!<\/a><\/p>\n<p>Lue my\u00f6s: <a href=\"https:\/\/www.episodi.fi\/uutiset\/nyt-netflixissa-lamminhenkista-draamakomediaa-90-luvulta-ei-mikaan-thelma-ja-louise-kopio\/\" title=\"Nyt Netflixiss\u00e4: L\u00e4mminhenkist\u00e4 draamakomediaa 90-luvulta \u2013 ei mik\u00e4\u00e4n Thelma ja Louise -kopio\" class=\"underline-custom !font-montserrat !font-bold !underline-offset-4 !decoration-4 !decoration-episodi-blue !text-md\" rel=\"nofollow noopener\" target=\"_blank\">Nyt Netflixiss\u00e4: L\u00e4mminhenkist\u00e4 draamakomediaa 90-luvulta \u2013 ei mik\u00e4\u00e4n Thelma ja Louise -kopio<\/a><\/p>\n<p>Lue my\u00f6s: <a href=\"https:\/\/www.episodi.fi\/uutiset\/matthew-mcconaughey-ja-true-detective-luoja-palaavat-rikoksen-maailmaan\/\" title=\"Matthew McConaughey ja True Detective -luoja palaavat rikoksen maailmaan\" class=\"underline-custom !font-montserrat !font-bold !underline-offset-4 !decoration-4 !decoration-episodi-blue !text-md\" rel=\"nofollow noopener\" target=\"_blank\">Matthew McConaughey ja True Detective -luoja palaavat rikoksen maailmaan<\/a><\/p>\n<p><img loading=\"lazy\" decoding=\"async\" alt=\"YouTube video\" width=\"480\" height=\"360\" data-pin-nopin=\"true\" nopin=\"nopin\" class=\"perfmatters-lazy\" src=\"https:\/\/www.europesays.com\/fi\/wp-content\/uploads\/2025\/11\/1763795469_997_hqdefault.jpg\"\/><\/p>\n<p>L\u00e4hde: <a href=\"https:\/\/www.imdb.com\/title\/tt0816692\/trivia\/?ref_=tt_ql_3\" target=\"_blank\" rel=\"noopener nofollow\">IMDb<\/a><\/p>\n<p>Lue my\u00f6s: <a href=\"https:\/\/www.episodi.fi\/uutiskirje\/?uutiskirjemainos=tekstilinkkimainos\" title=\"Tilaa Episodin uutiskirje ja voit voittaa leffalippuja! Nappaa tv-vinkit suoraan s\u00e4hk\u00f6postiin t\u00e4st\u00e4.\" class=\"underline-custom !font-montserrat !font-bold !underline-offset-4 !decoration-4 !decoration-episodi-blue !text-md\" rel=\"nofollow noopener\" target=\"_blank\">Tilaa Episodin uutiskirje ja voit voittaa leffalippuja! Nappaa katseluvinkit suoraan s\u00e4hk\u00f6postiin t\u00e4st\u00e4.<\/a><\/p>\n","protected":false},"excerpt":{"rendered":"Y\u00f6n elokuvana n\u00e4hd\u00e4\u00e4n visuaalisesti vaikuttava Interstellar (2014), jonka ohjauksesta vastaa Christopher Nolan. H\u00e4n on tunnettu my\u00f6s elokuvista Oppenheimer,&hellip;\n","protected":false},"author":2,"featured_media":96778,"comment_status":"","ping_status":"","sticky":false,"template":"","format":"standard","meta":{"footnotes":""},"categories":[131],"tags":[155,137,33,173,31,30,172,32,139,109],"class_list":{"0":"post-96777","1":"post","2":"type-post","3":"status-publish","4":"format-standard","5":"has-post-thumbnail","7":"category-elokuvat","8":"tag-elokuvat","9":"tag-entertainment","10":"tag-fi","11":"tag-film","12":"tag-finland","13":"tag-finnish","14":"tag-movies","15":"tag-suomi","16":"tag-tv-ohjelmat","17":"tag-viihde"},"share_on_mastodon":{"url":"https:\/\/pubeurope.com\/@fi\/115592107588414563","error":""},"_links":{"self":[{"href":"https:\/\/www.europesays.com\/fi\/wp-json\/wp\/v2\/posts\/96777","targetHints":{"allow":["GET"]}}],"collection":[{"href":"https:\/\/www.europesays.com\/fi\/wp-json\/wp\/v2\/posts"}],"about":[{"href":"https:\/\/www.europesays.com\/fi\/wp-json\/wp\/v2\/types\/post"}],"author":[{"embeddable":true,"href":"https:\/\/www.europesays.com\/fi\/wp-json\/wp\/v2\/users\/2"}],"replies":[{"embeddable":true,"href":"https:\/\/www.europesays.com\/fi\/wp-json\/wp\/v2\/comments?post=96777"}],"version-history":[{"count":0,"href":"https:\/\/www.europesays.com\/fi\/wp-json\/wp\/v2\/posts\/96777\/revisions"}],"wp:featuredmedia":[{"embeddable":true,"href":"https:\/\/www.europesays.com\/fi\/wp-json\/wp\/v2\/media\/96778"}],"wp:attachment":[{"href":"https:\/\/www.europesays.com\/fi\/wp-json\/wp\/v2\/media?parent=96777"}],"wp:term":[{"taxonomy":"category","embeddable":true,"href":"https:\/\/www.europesays.com\/fi\/wp-json\/wp\/v2\/categories?post=96777"},{"taxonomy":"post_tag","embeddable":true,"href":"https:\/\/www.europesays.com\/fi\/wp-json\/wp\/v2\/tags?post=96777"}],"curies":[{"name":"wp","href":"https:\/\/api.w.org\/{rel}","templated":true}]}}