{"id":96786,"date":"2025-11-22T07:19:08","date_gmt":"2025-11-22T07:19:08","guid":{"rendered":"https:\/\/www.europesays.com\/fi\/96786\/"},"modified":"2025-11-22T07:19:08","modified_gmt":"2025-11-22T07:19:08","slug":"poliisi-kiittelee-sankarityttoja-mtv-uutiset","status":"publish","type":"post","link":"https:\/\/www.europesays.com\/fi\/96786\/","title":{"rendered":"Poliisi kiittelee sankaritytt\u00f6j\u00e4 | MTV Uutiset"},"content":{"rendered":"<p><strong class=\"typography-bold\">Tyt\u00f6t saivat neuvokkaalla toiminnallaan estetty\u00e4 suuremmat vahingot.\u00a0<\/strong><\/p>\n<p>L\u00e4nsi-Uudenmaan poliisilaitos kiittelee Facebookissa <strong class=\"typography-bold\">Veeraa<\/strong> ja <strong class=\"typography-bold\">Aadaa<\/strong>, jotka olivat havainneet tulipalon Lohjalla ja toimineet niin, ett\u00e4 saivat estetty\u00e4 suuremmat vahingot.\u00a0<\/p>\n<p>Havaittuaan tulipalon omakotitalon vieress\u00e4 olevassa autotallissa, olivat tyt\u00f6t menneet koputtamaan talon ovelle ja varoittaneet talon asukkaita mahdollisesta vaarasta, poliisi kertoo.<\/p>\n<p>\u2013 Autotalli oli ilmiliekeiss\u00e4 ja ilman tytt\u00f6jen havaintoa tulipalosta ja nopeaa toimintaa olisi palo saattanut p\u00e4\u00e4st\u00e4 pahimmassa tapauksessa levi\u00e4m\u00e4\u00e4n autotallin vieress\u00e4 olevaan asuinrakennukseen.\u00a0<\/p>\n<p>\u2013 Nyt n\u00e4iden tytt\u00f6jen ansiosta suurimmilta vahingoilta v\u00e4ltyttiin, vaikka autotalli k\u00e4rsikin merkitt\u00e4vi\u00e4 palovahinkoja.<\/p>\n","protected":false},"excerpt":{"rendered":"Tyt\u00f6t saivat neuvokkaalla toiminnallaan estetty\u00e4 suuremmat vahingot.\u00a0 L\u00e4nsi-Uudenmaan poliisilaitos kiittelee Facebookissa Veeraa ja Aadaa, jotka olivat havainneet tulipalon&hellip;\n","protected":false},"author":2,"featured_media":96787,"comment_status":"","ping_status":"","sticky":false,"template":"","format":"standard","meta":{"footnotes":""},"categories":[12],"tags":[22,23,26,27,33,31,30,17,24,25,28,29,15,18,21,32,19,20,16],"class_list":{"0":"post-96786","1":"post","2":"type-post","3":"status-publish","4":"format-standard","5":"has-post-thumbnail","7":"category-suomi","8":"tag-breaking-news","9":"tag-breakingnews","10":"tag-featured-news","11":"tag-featurednews","12":"tag-fi","13":"tag-finland","14":"tag-finnish","15":"tag-headlines","16":"tag-latest-news","17":"tag-latestnews","18":"tag-main-news","19":"tag-mainnews","20":"tag-news","21":"tag-otsikot","22":"tag-paauutiset","23":"tag-suomi","24":"tag-top-stories","25":"tag-topstories","26":"tag-uutiset"},"share_on_mastodon":{"url":"https:\/\/pubeurope.com\/@fi\/115592138820898554","error":""},"_links":{"self":[{"href":"https:\/\/www.europesays.com\/fi\/wp-json\/wp\/v2\/posts\/96786","targetHints":{"allow":["GET"]}}],"collection":[{"href":"https:\/\/www.europesays.com\/fi\/wp-json\/wp\/v2\/posts"}],"about":[{"href":"https:\/\/www.europesays.com\/fi\/wp-json\/wp\/v2\/types\/post"}],"author":[{"embeddable":true,"href":"https:\/\/www.europesays.com\/fi\/wp-json\/wp\/v2\/users\/2"}],"replies":[{"embeddable":true,"href":"https:\/\/www.europesays.com\/fi\/wp-json\/wp\/v2\/comments?post=96786"}],"version-history":[{"count":0,"href":"https:\/\/www.europesays.com\/fi\/wp-json\/wp\/v2\/posts\/96786\/revisions"}],"wp:featuredmedia":[{"embeddable":true,"href":"https:\/\/www.europesays.com\/fi\/wp-json\/wp\/v2\/media\/96787"}],"wp:attachment":[{"href":"https:\/\/www.europesays.com\/fi\/wp-json\/wp\/v2\/media?parent=96786"}],"wp:term":[{"taxonomy":"category","embeddable":true,"href":"https:\/\/www.europesays.com\/fi\/wp-json\/wp\/v2\/categories?post=96786"},{"taxonomy":"post_tag","embeddable":true,"href":"https:\/\/www.europesays.com\/fi\/wp-json\/wp\/v2\/tags?post=96786"}],"curies":[{"name":"wp","href":"https:\/\/api.w.org\/{rel}","templated":true}]}}