{"id":96788,"date":"2025-11-22T07:20:10","date_gmt":"2025-11-22T07:20:10","guid":{"rendered":"https:\/\/www.europesays.com\/fi\/96788\/"},"modified":"2025-11-22T07:20:10","modified_gmt":"2025-11-22T07:20:10","slug":"sauli-niinisto-kommentoi-ukrainan-rauhanehdotusta-ylelle-katso-suorana-kello-10-05-uutiset","status":"publish","type":"post","link":"https:\/\/www.europesays.com\/fi\/96788\/","title":{"rendered":"Sauli Niinist\u00f6 kommentoi Ukrainan rauhanehdotusta Ylelle \u2013 katso suorana kello 10.05 | Uutiset"},"content":{"rendered":"<p>T\u00e4st\u00e4 rauhansuunnitelmassa on kyse<\/p>\n<p class=\"aw-lzd4tw hrgmTi\">Yhdysvallat ja Ven\u00e4j\u00e4 ovat luonnostelleet rauhanehdotuksen sodan p\u00e4\u00e4tt\u00e4miseksi Ukrainassa.<\/p>\n<p class=\"aw-lzd4tw hrgmTi\">Rauhanesityksess\u00e4 vaaditaan, ett\u00e4 Ukrainan pit\u00e4isi tehd\u00e4 alueluovutuksia ja pienent\u00e4\u00e4 asevoimiaan. Lis\u00e4ksi Ukraina ei saisi liitty\u00e4 Natoon.<\/p>\n<p class=\"aw-lzd4tw hrgmTi\">Yhdysvallat haluaa, ett\u00e4 Ukraina allekirjoittaa sopimuksen ensi torstaihin eli 27. marraskuuta menness\u00e4. Yhdysvallat uhkaa muuten lopettaa tiedustelutietojen jakamisen ja aseiden toimituksen, kertovat uutistoimisto Reutersin l\u00e4hteet.<\/p>\n<p class=\"aw-lzd4tw hrgmTi\">Eurooppalaiset johtajat ovat olleet huolissaan siit\u00e4, ett\u00e4 Yhdysvallat ja Ven\u00e4j\u00e4 ovat sivuuttaneet Euroopan ja Ukrainan.<\/p>\n<p class=\"aw-lzd4tw hrgmTi\">Ukraina, Ranska, Saksa ja Britannia valmistelevat uutistoimisto Reutersin mukaan omaa rauhansuunnitelmaansa.<\/p>\n<p class=\"aw-lzd4tw hrgmTi\">Suomen valtionjohto linjasi perjantaina, ett\u00e4 <a href=\"https:\/\/yle.fi\/a\/74-20010573\/64-3-282687?utm_medium=social&amp;utm_source=copy-link-share\" class=\"aw-oli4x9 aw-1hhoivf hroXgU ewUJYP\" rel=\"nofollow noopener\" target=\"_blank\">Ukrainalla pit\u00e4\u00e4 olla sananvalta sit\u00e4 koskevissa p\u00e4\u00e4t\u00f6ksiss\u00e4<\/a>. <\/p>\n","protected":false},"excerpt":{"rendered":"T\u00e4st\u00e4 rauhansuunnitelmassa on kyse Yhdysvallat ja Ven\u00e4j\u00e4 ovat luonnostelleet rauhanehdotuksen sodan p\u00e4\u00e4tt\u00e4miseksi Ukrainassa. Rauhanesityksess\u00e4 vaaditaan, ett\u00e4 Ukrainan pit\u00e4isi&hellip;\n","protected":false},"author":2,"featured_media":96789,"comment_status":"","ping_status":"","sticky":false,"template":"","format":"standard","meta":{"footnotes":""},"categories":[5],"tags":[22,23,26,27,33,31,30,17,24,25,28,29,15,18,21,2090,32,19,20,1303,16,547,987],"class_list":{"0":"post-96788","1":"post","2":"type-post","3":"status-publish","4":"format-standard","5":"has-post-thumbnail","7":"category-otsikot","8":"tag-breaking-news","9":"tag-breakingnews","10":"tag-featured-news","11":"tag-featurednews","12":"tag-fi","13":"tag-finland","14":"tag-finnish","15":"tag-headlines","16":"tag-latest-news","17":"tag-latestnews","18":"tag-main-news","19":"tag-mainnews","20":"tag-news","21":"tag-otsikot","22":"tag-paauutiset","23":"tag-sodat","24":"tag-suomi","25":"tag-top-stories","26":"tag-topstories","27":"tag-ukraina","28":"tag-uutiset","29":"tag-venaja","30":"tag-venajan-hyokkays"},"share_on_mastodon":{"url":"https:\/\/pubeurope.com\/@fi\/115592142738241889","error":""},"_links":{"self":[{"href":"https:\/\/www.europesays.com\/fi\/wp-json\/wp\/v2\/posts\/96788","targetHints":{"allow":["GET"]}}],"collection":[{"href":"https:\/\/www.europesays.com\/fi\/wp-json\/wp\/v2\/posts"}],"about":[{"href":"https:\/\/www.europesays.com\/fi\/wp-json\/wp\/v2\/types\/post"}],"author":[{"embeddable":true,"href":"https:\/\/www.europesays.com\/fi\/wp-json\/wp\/v2\/users\/2"}],"replies":[{"embeddable":true,"href":"https:\/\/www.europesays.com\/fi\/wp-json\/wp\/v2\/comments?post=96788"}],"version-history":[{"count":0,"href":"https:\/\/www.europesays.com\/fi\/wp-json\/wp\/v2\/posts\/96788\/revisions"}],"wp:featuredmedia":[{"embeddable":true,"href":"https:\/\/www.europesays.com\/fi\/wp-json\/wp\/v2\/media\/96789"}],"wp:attachment":[{"href":"https:\/\/www.europesays.com\/fi\/wp-json\/wp\/v2\/media?parent=96788"}],"wp:term":[{"taxonomy":"category","embeddable":true,"href":"https:\/\/www.europesays.com\/fi\/wp-json\/wp\/v2\/categories?post=96788"},{"taxonomy":"post_tag","embeddable":true,"href":"https:\/\/www.europesays.com\/fi\/wp-json\/wp\/v2\/tags?post=96788"}],"curies":[{"name":"wp","href":"https:\/\/api.w.org\/{rel}","templated":true}]}}