{"id":96790,"date":"2025-11-22T07:28:48","date_gmt":"2025-11-22T07:28:48","guid":{"rendered":"https:\/\/www.europesays.com\/fi\/96790\/"},"modified":"2025-11-22T07:28:48","modified_gmt":"2025-11-22T07:28:48","slug":"testasimme-samsungin-uudistuneen-gear-vrn-ei-mullistava-mutta-ihan-hauska","status":"publish","type":"post","link":"https:\/\/www.europesays.com\/fi\/96790\/","title":{"rendered":"Testasimme Samsungin uudistuneen Gear VR:n \u2013 ei mullistava, mutta ihan hauska"},"content":{"rendered":"<p><img fetchpriority=\"high\" decoding=\"async\" class=\"aligncenter size-large wp-image-82957\" src=\"data:image\/svg+xml,%3Csvg%20xmlns=\" http:=\"\" alt=\"Samsung Gear VR\" width=\"620\" height=\"465\" data-lazy- data-lazy- data-lazy-src=\"https:\/\/www.europesays.com\/fi\/wp-content\/uploads\/2025\/11\/Photo-14.12.2016-17.50.51-700x525.jpg\"\/><\/p>\n<p>Samsung esitteli elokuussa Galaxy Note7 -puhelimen yhteydess\u00e4 uudistetun version sen Gear VR -laseista. Yksi merkitt\u00e4v\u00e4 uudistus laseissa oli mahdollisuus k\u00e4ytt\u00e4\u00e4 USB Type-C -liit\u00e4nt\u00e4\u00e4, joka Note7:st\u00e4 l\u00f6ytyi. Vaikka Note7:n taru p\u00e4\u00e4ttyikin ennen aikojaan, ei ole mit\u00e4\u00e4n syyt\u00e4 ep\u00e4ill\u00e4, etteik\u00f6 esimerkiksi kev\u00e4\u00e4ksi julkaistava Galaxy S8 my\u00f6s k\u00e4ytt\u00e4isi USB-C -liit\u00e4nt\u00e4\u00e4.\u00a0Viimeisin malli Gear VR:st\u00e4 mahdollistaakin k\u00e4yt\u00f6n niin S6- ja S7-mallien kuin mit\u00e4 todenn\u00e4k\u00f6isimmin my\u00f6s tulevan S8-mallin kanssa. Testasimme uudistunutta Gear VR:\u00e4\u00e4 syksyn ja alkutalven aikana.<\/p>\n<p>Virtuaalitodellisuus (VR) sek\u00e4 lis\u00e4tty todellisuus (augmented reality, AR) ovat tehneet tuloaan jo jonkin aikaa, ja Samsungin Gear VR tarjoaa yhti\u00f6n huippupuhelimien k\u00e4ytt\u00e4jille kohtuuhintaisen ja kohtuullisen laadukkaan mahdollisuuden kokeilla ja k\u00e4ytt\u00e4\u00e4 VR:\u00e4\u00e4.<br \/><img loading=\"lazy\" decoding=\"async\" class=\"aligncenter size-large wp-image-82963\" src=\"data:image\/svg+xml,%3Csvg%20xmlns=\" http:=\"\" alt=\"Samsung Gear VR\" width=\"620\" height=\"465\" data-lazy- data-lazy- data-lazy-src=\"https:\/\/www.europesays.com\/fi\/wp-content\/uploads\/2025\/11\/Photo-14.12.2016-17.55.45-700x525.jpg\"\/><\/p>\n<p style=\"width: 98%; text-align: center; font-size:13px; border-bottom: 1px solid #C8C8C8; line-height: 0.1em; margin: 8px 1% 16px 1%;\">MAINOS (ARTIKKELI JATKUU ALLA)<\/p>\n<p>Tehokkaille tietokoneille tarjolla on per\u00e4ti 700\u2013800 euron hintaisia huippulaseja, ja yksinkertaisimmillaan ja edullisimmillaan esimerkiksi 360 asteen videoita ja kuvia p\u00e4\u00e4see tarkastelemaan Google Cardboardin tyyppisill\u00e4, hyvinkin halvoilla VR-laseilla. 150 euron hinnallaan Gear VR\u00a0kuitenkin tarjoaa\u00a0Samsungin S6- ja S7-puhelimien omistajille mainion kompromissin laadun ja hinnan v\u00e4lill\u00e4 sek\u00e4 mahdollisuuden esimerkiksi monipuoliselle VR-pelaamiselle.<\/p>\n<p>Syksyll\u00e4 julkaistu uusin versio Gear VR:st\u00e4 on kaikkiaan nelj\u00e4s virallisesti julkaistu Gear VR -versio Samsungilta.\u00a0Kaksi ensimm\u00e4ist\u00e4 olivat l\u00e4hinn\u00e4 sovelluskehitt\u00e4jille suunnattuja Innovator Edition -malleja, mutta viimeisin edustaa toista sukupolvea varsinaisista kuluttajamalleista. Nykyinen malli toimii kaikkien Galaxy S6- ja S7-mallien kanssa, ja puhelimen yhdist\u00e4miseen k\u00e4ytett\u00e4v\u00e4 USB-liitin on vaihdettavissa micro-USB:n ja USB-C:n v\u00e4lill\u00e4, jos ja kun esimerkiksi ensi kev\u00e4\u00e4n Galaxy S8 k\u00e4ytt\u00e4\u00e4 uudempaa liitinmallia.<\/p>\n<p><img loading=\"lazy\" decoding=\"async\" class=\"aligncenter size-large wp-image-82961\" src=\"data:image\/svg+xml,%3Csvg%20xmlns=\" http:=\"\" alt=\"Samsung Gear VR\" width=\"620\" height=\"465\" data-lazy- data-lazy- data-lazy-src=\"https:\/\/www.europesays.com\/fi\/wp-content\/uploads\/2025\/11\/Photo-14.12.2016-17.53.22-700x525.jpg\"\/><\/p>\n<p style=\"width: 98%; text-align: center; font-size:13px; border-bottom: 1px solid #C8C8C8; line-height: 0.1em; margin: 8px 1% 16px 1%;\">MAINOS (ARTIKKELI JATKUU ALLA)<\/p>\n<p>Aiempien Gear VR -mallien tavoin my\u00f6s uusin tietysti k\u00e4ytt\u00e4\u00e4 Samsungin puhelinta n\u00e4ytt\u00f6n\u00e4 ja suorittimena, lasien toimiessa vain linssein\u00e4 ja ohjaimena puhelimelle. Nykyisen, nelj\u00e4nnen sukupolven Gear VR -mallin uudistuksiin kuuluvat muun muassa hieman aiempaa isommat ulkomitat, uusitut pehmusteet uusi uusi v\u00e4ri. Aiemmat mallit olivat valkoisia, mutta t\u00e4m\u00e4 nelj\u00e4s malli on v\u00e4rilt\u00e4\u00e4n tumma, l\u00e4hinn\u00e4 metallihohtosininen. Lis\u00e4ksi lasien katselukulma on hieman aiempaa suurempi.<\/p>\n<p>Sovelluskaupan Gear VR:lle on tehnyt VR-alan kokenut tekij\u00e4 Oculus, ja lasien k\u00e4ytt\u00f6\u00f6notto vaatii hieman askartelua Oculuksen sovelluskaupan ja k\u00e4ytt\u00e4j\u00e4tilin kanssa. Sovelluskaupassa p\u00e4\u00e4see lasien kanssa varsin n\u00e4pp\u00e4r\u00e4sti liikkumaan.<\/p>\n<p>Sovelluksia ohjataan lasien omilla ohjaimilla, eli oikeasta reunasta l\u00f6ytyy kosketuspinta sek\u00e4 koti- ja takaisin-painikkeet. Kosketuspintaa pyyhk\u00e4isem\u00e4ll\u00e4 tai n\u00e4p\u00e4ytt\u00e4m\u00e4ll\u00e4 p\u00e4\u00e4see liikkumaan valikoissa ja esimerkiksi lasien omaa verkkoselainta k\u00e4ytett\u00e4ess\u00e4 osoite sy\u00f6tet\u00e4\u00e4n niin, ett\u00e4 n\u00e4k\u00f6kent\u00e4ss\u00e4 n\u00e4kyv\u00e4 t\u00e4ht\u00e4in vied\u00e4\u00e4n halutun kirjaimen kohdalle ja kirjain valitaan kosketuspintaa n\u00e4p\u00e4ytt\u00e4m\u00e4ll\u00e4. Pienen totuttelun j\u00e4lkeen ohjaaminen tuntuu jo sujuvalta.<\/p>\n<p><img loading=\"lazy\" decoding=\"async\" class=\"aligncenter size-large wp-image-82959\" src=\"data:image\/svg+xml,%3Csvg%20xmlns=\" http:=\"\" alt=\"Samsung Gear VR\" width=\"620\" height=\"465\" data-lazy- data-lazy- data-lazy-src=\"https:\/\/www.europesays.com\/fi\/wp-content\/uploads\/2025\/11\/Photo-14.12.2016-17.51.35-700x525.jpg\"\/><\/p>\n<p style=\"width: 98%; text-align: center; font-size:13px; border-bottom: 1px solid #C8C8C8; line-height: 0.1em; margin: 8px 1% 16px 1%;\">MAINOS (ARTIKKELI JATKUU ALLA)<\/p>\n<p>En p\u00e4\u00e4ssyt testaamaan ensimm\u00e4ist\u00e4 kuluttajamallia, mutta ainakin toiseen Innovator Edition -malliin verrattuna uusin Gear VR tuntuu k\u00e4yt\u00f6ss\u00e4 mukavammalta ja sen pukeminen ja riisuminenkin k\u00e4y aiempaa mukavammin, kiitos uusittujen pehmusteiden.<\/p>\n<p>Aivan kevyt paketti Gear VR ei p\u00e4\u00e4h\u00e4n puettuna ole, mutta itse pidin sit\u00e4 kohtuullisen mukavana k\u00e4ytt\u00e4\u00e4, ja lasit istuvat s\u00e4\u00e4dett\u00e4vien hihnojen ansiosta tukevasti paikoillaan. Kokemus on tosin hieman hiostava kasvoilla, eli aivan mahdottoman pitki\u00e4 sessioita lasien kanssa ei viitsi yht\u00e4jaksoisesti pit\u00e4\u00e4. K\u00e4ytt\u00f6jaksojen pituutta saattaa tosin my\u00f6s rajoittaa laitteiston l\u00e4mpeneminen, sill\u00e4 raskaampia sovelluksia k\u00e4ytett\u00e4ess\u00e4 voi puhelin kuumentua siihen malliin, ett\u00e4 v\u00e4lill\u00e4 tulee k\u00e4sky antaa laitteiston j\u00e4\u00e4hty\u00e4 ennen jatkamista.<\/p>\n<p><img loading=\"lazy\" decoding=\"async\" class=\"aligncenter size-large wp-image-82958\" src=\"data:image\/svg+xml,%3Csvg%20xmlns=\" http:=\"\" alt=\"Samsung Gear VR\" width=\"620\" height=\"465\" data-lazy- data-lazy- data-lazy-src=\"https:\/\/www.europesays.com\/fi\/wp-content\/uploads\/2025\/11\/Photo-14.12.2016-17.51.25-700x525.jpg\"\/><\/p>\n<p>Mit\u00e4 itse VR-kokemukseen tulee, mahdollisuudet \u00e4lypuhelinpohjaisella ratkaisulla ovat edelleen varsin rajalliset. Asentotunnistus toimii hyvin, eli maisemaa ymp\u00e4rill\u00e4\u00e4n voi katsella luontevasti, mutta lasit eiv\u00e4t tunnista k\u00e4ytt\u00e4j\u00e4n liikkumista, eli esimerkiksi p\u00e4\u00e4n liikuttaminen eteenp\u00e4in ei muuta kuvakulmaa. Lis\u00e4ksi nykyisten puhelinmallien n\u00e4yt\u00f6n tarkkuus ja k\u00e4ytett\u00e4v\u00e4t alipikseliratkaisut tuovat katseltavaan kuvaan hieman \u201dkanaverkkoefekti\u00e4\u201d, eli pikselit erottuvat katsellessa. Riippuu sitten sek\u00e4 k\u00e4ytt\u00e4j\u00e4st\u00e4 ett\u00e4 k\u00e4ytett\u00e4v\u00e4st\u00e4 sovelluksesta, kuinka paljon tuo pikseleiden erottuminen k\u00e4ytt\u00f6\u00e4 haittaa tai hauskuutta v\u00e4hent\u00e4\u00e4.<\/p>\n<p style=\"width: 98%; text-align: center; font-size:13px; border-bottom: 1px solid #C8C8C8; line-height: 0.1em; margin: 8px 1% 16px 1%;\">MAINOS (ARTIKKELI JATKUU ALLA)<\/p>\n<p>Testasin aiempaa Gear VR Innovator Edition -mallia noin vuosi sitten, ja tuolloin sovellustarjonta oli viel\u00e4 kohtuullisen suppeaa. Vuodessa tilanne on kuitenkin muuttunut reilusti, ja tarjolla on jo runsaasti viihdett\u00e4, opetussovelluksia ja pelej\u00e4. Sovelluskaupasta l\u00f6ytyy useampia 360 asteen kuva- ja videomateriaalia tarjoavia sovelluksia ja mahdollisuuksia esimerkiksi tutustua eksoottisiin kohteisiin, ilmakeh\u00e4n laitamiin tai esimerkiksi ihmiskehon sis\u00e4puoleen. Lis\u00e4ksi verkosta l\u00f6ytyy paljon 360-materiaalia laseilla katseltavaksi.<\/p>\n<p><img loading=\"lazy\" decoding=\"async\" class=\"aligncenter size-large wp-image-82960\" src=\"data:image\/svg+xml,%3Csvg%20xmlns=\" http:=\"\" alt=\"Samsung Gear VR\" width=\"620\" height=\"465\" data-lazy- data-lazy- data-lazy-src=\"https:\/\/www.europesays.com\/fi\/wp-content\/uploads\/2025\/11\/Photo-14.12.2016-17.52.37-700x525.jpg\"\/><\/p>\n<p>Samoihin aikoihin kun testasin Gear VR -laseja, p\u00e4\u00e4sin testaamaan my\u00f6s <a href=\"https:\/\/mobiili.fi\/2016\/12\/15\/testissa-samsungin-villi-ufo-kamera-gear-360\/\" rel=\"nofollow noopener\" target=\"_blank\">Samsungin 360 asteen kameraa, Gear 360:\u00e4<\/a>. Lasit ja 360 asteen kamera olivat selv\u00e4sti luodut toisilleen. Kun itse kuvattuja 360 asteen kuvia ja videoita p\u00e4\u00e4si katsomaan VR-laseilla, tuntui todella kuin noihin tallennettuihin hetkiin olisi p\u00e4\u00e4ssyt\u00a0uudelleen sis\u00e4\u00e4n. T\u00e4ss\u00e4, jos miss\u00e4, Gear VR -lasit tuovat k\u00e4ytt\u00e4j\u00e4lleen suurta iloa.<\/p>\n<p>Kaiken kaikkiaan Samsungin Gear VR on varsin oivallinen lis\u00e4varuste ja esimerkiksi hyv\u00e4 lahjaidea Galaxy S6- tai S7-puhelimien ostajille. Virtuaalitodellisuus erityisesti \u00e4lypuhelimien kanssa toteutettuna tulee l\u00e4hivuosina ottamaan isoja harppauksia eteenp\u00e4in, mutta\u00a0sit\u00e4 odotellessa voi hyvin jo pit\u00e4\u00e4 hauskaa Gear VR:n kanssa.<\/p>\n<p>Mainos: <a href=\"https:\/\/hinta.fi\/?src=gPp6fX03\" target=\"_blank\" rel=\"nofollow noopener\">Noin 1 600 000 tuotteen hintavertailu ja hintaseuranta &#8211; katso Hinta.fist\u00e4 mist\u00e4 saat halvimmalla<\/a><\/p>\n","protected":false},"excerpt":{"rendered":"Samsung esitteli elokuussa Galaxy Note7 -puhelimen yhteydess\u00e4 uudistetun version sen Gear VR -laseista. Yksi merkitt\u00e4v\u00e4 uudistus laseissa oli&hellip;\n","protected":false},"author":2,"featured_media":96791,"comment_status":"","ping_status":"","sticky":false,"template":"","format":"standard","meta":{"footnotes":""},"categories":[88],"tags":[33,31,30,32,91,92,424,422,423],"class_list":{"0":"post-96790","1":"post","2":"type-post","3":"status-publish","4":"format-standard","5":"has-post-thumbnail","7":"category-virtuaalitodellisuus","8":"tag-fi","9":"tag-finland","10":"tag-finnish","11":"tag-suomi","12":"tag-technology","13":"tag-teknologia","14":"tag-virtuaalitodellisuus","15":"tag-virtual-reality","16":"tag-vr"},"share_on_mastodon":{"url":"https:\/\/pubeurope.com\/@fi\/115592178101284218","error":""},"_links":{"self":[{"href":"https:\/\/www.europesays.com\/fi\/wp-json\/wp\/v2\/posts\/96790","targetHints":{"allow":["GET"]}}],"collection":[{"href":"https:\/\/www.europesays.com\/fi\/wp-json\/wp\/v2\/posts"}],"about":[{"href":"https:\/\/www.europesays.com\/fi\/wp-json\/wp\/v2\/types\/post"}],"author":[{"embeddable":true,"href":"https:\/\/www.europesays.com\/fi\/wp-json\/wp\/v2\/users\/2"}],"replies":[{"embeddable":true,"href":"https:\/\/www.europesays.com\/fi\/wp-json\/wp\/v2\/comments?post=96790"}],"version-history":[{"count":0,"href":"https:\/\/www.europesays.com\/fi\/wp-json\/wp\/v2\/posts\/96790\/revisions"}],"wp:featuredmedia":[{"embeddable":true,"href":"https:\/\/www.europesays.com\/fi\/wp-json\/wp\/v2\/media\/96791"}],"wp:attachment":[{"href":"https:\/\/www.europesays.com\/fi\/wp-json\/wp\/v2\/media?parent=96790"}],"wp:term":[{"taxonomy":"category","embeddable":true,"href":"https:\/\/www.europesays.com\/fi\/wp-json\/wp\/v2\/categories?post=96790"},{"taxonomy":"post_tag","embeddable":true,"href":"https:\/\/www.europesays.com\/fi\/wp-json\/wp\/v2\/tags?post=96790"}],"curies":[{"name":"wp","href":"https:\/\/api.w.org\/{rel}","templated":true}]}}