{"id":96905,"date":"2025-11-22T10:21:09","date_gmt":"2025-11-22T10:21:09","guid":{"rendered":"https:\/\/www.europesays.com\/fi\/96905\/"},"modified":"2025-11-22T10:21:09","modified_gmt":"2025-11-22T10:21:09","slug":"puolenkymmenta-pahoinpitelya-viime-yona-tampereen-keskustassa","status":"publish","type":"post","link":"https:\/\/www.europesays.com\/fi\/96905\/","title":{"rendered":"Puolenkymment\u00e4 pahoinpitely\u00e4 viime y\u00f6n\u00e4 Tampereen keskustassa"},"content":{"rendered":"<p class=\"article-body mb-nof-24 px-nof-16\">Aamulehti<\/p>\n<p>Lue tiivistelm\u00e4<\/p>\n<p>Tiivistelm\u00e4 on teko\u00e4lyn tekem\u00e4 ja ihmisen tarkistama.<\/p>\n<p class=\"article-body mb-nof-24 px-nof-16 sndp-summary-bullet-point-font\">Tampereen keskustassa tapahtui perjantain ja lauantain v\u00e4lisen\u00e4 y\u00f6n\u00e4 noin viisi pahoinpitely\u00e4.<\/p>\n<p class=\"article-body mb-nof-24 px-nof-16 sndp-summary-bullet-point-font\">Rikoskomisario Jani Ortamala Sis\u00e4-Suomen poliisista kertoo, ett\u00e4 pahoinpitelyt tapahtuivat ravintolassa tai ravintolan ulkopuolella.<\/p>\n<p class=\"article-body mb-nof-24 px-nof-16 sndp-summary-bullet-point-font\">Pahoinpitelyjen m\u00e4\u00e4r\u00e4 poikkeaa tavallisesta alkutalven viikonlopuista.<\/p>\n<p class=\"article-body mb-nof-24 px-nof-16\">Sis\u00e4-Suomen poliisin tietoon on tullut puolenkymment\u00e4 Tampereen keskustassa perjantain ja lauantain v\u00e4lisen\u00e4 y\u00f6n\u00e4 tapahtunutta pahoinpitely\u00e4.<\/p>\n<p class=\"article-body mb-nof-24 px-nof-16\">\u201dKeskustan alueella on tapahtunut viitisen kappaletta pahoinpitelyj\u00e4 y\u00f6n aikana\u201d, kertoo rikoskomisario <a class=\"article-personlink\" href=\"https:\/\/www.aamulehti.fi\/haku\/?query=Jani%20Ortamala\" rel=\"nofollow noopener\" target=\"_blank\">Jani Ortamala<\/a> Sis\u00e4-Suomen poliisista. \u201dNe ovat tapahtuneet ravintolassa tai ravintolan ulkopuolella H\u00e4meenkadun v\u00e4litt\u00f6m\u00e4ss\u00e4 l\u00e4heisyydess\u00e4.\u201d<\/p>\n<p class=\"article-body mb-nof-24 px-nof-16\">Pahoinpitelyjen m\u00e4\u00e4r\u00e4 poikkeaa h\u00e4nen mukaansa alkutalven viikonlopuista. Ortamala sanoo, ett\u00e4 h\u00e4n ei pysty ottamaan kantaa, onko pikkujoulukaudella vai jollain muulla ollut vaikutusta tilanteeseen.<\/p>\n<p class=\"article-body mb-nof-24 px-nof-16\">Pahoinpitelyj\u00e4 tutkitaan Ortamalan mukaan perusmuotoisina pahoinpitelyin\u00e4. \u201dEn tarkkoja syit\u00e4 viel\u00e4 tied\u00e4, mutta on tullut riitaa kesken\u00e4\u00e4n, mik\u00e4 on \u00e4itynyt pahoinpitelyksi. Alkoholilla on varmaan ollut aika monessa niist\u00e4 osuutta asiaan\u201d, Ortamala arvioi.<\/p>\n","protected":false},"excerpt":{"rendered":"Aamulehti Lue tiivistelm\u00e4 Tiivistelm\u00e4 on teko\u00e4lyn tekem\u00e4 ja ihmisen tarkistama. Tampereen keskustassa tapahtui perjantain ja lauantain v\u00e4lisen\u00e4 y\u00f6n\u00e4&hellip;\n","protected":false},"author":2,"featured_media":96906,"comment_status":"","ping_status":"","sticky":false,"template":"","format":"standard","meta":{"footnotes":""},"categories":[12],"tags":[157,22,23,26,27,33,31,30,17,24,25,28,29,15,18,21,32,19,20,16],"class_list":{"0":"post-96905","1":"post","2":"type-post","3":"status-publish","4":"format-standard","5":"has-post-thumbnail","7":"category-suomi","8":"tag-aamulehti","9":"tag-breaking-news","10":"tag-breakingnews","11":"tag-featured-news","12":"tag-featurednews","13":"tag-fi","14":"tag-finland","15":"tag-finnish","16":"tag-headlines","17":"tag-latest-news","18":"tag-latestnews","19":"tag-main-news","20":"tag-mainnews","21":"tag-news","22":"tag-otsikot","23":"tag-paauutiset","24":"tag-suomi","25":"tag-top-stories","26":"tag-topstories","27":"tag-uutiset"},"share_on_mastodon":{"url":"https:\/\/pubeurope.com\/@fi\/115592854665030625","error":""},"_links":{"self":[{"href":"https:\/\/www.europesays.com\/fi\/wp-json\/wp\/v2\/posts\/96905","targetHints":{"allow":["GET"]}}],"collection":[{"href":"https:\/\/www.europesays.com\/fi\/wp-json\/wp\/v2\/posts"}],"about":[{"href":"https:\/\/www.europesays.com\/fi\/wp-json\/wp\/v2\/types\/post"}],"author":[{"embeddable":true,"href":"https:\/\/www.europesays.com\/fi\/wp-json\/wp\/v2\/users\/2"}],"replies":[{"embeddable":true,"href":"https:\/\/www.europesays.com\/fi\/wp-json\/wp\/v2\/comments?post=96905"}],"version-history":[{"count":0,"href":"https:\/\/www.europesays.com\/fi\/wp-json\/wp\/v2\/posts\/96905\/revisions"}],"wp:featuredmedia":[{"embeddable":true,"href":"https:\/\/www.europesays.com\/fi\/wp-json\/wp\/v2\/media\/96906"}],"wp:attachment":[{"href":"https:\/\/www.europesays.com\/fi\/wp-json\/wp\/v2\/media?parent=96905"}],"wp:term":[{"taxonomy":"category","embeddable":true,"href":"https:\/\/www.europesays.com\/fi\/wp-json\/wp\/v2\/categories?post=96905"},{"taxonomy":"post_tag","embeddable":true,"href":"https:\/\/www.europesays.com\/fi\/wp-json\/wp\/v2\/tags?post=96905"}],"curies":[{"name":"wp","href":"https:\/\/api.w.org\/{rel}","templated":true}]}}