{"id":96921,"date":"2025-11-22T10:47:07","date_gmt":"2025-11-22T10:47:07","guid":{"rendered":"https:\/\/www.europesays.com\/fi\/96921\/"},"modified":"2025-11-22T10:47:07","modified_gmt":"2025-11-22T10:47:07","slug":"bjorn-wahlroosilta-suorat-sanat-ylella-suomi-tyontaa-rahaa-ja-ihmisia-pois","status":"publish","type":"post","link":"https:\/\/www.europesays.com\/fi\/96921\/","title":{"rendered":"Bj\u00f6rn Wahlroosilta suorat sanat Ylell\u00e4: Suomi ty\u00f6nt\u00e4\u00e4 rahaa ja ihmisi\u00e4 pois"},"content":{"rendered":"<p class=\"ai-optimize-6 ai-optimize-introduction\">Talousvaikuttaja <strong>Bj\u00f6rn Wahlroos\u00a0<\/strong>arvioi lauantaina\u00a0Ylen <a href=\"https:\/\/areena.yle.fi\/1-72626936\" target=\"_blank\" rel=\"noopener nofollow\">Ykk\u00f6saamussa<\/a>\u00a0syit\u00e4 Suomen taloudelliseen lamaantumaan.<\/p>\n<p class=\"ai-optimize-9\">\u2013 T\u00e4st\u00e4 maasta on l\u00e4htenyt ja l\u00e4htee p\u00e4\u00e4omia sek\u00e4 ihmisi\u00e4 koko ajan, koska Suomi ei pysty vet\u00e4m\u00e4\u00e4n puoleensa niit\u00e4. Investointeja ei ole saatu, koska ymp\u00e4rist\u00f6mme ei ole kilpailukykyinen.<\/p>\n<p class=\"ai-optimize-12\">Wahlroos muistuttaa j\u00e4lleen kerran, ett\u00e4 18 vuotta jatkunut talouden reaalinen nollakasvu ei ole suhdanteista kiinni.<\/p>\n<p class=\"ai-optimize-12\">\u2013 Emme ole tekemisiss\u00e4 suhdanneongelman kanssa. Suhdanteet eiv\u00e4t kest\u00e4 18 vuotta. T\u00e4m\u00e4 on rakenneongelma. Suuri probleema on se, ett\u00e4 Suomi ei ved\u00e4 puoleensa rahaa ja ihmisi\u00e4, vaan p\u00e4invastoin ty\u00f6nt\u00e4\u00e4 niit\u00e4 jonkin verran pois.<\/p>\n<p class=\"ai-optimize-15\">\u2013 Talouden keskeinen tavoite ei ole tuottaa maksimaalista m\u00e4\u00e4r\u00e4\u00e4 verotuloja, vaan tavoitteena on tuottaa maksimaalinen m\u00e4\u00e4r\u00e4 hyvinvointia, Nordean ja UPM:n hallitusten entinen puheenjohtaja muistuttaa.<\/p>\n<p class=\"ai-optimize-16\">Wahlroos totesi taannoin Turussa pidetyss\u00e4 teko\u00e4lyseminaarissa, ett\u00e4 Suomea ovat johtaneet idiootit.<\/p>\n<p class=\"ai-optimize-17\">\u2013 Viittasin siihen, ett\u00e4 t\u00e4\u00e4ll\u00e4 on tehty todella tolloja p\u00e4\u00e4t\u00f6ksi\u00e4: t\u00e4\u00e4ll\u00e4 on korotettu veroja, valtavasti kasvatettu julkisia menoja ja t\u00e4\u00e4ll\u00e4 ollaan j\u00e4tetty rakenteelliset uudistukset tekem\u00e4tt\u00e4. Tilanne on selke\u00e4sti se, ett\u00e4 olemme alisuoriutuneet merkitt\u00e4v\u00e4sti koko t\u00e4n\u00e4 kautena.<\/p>\n<p class=\"ai-optimize-18\">Ketk\u00e4 ovat mokanneet? Siihen talousvaikuttajalla on kaksi vastausta.<\/p>\n<p class=\"ai-optimize-19\">\u2013 Ensimm\u00e4inen niist\u00e4 on <strong>Jyrki Kataisen<\/strong> (kok.) hallituksen (2011-14) ohjelma. Se ei ollut yksinomaisesti Jyrkin vika. Se oli SDP:n ja <strong>Eero Hein\u00e4luoman<\/strong> (sd.) diktaatti. Se oli katastrofaalinen ohjelma, jolla korotettiin veroja ja kasvatettiin julkisia menoja silloin, kuin sit\u00e4 ei olisi pit\u00e4nyt tehd\u00e4.<\/p>\n<p class=\"ai-optimize-20\">\u2013 Toinen yleisesti tunnustettu moka oli (<strong>Antti<\/strong>) <strong>Rinteen<\/strong> (sd.) ja (<strong>Sanna<\/strong>) <strong>Marinin<\/strong> (sd.) hallitusten (2019-23) varaink\u00e4ytt\u00f6, joka oli nelj\u00e4 standardipoikkeamaa j\u00e4rkev\u00e4st\u00e4, talousvaikuttaja linjaa.<\/p>\n<p class=\"ai-optimize-21\">Valtiontalouden tarkastusviraston tuoreen raportin mukaan Rinteen-Marinin hallituskaudella lis\u00e4ttiin julkisia menoja kumulatiivisesti 41 miljardia euroa.<\/p>\n<p class=\"ai-optimize-22\">Wahlroos luettelee syit\u00e4, miksi raha ei l\u00f6yd\u00e4 Suomeen.<\/p>\n<p>Poimintoja videosis\u00e4ll\u00f6ist\u00e4mme<\/p>\n<p class=\"ai-optimize-23\">\u2013 Olemme viimeinen bussipys\u00e4kki. Meill\u00e4 on ilmasto, joka on hyv\u00e4 vain yhteen asiaan eli datakeskusten viilent\u00e4miseen. Olemme keksineet rakentaa verotuksen, joka on raskaampi kuin muualla ja siin\u00e4 on v\u00e4hemm\u00e4n poikkeuksia kuin miss\u00e4\u00e4n muualla. Meill\u00e4 on heikoimmat ymp\u00e4rist\u00f6edellytykset ja sen p\u00e4\u00e4lle olemme rakentaneet ehk\u00e4 tylsimm\u00e4n yl\u00e4rakenteen verotuksessa.<\/p>\n<p class=\"ai-optimize-25\">Ruotsissa nyky\u00e4\u00e4n asuva talousvaikuttaja kuvailee, miksi Ruotsin veroj\u00e4rjestelm\u00e4 on parempi kuin Suomen.<\/p>\n<p class=\"ai-optimize-26\">\u2013 Sielt\u00e4 on otettu varallisuus-, perint\u00f6 ja lahjavero pois. Sitten on monia pienempi\u00e4 s\u00e4\u00e4nt\u00f6j\u00e4, esimerkiksi miten tavallisen kansalaisen pitk\u00e4aikaiss\u00e4\u00e4st\u00e4mist\u00e4 verotetaan. Ruotsissa on rakennettu valtava m\u00e4\u00e4r\u00e4 poikkeuksia, jotka edist\u00e4v\u00e4t p\u00e4\u00e4oman muodostusta sek\u00e4 investointeja ja helpottavat perheyritysten sukupolven vaihdoksia, Wahlroos muistuttaa.<\/p>\n","protected":false},"excerpt":{"rendered":"Talousvaikuttaja Bj\u00f6rn Wahlroos\u00a0arvioi lauantaina\u00a0Ylen Ykk\u00f6saamussa\u00a0syit\u00e4 Suomen taloudelliseen lamaantumaan. \u2013 T\u00e4st\u00e4 maasta on l\u00e4htenyt ja l\u00e4htee p\u00e4\u00e4omia sek\u00e4 ihmisi\u00e4&hellip;\n","protected":false},"author":2,"featured_media":96922,"comment_status":"","ping_status":"","sticky":false,"template":"","format":"standard","meta":{"footnotes":""},"categories":[12],"tags":[22,23,26,27,33,31,30,17,24,25,28,29,15,18,21,32,19,20,16],"class_list":{"0":"post-96921","1":"post","2":"type-post","3":"status-publish","4":"format-standard","5":"has-post-thumbnail","7":"category-suomi","8":"tag-breaking-news","9":"tag-breakingnews","10":"tag-featured-news","11":"tag-featurednews","12":"tag-fi","13":"tag-finland","14":"tag-finnish","15":"tag-headlines","16":"tag-latest-news","17":"tag-latestnews","18":"tag-main-news","19":"tag-mainnews","20":"tag-news","21":"tag-otsikot","22":"tag-paauutiset","23":"tag-suomi","24":"tag-top-stories","25":"tag-topstories","26":"tag-uutiset"},"share_on_mastodon":{"url":"https:\/\/pubeurope.com\/@fi\/115592956833998662","error":""},"_links":{"self":[{"href":"https:\/\/www.europesays.com\/fi\/wp-json\/wp\/v2\/posts\/96921","targetHints":{"allow":["GET"]}}],"collection":[{"href":"https:\/\/www.europesays.com\/fi\/wp-json\/wp\/v2\/posts"}],"about":[{"href":"https:\/\/www.europesays.com\/fi\/wp-json\/wp\/v2\/types\/post"}],"author":[{"embeddable":true,"href":"https:\/\/www.europesays.com\/fi\/wp-json\/wp\/v2\/users\/2"}],"replies":[{"embeddable":true,"href":"https:\/\/www.europesays.com\/fi\/wp-json\/wp\/v2\/comments?post=96921"}],"version-history":[{"count":0,"href":"https:\/\/www.europesays.com\/fi\/wp-json\/wp\/v2\/posts\/96921\/revisions"}],"wp:featuredmedia":[{"embeddable":true,"href":"https:\/\/www.europesays.com\/fi\/wp-json\/wp\/v2\/media\/96922"}],"wp:attachment":[{"href":"https:\/\/www.europesays.com\/fi\/wp-json\/wp\/v2\/media?parent=96921"}],"wp:term":[{"taxonomy":"category","embeddable":true,"href":"https:\/\/www.europesays.com\/fi\/wp-json\/wp\/v2\/categories?post=96921"},{"taxonomy":"post_tag","embeddable":true,"href":"https:\/\/www.europesays.com\/fi\/wp-json\/wp\/v2\/tags?post=96921"}],"curies":[{"name":"wp","href":"https:\/\/api.w.org\/{rel}","templated":true}]}}