{"id":96923,"date":"2025-11-22T10:48:09","date_gmt":"2025-11-22T10:48:09","guid":{"rendered":"https:\/\/www.europesays.com\/fi\/96923\/"},"modified":"2025-11-22T10:48:09","modified_gmt":"2025-11-22T10:48:09","slug":"suomalaisen-matkanjarjestajan-bussi-suistui-ojaan-pohjois-ruotsissa-svt-kuusi-ihmista-viety-sairaalaan-uutisia-lyhyesti","status":"publish","type":"post","link":"https:\/\/www.europesays.com\/fi\/96923\/","title":{"rendered":"Suomalaisen matkan\u00adj\u00e4rjest\u00e4j\u00e4n bussi suistui ojaan Pohjois-Ruotsissa \u2013 SVT: Kuusi ihmist\u00e4 viety sairaalaan | Uutisia lyhyesti"},"content":{"rendered":"<p class=\"aw-1gybjub aw-5vja16 kEtdKx kmuxyA yle__article__paragraph\">Mediatietojen mukaan t\u00e4ydess\u00e4 bussissa oli kymmeni\u00e4 matkustajia onnettomuuden aikaan. Kaikki ihmiset on saatu ulos bussista, kertoo SVT.<\/p>\n<p><img decoding=\"async\" alt=\"Kartalle merkittyn\u00e4 tie E45 Storumanin ja Vilhelminan v\u00e4lill\u00e4 Ruotsissa, jossa on tapahtunut bussionnettomuus.\" src=\"https:\/\/www.europesays.com\/fi\/wp-content\/uploads\/2025\/11\/39-1557944692192355434c.jpeg\" class=\"aw-1l9m598 hKVVvP\"\/><\/p>\n<p>Avaa kuvien katselu<\/p>\n<p>Kuva: Aurora Ferm \/ Yle, MapCreator, OpenStreetMap<\/p>\n<p>10:59\u2022P\u00e4ivitetty 12:43<\/p>\n<p class=\"aw-1gybjub aw-1p7kakr kEtdKx cEmitX yle__article__paragraph\">Kymmeni\u00e4 matkustajia kyydinnyt bussi on suistunut kyljelleen ojaan Pohjois-Ruotsissa, kertovat ruotsalaismediat.<\/p>\n<p class=\"aw-1gybjub aw-1p7kakr kEtdKx cEmitX yle__article__paragraph\">Onnettomuuteen joutui suomalaisen Saaga Travelsin bussi, kertoo yhti\u00f6n liiketoimintajohtaja <strong class=\"aw-ak79eh KyCXm yle__article__strong\">Pekka Kimpim\u00e4ki<\/strong> Ylelle.<\/p>\n<p class=\"aw-1gybjub aw-1p7kakr kEtdKx cEmitX yle__article__paragraph\">\u2013 Minulla ei ole tarkempia tietoja, odotamme niit\u00e4 viranomaisilta. Toivon, ett\u00e4 henkil\u00f6vahingoilta on s\u00e4\u00e4stytty, Kimpim\u00e4ki sanoo.<\/p>\n<p class=\"aw-1gybjub aw-1p7kakr kEtdKx cEmitX yle__article__paragraph\">Kimpim\u00e4en tiedossa ei ole, ket\u00e4 bussin kyydiss\u00e4 oli.<\/p>\n<p class=\"aw-1gybjub aw-1p7kakr kEtdKx cEmitX yle__article__paragraph\">Onnettomuus tapahtui E45-tiell\u00e4 Vilheminan ja Storumanin kuntien v\u00e4lill\u00e4 hieman ennen aamuyhdeks\u00e4\u00e4 paikallista aikaa.<\/p>\n<p class=\"aw-1gybjub aw-1p7kakr kEtdKx cEmitX yle__article__paragraph\">Matkustajien m\u00e4\u00e4r\u00e4st\u00e4 on vaihtelevaa tietoa. <a class=\"aw-iao6s4 iHOxEa yle__article__link\" href=\"https:\/\/www.svt.se\/nyheter\/lokalt\/vasterbotten\/buss-har-kort-i-diket-pa-e45-i-vilhelmina-kommun\" role=\"link\" rel=\"nofollow noopener\" target=\"_blank\">SVT:n<\/a> mukaan bussissa on ollut 45 matkustajaa, <a class=\"aw-iao6s4 iHOxEa yle__article__link\" href=\"https:\/\/www.aftonbladet.se\/nyheter\/a\/m0g5b1\/buss-med-passagerare-har-valt-pa-e45-e45-soder-om-storuman\" role=\"link\" rel=\"nofollow noopener\" target=\"_blank\">Aftonbladetin<\/a> ja <a class=\"aw-iao6s4 iHOxEa yle__article__link\" href=\"https:\/\/www.expressen.se\/nyheter\/sverige\/buss-i-olycka-pa-e45-mellan-vilhelmina-och-storuman\/\" role=\"link\" rel=\"nofollow noopener\" target=\"_blank\">Expressenin<\/a> mukaan 65.<\/p>\n<p class=\"aw-1gybjub aw-1p7kakr kEtdKx cEmitX yle__article__paragraph\">Pelastuslaitoksen mukaan kyseess\u00e4 on vakava onnettomuus. Ensimm\u00e4isten tietojen perusteella useita matkustajia j\u00e4i puristuksiin bussin sis\u00e4lle. My\u00f6hemmin mediat kertoivat, ett\u00e4 ainakin yksi ihminen j\u00e4i jumiin bussiin.<\/p>\n<p class=\"aw-1gybjub aw-1p7kakr kEtdKx cEmitX yle__article__paragraph\">SVT:n tietojen mukaan kaikki ihmiset on saatu ulos bussista ja kuusi on viety sairaalaan. Ruotsalaismediat kertovat, ett\u00e4 lis\u00e4ksi useat ihmiset ovat loukkaantuneet liev\u00e4sti.<\/p>\n<p>Sairaala siirtyi katastrofitilaan<\/p>\n<p class=\"aw-1gybjub aw-1p7kakr kEtdKx cEmitX yle__article__paragraph\">Lyckselen sairaala on ruotsalaismedioiden mukaan siirtynyt katastrofitilaan ja valmistautunut ottamaan vastaan potilaita.<\/p>\n<p class=\"aw-1gybjub aw-1p7kakr kEtdKx cEmitX yle__article__paragraph\">Poliisin mukaan bussi oli tilausajossa ja t\u00e4ynn\u00e4 matkustajia onnettomuushetkell\u00e4.<\/p>\n<p class=\"aw-1gybjub aw-1p7kakr kEtdKx cEmitX yle__article__paragraph\">Alustavien tietojen mukaan onnettomuuden syyn\u00e4 olisi ollut t\u00f6rm\u00e4ys henkil\u00f6auton kanssa, mutta nyt poliisi kertoo, ettei se usko muiden ajoneuvojen olleen osallisena onnettomuudessa.<\/p>\n<p class=\"aw-1gybjub aw-1p7kakr kEtdKx cEmitX yle__article__paragraph\">Tieosuus onnettomuuspaikalla on kokonaan suljettu, ja sulun arvioidaan kest\u00e4v\u00e4n kolme tuntia.<\/p>\n<p class=\"aw-1gybjub aw-1p7kakr kEtdKx cEmitX yle__article__paragraph\">Saaga Travel j\u00e4rjest\u00e4\u00e4 bussi- ja taksikuljetuksia Pohjois-Suomessa. Yhti\u00f6ll\u00e4 on toimipisteet Oulussa ja Rovaniemell\u00e4.<\/p>\n<p class=\"aw-1gybjub aw-1p7kakr kEtdKx cEmitX yle__article__paragraph\">Uutinen p\u00e4ivittyy.<\/p>\n","protected":false},"excerpt":{"rendered":"Mediatietojen mukaan t\u00e4ydess\u00e4 bussissa oli kymmeni\u00e4 matkustajia onnettomuuden aikaan. Kaikki ihmiset on saatu ulos bussista, kertoo SVT. Avaa&hellip;\n","protected":false},"author":2,"featured_media":96924,"comment_status":"","ping_status":"","sticky":false,"template":"","format":"standard","meta":{"footnotes":""},"categories":[5],"tags":[22,23,26,27,33,31,30,17,667,24,25,28,29,15,837,18,21,728,110,32,19,20,56,16],"class_list":{"0":"post-96923","1":"post","2":"type-post","3":"status-publish","4":"format-standard","5":"has-post-thumbnail","7":"category-otsikot","8":"tag-breaking-news","9":"tag-breakingnews","10":"tag-featured-news","11":"tag-featurednews","12":"tag-fi","13":"tag-finland","14":"tag-finnish","15":"tag-headlines","16":"tag-lappi","17":"tag-latest-news","18":"tag-latestnews","19":"tag-main-news","20":"tag-mainnews","21":"tag-news","22":"tag-onnettomuudet","23":"tag-otsikot","24":"tag-paauutiset","25":"tag-pohjois-pohjanmaa","26":"tag-ruotsi","27":"tag-suomi","28":"tag-top-stories","29":"tag-topstories","30":"tag-ulkomaat","31":"tag-uutiset"},"share_on_mastodon":{"url":"https:\/\/pubeurope.com\/@fi\/115592960760361472","error":""},"_links":{"self":[{"href":"https:\/\/www.europesays.com\/fi\/wp-json\/wp\/v2\/posts\/96923","targetHints":{"allow":["GET"]}}],"collection":[{"href":"https:\/\/www.europesays.com\/fi\/wp-json\/wp\/v2\/posts"}],"about":[{"href":"https:\/\/www.europesays.com\/fi\/wp-json\/wp\/v2\/types\/post"}],"author":[{"embeddable":true,"href":"https:\/\/www.europesays.com\/fi\/wp-json\/wp\/v2\/users\/2"}],"replies":[{"embeddable":true,"href":"https:\/\/www.europesays.com\/fi\/wp-json\/wp\/v2\/comments?post=96923"}],"version-history":[{"count":0,"href":"https:\/\/www.europesays.com\/fi\/wp-json\/wp\/v2\/posts\/96923\/revisions"}],"wp:featuredmedia":[{"embeddable":true,"href":"https:\/\/www.europesays.com\/fi\/wp-json\/wp\/v2\/media\/96924"}],"wp:attachment":[{"href":"https:\/\/www.europesays.com\/fi\/wp-json\/wp\/v2\/media?parent=96923"}],"wp:term":[{"taxonomy":"category","embeddable":true,"href":"https:\/\/www.europesays.com\/fi\/wp-json\/wp\/v2\/categories?post=96923"},{"taxonomy":"post_tag","embeddable":true,"href":"https:\/\/www.europesays.com\/fi\/wp-json\/wp\/v2\/tags?post=96923"}],"curies":[{"name":"wp","href":"https:\/\/api.w.org\/{rel}","templated":true}]}}