{"id":96959,"date":"2025-11-22T11:40:07","date_gmt":"2025-11-22T11:40:07","guid":{"rendered":"https:\/\/www.europesays.com\/fi\/96959\/"},"modified":"2025-11-22T11:40:07","modified_gmt":"2025-11-22T11:40:07","slug":"stubb-lahti-hatakokoukseen-zelenskyin-kanssa-iltalehti","status":"publish","type":"post","link":"https:\/\/www.europesays.com\/fi\/96959\/","title":{"rendered":"Stubb l\u00e4hti h\u00e4t\u00e4kokoukseen Zelenskyin kanssa &#8211; Iltalehti"},"content":{"rendered":"<ol>\n<li><a href=\"https:\/\/news.google.com\/rss\/articles\/CBMif0FVX3lxTE5GOWtSTmM3SjFIaFJoQUhuU1k0TXJsUE12RG1IOTRVV3c2b2FfdDlVNmNBRERueHpTUGdmZHV1T1ZsNWRpSlRPYlJGOFlWT19VdkFTZWk0NnZPUFJGbEhma1dkTGhLWFgyV0lIOWtCNVQyNHNNYmhWZXdZWTJ6c0E?oc=5\" target=\"_blank\" rel=\"nofollow noopener\">Stubb l\u00e4hti h\u00e4t\u00e4kokoukseen Zelenskyin kanssa<\/a>&nbsp;&nbsp;Iltalehti<\/li>\n<li><a href=\"https:\/\/news.google.com\/rss\/articles\/CBMiQkFVX3lxTE5VdUhfNkpoeUN6VEVtcUN5QlpjVzZfYkg1bmVmb0ZoVkEtbVF4a3Z5dHJVX2oyY2pUN1ZKdVFWQWJZdw?oc=5\" target=\"_blank\" rel=\"nofollow noopener\">Trump v\u00e4\u00e4risteli tietoja Etel\u00e4-Afrikasta ja boikotoi johtavien talousmaiden kokousta \u2013 mutta Stubb on paikalla<\/a>&nbsp;&nbsp;Yle<\/li>\n<li><a href=\"https:\/\/news.google.com\/rss\/articles\/CBMiYEFVX3lxTE9aUE9ENUJBRTE5V1BGNlNPOVhyaTFxaDVOUEFEcjZiYjFnZ1drTzdfaXRPZlJUU1VXUVVKLUFILUZXLU9TVlBaSnRQR19ZYnVSV2tMYVUwN3VXNkR6eTVQdQ?oc=5\" target=\"_blank\" rel=\"nofollow noopener\">Nyt puhuu Stubb \u2013 suora l\u00e4hetys G20-kokouksesta k\u00e4ynniss\u00e4<\/a>&nbsp;&nbsp;Ilta-Sanomat<\/li>\n<li><a href=\"https:\/\/news.google.com\/rss\/articles\/CBMiZ0FVX3lxTE51QXNGZGpsLWgtSGF1VUpKSlA4VktpU0pEM2xDMmhJeGdJNWpaQ25ybk5RVlBESzdkTzR2NUFuRFExb3BBZWw5RUNuQzJWQ3JVWXNnVGpmdVRiWi1yR0lVRVFyNjNaZTA?oc=5\" target=\"_blank\" rel=\"nofollow noopener\">P\u00e4\u00e4kirjoitus | Trump petti Euroopan johtajat ja Stubbin muiden mukana<\/a>&nbsp;&nbsp;HS.fi<\/li>\n<li><a href=\"https:\/\/news.google.com\/rss\/articles\/CBMiiAFBVV95cUxPbnJsa003eDRuQ1MwaFNBYms1T29fSmdpRmxkZjl3ZW5lbGdpMjByR242N1NBYlJTV1VvY2tvV2FyMXo3Y19kdnF4V1I3Z2ZWWkk2MU9WbVdPWVMzeUJOTzhtWGkxbUZfUlY4M1lrb2xCVDJ5ZHVJdDdydkNiQXRwcTcxQU9jWjZR?oc=5\" target=\"_blank\" rel=\"nofollow noopener\">Johannesburg pesee kasvojaan G20-kokousta varten \u2013 &#8221;Kaupunki yritt\u00e4\u00e4 ep\u00e4toivoisesti peitell\u00e4 ongelmia&#8221;<\/a>&nbsp;&nbsp;Kaleva<\/li>\n<\/ol>\n","protected":false},"excerpt":{"rendered":"Stubb l\u00e4hti h\u00e4t\u00e4kokoukseen Zelenskyin kanssa&nbsp;&nbsp;Iltalehti Trump v\u00e4\u00e4risteli tietoja Etel\u00e4-Afrikasta ja boikotoi johtavien talousmaiden kokousta \u2013 mutta Stubb on&hellip;\n","protected":false},"author":2,"featured_media":96960,"comment_status":"","ping_status":"","sticky":false,"template":"","format":"standard","meta":{"footnotes":""},"categories":[5],"tags":[35,22,23,26,27,33,31,30,17,24,25,28,29,15,18,21,142,639,637,886,32,19,20,16,638],"class_list":{"0":"post-96959","1":"post","2":"type-post","3":"status-publish","4":"format-standard","5":"has-post-thumbnail","7":"category-otsikot","8":"tag-24h","9":"tag-breaking-news","10":"tag-breakingnews","11":"tag-featured-news","12":"tag-featurednews","13":"tag-fi","14":"tag-finland","15":"tag-finnish","16":"tag-headlines","17":"tag-latest-news","18":"tag-latestnews","19":"tag-main-news","20":"tag-mainnews","21":"tag-news","22":"tag-otsikot","23":"tag-paauutiset","24":"tag-poliitikot","25":"tag-poliittiset-johtajat","26":"tag-politiikka","27":"tag-puolueet","28":"tag-suomi","29":"tag-top-stories","30":"tag-topstories","31":"tag-uutiset","32":"tag-valtiovalta"},"share_on_mastodon":{"url":"https:\/\/pubeurope.com\/@fi\/115593165074507926","error":""},"_links":{"self":[{"href":"https:\/\/www.europesays.com\/fi\/wp-json\/wp\/v2\/posts\/96959","targetHints":{"allow":["GET"]}}],"collection":[{"href":"https:\/\/www.europesays.com\/fi\/wp-json\/wp\/v2\/posts"}],"about":[{"href":"https:\/\/www.europesays.com\/fi\/wp-json\/wp\/v2\/types\/post"}],"author":[{"embeddable":true,"href":"https:\/\/www.europesays.com\/fi\/wp-json\/wp\/v2\/users\/2"}],"replies":[{"embeddable":true,"href":"https:\/\/www.europesays.com\/fi\/wp-json\/wp\/v2\/comments?post=96959"}],"version-history":[{"count":0,"href":"https:\/\/www.europesays.com\/fi\/wp-json\/wp\/v2\/posts\/96959\/revisions"}],"wp:featuredmedia":[{"embeddable":true,"href":"https:\/\/www.europesays.com\/fi\/wp-json\/wp\/v2\/media\/96960"}],"wp:attachment":[{"href":"https:\/\/www.europesays.com\/fi\/wp-json\/wp\/v2\/media?parent=96959"}],"wp:term":[{"taxonomy":"category","embeddable":true,"href":"https:\/\/www.europesays.com\/fi\/wp-json\/wp\/v2\/categories?post=96959"},{"taxonomy":"post_tag","embeddable":true,"href":"https:\/\/www.europesays.com\/fi\/wp-json\/wp\/v2\/tags?post=96959"}],"curies":[{"name":"wp","href":"https:\/\/api.w.org\/{rel}","templated":true}]}}