{"id":96986,"date":"2025-11-22T12:32:08","date_gmt":"2025-11-22T12:32:08","guid":{"rendered":"https:\/\/www.europesays.com\/fi\/96986\/"},"modified":"2025-11-22T12:32:08","modified_gmt":"2025-11-22T12:32:08","slug":"wahlroos-ylella-raaka-ainepulan-vuoksi-iso-sellutehdas-voi-menna-suomessa-kiinni-uutissuomalainen","status":"publish","type":"post","link":"https:\/\/www.europesays.com\/fi\/96986\/","title":{"rendered":"Wahlroos Ylell\u00e4: Raaka-ainepulan vuoksi iso sellutehdas voi menn\u00e4 Suomessa kiinni | Uutissuomalainen"},"content":{"rendered":"<p>Mets\u00e4teollisuuden tulevaisuuden n\u00e4kym\u00e4t huolettavat talousvaikuttaja <strong>Bj\u00f6rn Wahlroosia.<\/strong><\/p>\n<p>Ylen <a href=\"https:\/\/areena.yle.fi\/1-72626936\" rel=\"nofollow noopener\" target=\"_blank\">Ykk\u00f6saamussa<\/a> vieraillut Wahlroos sanoi, ett\u00e4 Suomessa voi raaka-aineen saannin vaikeutumisen vuoksi tulevaisuudessa menn\u00e4 kiinni miljardiluokan sellutehdas.<\/p>\n<p>\u2013\u2009Useimpien paperilaatujen kysynt\u00e4 on dramaattisesti laskenut. Raaka-ainetilanteesta johtuen t\u00e4\u00e4ll\u00e4 voi menn\u00e4 yksi iso sellutehdas kiinni. Se on suuri asia, Wahlroos sanoi.<\/p>\n<p>Ukrainan sodan vuoksi Suomi ei tuo en\u00e4\u00e4 puuta Ven\u00e4j\u00e4lt\u00e4. T\u00e4m\u00e4 on aiheuttanut raaka-ainepulaa.<\/p>\n<p>\u2013\u2009Hakkuita voisi nostaa 5\u201310 prosenttia. Mets\u00e4t kasvavat Suomessa oikein kunnolla, jos k\u00e4ytt\u00e4isimme edes 80 prosenttia kasvusta, meill\u00e4 olisi enemm\u00e4n raaka-ainetta ja ty\u00f6paikkoja, Wahlroos sanoi.<\/p>\n<p>Suomessa suhtautuminen metsiin poikkeaa Wahlroosin mukaan Ruotsista.<\/p>\n<p>\u2013\u2009Viherpiipert\u00e4j\u00e4t ja Luke (Luonnonvarakeskus) saavat j\u00e4nnitt\u00e4v\u00e4ll\u00e4 tavalla Suomen mets\u00e4t p\u00e4\u00e4st\u00f6l\u00e4hteeksi, kun Ruotsissa ne ovat suuri hiilinielu.<\/p>\n","protected":false},"excerpt":{"rendered":"Mets\u00e4teollisuuden tulevaisuuden n\u00e4kym\u00e4t huolettavat talousvaikuttaja Bj\u00f6rn Wahlroosia. Ylen Ykk\u00f6saamussa vieraillut Wahlroos sanoi, ett\u00e4 Suomessa voi raaka-aineen saannin vaikeutumisen&hellip;\n","protected":false},"author":2,"featured_media":96987,"comment_status":"","ping_status":"","sticky":false,"template":"","format":"standard","meta":{"footnotes":""},"categories":[5],"tags":[11515,22,23,26,27,33,31,30,17,24,25,28,29,823,9084,15,18,21,32,78,19,20,549,16],"class_list":{"0":"post-96986","1":"post","2":"type-post","3":"status-publish","4":"format-standard","5":"has-post-thumbnail","7":"category-otsikot","8":"tag-bjorn-wahlroos","9":"tag-breaking-news","10":"tag-breakingnews","11":"tag-featured-news","12":"tag-featurednews","13":"tag-fi","14":"tag-finland","15":"tag-finnish","16":"tag-headlines","17":"tag-latest-news","18":"tag-latestnews","19":"tag-main-news","20":"tag-mainnews","21":"tag-metsat","22":"tag-metsateollisuus-metsatalous-ja-siihen-liittyvat-palvelut","23":"tag-news","24":"tag-otsikot","25":"tag-paauutiset","26":"tag-suomi","27":"tag-talous","28":"tag-top-stories","29":"tag-topstories","30":"tag-ukrainan-sota","31":"tag-uutiset"},"share_on_mastodon":{"url":"https:\/\/pubeurope.com\/@fi\/115593369584839542","error":""},"_links":{"self":[{"href":"https:\/\/www.europesays.com\/fi\/wp-json\/wp\/v2\/posts\/96986","targetHints":{"allow":["GET"]}}],"collection":[{"href":"https:\/\/www.europesays.com\/fi\/wp-json\/wp\/v2\/posts"}],"about":[{"href":"https:\/\/www.europesays.com\/fi\/wp-json\/wp\/v2\/types\/post"}],"author":[{"embeddable":true,"href":"https:\/\/www.europesays.com\/fi\/wp-json\/wp\/v2\/users\/2"}],"replies":[{"embeddable":true,"href":"https:\/\/www.europesays.com\/fi\/wp-json\/wp\/v2\/comments?post=96986"}],"version-history":[{"count":0,"href":"https:\/\/www.europesays.com\/fi\/wp-json\/wp\/v2\/posts\/96986\/revisions"}],"wp:featuredmedia":[{"embeddable":true,"href":"https:\/\/www.europesays.com\/fi\/wp-json\/wp\/v2\/media\/96987"}],"wp:attachment":[{"href":"https:\/\/www.europesays.com\/fi\/wp-json\/wp\/v2\/media?parent=96986"}],"wp:term":[{"taxonomy":"category","embeddable":true,"href":"https:\/\/www.europesays.com\/fi\/wp-json\/wp\/v2\/categories?post=96986"},{"taxonomy":"post_tag","embeddable":true,"href":"https:\/\/www.europesays.com\/fi\/wp-json\/wp\/v2\/tags?post=96986"}],"curies":[{"name":"wp","href":"https:\/\/api.w.org\/{rel}","templated":true}]}}