{"id":96999,"date":"2025-11-22T12:57:10","date_gmt":"2025-11-22T12:57:10","guid":{"rendered":"https:\/\/www.europesays.com\/fi\/96999\/"},"modified":"2025-11-22T12:57:10","modified_gmt":"2025-11-22T12:57:10","slug":"keskustan-antti-kaikkoselta-ja-antti-kurviselta-raju-loylytys-sdplle-ja-kokoomukselle","status":"publish","type":"post","link":"https:\/\/www.europesays.com\/fi\/96999\/","title":{"rendered":"Keskustan Antti Kaikkoselta ja Antti Kurviselta raju l\u00f6ylytys Sdp:lle ja kokoomukselle"},"content":{"rendered":"<p>Keskusta paalutti lauantaina hakevansa p\u00e4\u00e4ministeripuolueen paikkaa.<\/p>\n<p>Keskusta linjasi puheenjohtaja Antti Kaikkosen johdolla, ettei se sulje puolueita ulos. Video: Ivan Bessedin<\/p>\n<p class=\"article-body mb-nof-24 px-nof-16\">Lappeenranta<\/p>\n<p class=\"article-body mb-nof-24 px-nof-16\">Keskustan puheenjohtaja <a class=\"article-personlink\" href=\"https:\/\/www.is.fi\/haku\/?query=Antti%20Kaikkonen\" rel=\"nofollow noopener\" target=\"_blank\">Antti Kaikkonen<\/a> ja puolueen eduskuntaryhm\u00e4n puheenjohtaja <a class=\"article-personlink\" href=\"https:\/\/www.is.fi\/haku\/?query=Antti%20Kurvinen\" rel=\"nofollow noopener\" target=\"_blank\">Antti Kurvinen<\/a> antoivat kokoomuksen ja Sdp:n kuulla kunniansa. He varoittelivat Lappeenrannassa keskustan puoluevaltuustoa Sdp:n ja kokoomuksen sinipuna\u00adyhteisty\u00f6st\u00e4.<\/p>\n<p class=\"article-body mb-nof-24 px-nof-16\">Kurvinen varoitteli viittaamalla Hugo-videopeliin.<\/p>\n<p class=\"article-body mb-nof-24 px-nof-16\">\u2013Her\u00e4\u00e4 pahvi! Nyt on tosi kyseess\u00e4! h\u00e4n lainasi pelihahmoa.<\/p>\n<p class=\"article-body mb-nof-24 px-nof-16\">Kurvisen mukaan Helsingiss\u00e4 rakennetaan jo Sdp:n ja kokoomuksen \u201dpunasinihallitusta\u201d. H\u00e4nen mukaansa Sdp:n ratkaisu on verojen korottaminen ja kokoomuksen ratkaisu on leikkausten jatkaminen.<\/p>\n<p class=\"article-body mb-nof-24 px-nof-16\">\u2013 Keskustaa ollaan pelaamassa kylm\u00e4nviile\u00e4sti sivuun.<\/p>\n<p><img decoding=\"async\" src=\"https:\/\/www.europesays.com\/fi\/wp-content\/uploads\/2025\/11\/1763816229_141_468.jpg\" alt=\"Kurvinen pelotteli \u201dpunasinihallituksella\u201d.\" class=\"_Img_1rerz_1\" style=\"aspect-ratio:1.5\" loading=\"eager\"\/><\/p>\n<p class=\"article-picture-caption\">Kurvinen pelotteli \u201dpunasinihallituksella\u201d. Kuva:\u00a0Ivan Bessedin<\/p>\n<p class=\"article-body mb-nof-24 px-nof-16\">H\u00e4n uhkaili, ett\u00e4 \u201dPihtiputaan papalta\u201d l\u00e4htev\u00e4t loputkin palvelut, jos Sdp ja kokoomus p\u00e4\u00e4sev\u00e4t keskitt\u00e4m\u00e4\u00e4n toimintoja. Kurvisen mielest\u00e4 p\u00e4\u00e4ministeri <a class=\"article-personlink\" href=\"https:\/\/www.is.fi\/haku\/?query=Petteri%20Orpon\" rel=\"nofollow noopener\" target=\"_blank\">Petteri Orpon<\/a> (kok) n\u00e4yt\u00f6t on n\u00e4hty ja Sdp:n puheenjohtajalla <a class=\"article-personlink\" href=\"https:\/\/www.is.fi\/haku\/?query=Antti%20Lindtmanilla\" rel=\"nofollow noopener\" target=\"_blank\">Antti Lindtmanilla<\/a> n\u00e4ytt\u00f6j\u00e4 ei ole.<\/p>\n<p class=\"article-body mb-nof-24 px-nof-16\">Kurvinen pelotteli puoluejohdon tiedotustilaisuudessa, ett\u00e4 Sdp:n ja kokoomuksen yhteisty\u00f6 kurjistaisi Suomen tilannetta entisest\u00e4\u00e4n.<\/p>\n<p class=\"article-body mb-nof-24 px-nof-16\">\u2013 Seh\u00e4n olisi kammottava tilanne. Jos veroja korotetaan reippaasti ja jatketaan leikkauksia, lis\u00e4t\u00e4\u00e4n ep\u00e4varmuutta entisest\u00e4\u00e4n.<\/p>\n<p class=\"article-body mb-nof-24 px-nof-16\">Kurvisen mukaan vaihtoehto on keskustan vaalivoitto. H\u00e4nen mukaansa Kaikkosen p\u00e4\u00e4ministeriys est\u00e4isi sinipunan synnyn.<\/p>\n<p><img decoding=\"async\" src=\"https:\/\/www.europesays.com\/fi\/wp-content\/uploads\/2025\/11\/1763816230_148_468.jpg\" alt=\"Kaikkonen kertoi Lappeenrannassa my\u00f6s kansalaisille keskustan p\u00e4\u00e4ministerihaaveista.\" class=\"_Img_1rerz_1\" style=\"aspect-ratio:1.5\" loading=\"eager\"\/><\/p>\n<p class=\"article-picture-caption\">Kaikkonen kertoi Lappeenrannassa my\u00f6s kansalaisille keskustan p\u00e4\u00e4ministerihaaveista. Kuva:\u00a0Ivan Bessedin<\/p>\n<p class=\"article-body mb-nof-24 px-nof-16\">Kaikkonen tylytti omassa puheessaan hallituksen ep\u00e4onnistumisia. H\u00e4nen mukaansa kokoomuksen isot vaalilupaukset ovat haihtuneet ilmaan. Kaikkonen toisti, ett\u00e4 EU:n \u201dtarkkailuluokalle\u201d joutuminen olisi sinetti hallituksen talouspolitiikan ep\u00e4onnistumiselle.<\/p>\n<p class=\"article-body mb-nof-24 px-nof-16\">\u2013 Hallituksen perinn\u00f6ksi ovat j\u00e4\u00e4m\u00e4ss\u00e4 enn\u00e4tysvelka ja enn\u00e4tysty\u00f6tt\u00f6myys.<\/p>\n<p class=\"article-body mb-nof-24 px-nof-16\">Kaikkonen p\u00e4\u00e4si vinoilemaan kokoomukselle my\u00f6s nostamalla kohtia keskustan vaihtoehtobudjetista. Vaihtoehtobudjettiinsa keskusta on nostanut esimerkkilaskelmia siit\u00e4, miten keskituloisten verotus puolueen vaihtoehdolla kevenisi.<\/p>\n<p class=\"article-body mb-nof-24 px-nof-16\">Kaikkonen naureskeli itsekin, kun h\u00e4n kertoi, kuinka paljon \u201dSari Sairaanhoitajan\u201d verotus kevenee. Palkankorotukset Sari Sairaanhoitajalle olivat keskeinen osa kokoomuksen eduskuntavaalikampanjaa vuonna 2007.<\/p>\n<p class=\"article-body mb-nof-24 px-nof-16\">\u2013 H\u00e4n on entinen kokoomuksen \u00e4\u00e4nest\u00e4j\u00e4, Kurvinen enn\u00e4tti huutamaan yleis\u00f6st\u00e4.<\/p>\n<p class=\"article-body mb-nof-24 px-nof-16\">My\u00f6s Kaikkonen varoitti kokoomuksen ja Sdp:n yhteisty\u00f6st\u00e4.<\/p>\n<p class=\"article-body mb-nof-24 px-nof-16\">\u2013 Oikeisto tarjoaa leikkauspolitiikan jatkamista. Vasemmiston ratkaisu tuntuu olevan lis\u00e4\u00e4 velkaa ja veroja.<\/p>\n<p class=\"article-body mb-nof-24 px-nof-16\">Kaikkonen paalutti, ett\u00e4 h\u00e4n on sitoutunut siihen, ett\u00e4 keskusta tavoittelee p\u00e4\u00e4ministerin paikkaa.<\/p>\n<p class=\"article-body mb-nof-24 px-nof-16\">\u2013 Se on kova tavoite, mutta ei mahdoton.<\/p>\n<p class=\"article-body mb-nof-24 px-nof-16\">Mit\u00e4\u00e4n puolueita keskusta ei ole hallitusyhteisty\u00f6st\u00e4 sulkenut ulos. <a class=\"article-personlink\" href=\"https:\/\/www.is.fi\/haku\/?query=Sanna%20Marinin\" rel=\"nofollow noopener\" target=\"_blank\">Sanna Marinin<\/a> (sd) hallituksen pohja on kuitenkin j\u00e4tt\u00e4nyt keskustalaisiin traumat. Sdp:n, vihreiden, vasemmistoliiton ja keskustan hallitus ei saa siis tukea Kaikkoselta ja Kurviselta.<\/p>\n<p class=\"article-body mb-nof-24 px-nof-16\">\u2013 Se vaihtoehto ei nyt tule p\u00f6yd\u00e4lle. Sen sijaan keskitymme oman linjamme rakentamiseen ja kirkastamiseen, Kaikkonen sanoi tiedotustilaisuudessa.<\/p>\n<p class=\"article-body mb-nof-24 px-nof-16\">IS:n kyselyss\u00e4 punavihre\u00e4 hallitus oli kansalaisten suosikki.<\/p>\n<p><img decoding=\"async\" src=\"https:\/\/www.europesays.com\/fi\/wp-content\/uploads\/2025\/11\/1763816230_194_468.jpg\" alt=\"Keskustan puoluevaltuusto kokoontuu viikonloppuna Lappeenrannassa.\" class=\"_Img_1rerz_1\" style=\"aspect-ratio:1\" loading=\"eager\"\/><\/p>\n<p class=\"article-picture-caption\">Keskustan puoluevaltuusto kokoontuu viikonloppuna Lappeenrannassa. Kuva:\u00a0Ivan Bessedin<\/p>\n<p class=\"article-body mb-nof-24 px-nof-16\">Keskustan omasta linjasta Kaikkonen korosti keskituloisten veronkevennyksi\u00e4, kasvutoimia ja pk-yritysten tukemista. Kaikkonen haukkui hallituksen siit\u00e4, ett\u00e4 sote-palveluiden tila on \u201dkest\u00e4m\u00e4t\u00f6n\u201d.<\/p>\n<p class=\"article-body mb-nof-24 px-nof-16\">H\u00e4nen mukaansa olisi t\u00e4rke\u00e4\u00e4 pelastaa l\u00e4hipalvelut. Keskustan mukaan voitaisiin laajentaa \u201dImatran mallia\u201d, joka tuo kaikki nuorten sosiaalihuollon palvelut saman katon alle. H\u00e4nen mukaansa sote-rahoituksen uudistamisesta pit\u00e4isi sopia parlamentaarisesti.<\/p>\n","protected":false},"excerpt":{"rendered":"Keskusta paalutti lauantaina hakevansa p\u00e4\u00e4ministeripuolueen paikkaa. Keskusta linjasi puheenjohtaja Antti Kaikkosen johdolla, ettei se sulje puolueita ulos. Video:&hellip;\n","protected":false},"author":2,"featured_media":97000,"comment_status":"","ping_status":"","sticky":false,"template":"","format":"standard","meta":{"footnotes":""},"categories":[12],"tags":[22,23,26,27,33,31,30,17,34,24,25,28,29,15,18,21,32,19,20,16],"class_list":{"0":"post-96999","1":"post","2":"type-post","3":"status-publish","4":"format-standard","5":"has-post-thumbnail","7":"category-suomi","8":"tag-breaking-news","9":"tag-breakingnews","10":"tag-featured-news","11":"tag-featurednews","12":"tag-fi","13":"tag-finland","14":"tag-finnish","15":"tag-headlines","16":"tag-ilta-sanomat","17":"tag-latest-news","18":"tag-latestnews","19":"tag-main-news","20":"tag-mainnews","21":"tag-news","22":"tag-otsikot","23":"tag-paauutiset","24":"tag-suomi","25":"tag-top-stories","26":"tag-topstories","27":"tag-uutiset"},"share_on_mastodon":{"url":"https:\/\/pubeurope.com\/@fi\/115593468286855183","error":""},"_links":{"self":[{"href":"https:\/\/www.europesays.com\/fi\/wp-json\/wp\/v2\/posts\/96999","targetHints":{"allow":["GET"]}}],"collection":[{"href":"https:\/\/www.europesays.com\/fi\/wp-json\/wp\/v2\/posts"}],"about":[{"href":"https:\/\/www.europesays.com\/fi\/wp-json\/wp\/v2\/types\/post"}],"author":[{"embeddable":true,"href":"https:\/\/www.europesays.com\/fi\/wp-json\/wp\/v2\/users\/2"}],"replies":[{"embeddable":true,"href":"https:\/\/www.europesays.com\/fi\/wp-json\/wp\/v2\/comments?post=96999"}],"version-history":[{"count":0,"href":"https:\/\/www.europesays.com\/fi\/wp-json\/wp\/v2\/posts\/96999\/revisions"}],"wp:featuredmedia":[{"embeddable":true,"href":"https:\/\/www.europesays.com\/fi\/wp-json\/wp\/v2\/media\/97000"}],"wp:attachment":[{"href":"https:\/\/www.europesays.com\/fi\/wp-json\/wp\/v2\/media?parent=96999"}],"wp:term":[{"taxonomy":"category","embeddable":true,"href":"https:\/\/www.europesays.com\/fi\/wp-json\/wp\/v2\/categories?post=96999"},{"taxonomy":"post_tag","embeddable":true,"href":"https:\/\/www.europesays.com\/fi\/wp-json\/wp\/v2\/tags?post=96999"}],"curies":[{"name":"wp","href":"https:\/\/api.w.org\/{rel}","templated":true}]}}