{"id":97214,"date":"2025-11-22T18:36:07","date_gmt":"2025-11-22T18:36:07","guid":{"rendered":"https:\/\/www.europesays.com\/fi\/97214\/"},"modified":"2025-11-22T18:36:07","modified_gmt":"2025-11-22T18:36:07","slug":"hifklle-karmea-noyryytys-nyt-puhuu-olli-jokinen","status":"publish","type":"post","link":"https:\/\/www.europesays.com\/fi\/97214\/","title":{"rendered":"HIFK:lle karmea n\u00f6yryytys \u2013 nyt puhuu Olli Jokinen"},"content":{"rendered":"<p>Olli Jokinen oli poikkeuksellisen niukkasanainen murskatappion j\u00e4lkeen.<\/p>\n<p>Videotuomiossa k\u00e4sitell\u00e4\u00e4n SM-liigan kuumimmat puheenaiheet. Jakso kuvattu 17. marraskuuta.<\/p>\n<p>KooKoo-HIFK 8\u20131<\/p>\n<p class=\"article-body mb-nof-24 px-nof-16\">Helsingin IFK:n kynt\u00e4minen SM-liigassa jatkuu. Sarjajumboksi j\u00e4m\u00e4ht\u00e4nyt HIFK otti turpaan lauantain kierroksella vieraissa KooKoolta 8\u20131.<\/p>\n<p class=\"article-body mb-nof-24 px-nof-16\">Samalla KooKoo venytti voittoputkensa viiteen otteluun. KooKoo keikkuu komeasti sarjataulukossa nelj\u00e4nten\u00e4.<\/p>\n<p class=\"article-body mb-nof-24 px-nof-16\">KooKoo karkasi heti avauser\u00e4ss\u00e4 4\u20130-johtoon. KooKoon 3\u20130-maalin j\u00e4lkeen HIFK vaihtoi <a class=\"article-personlink\" href=\"https:\/\/www.is.fi\/haku\/?query=Hugo%20Alnefeltin\" rel=\"nofollow noopener\" target=\"_blank\">Hugo Alnefeltin<\/a> pois maalilta. Ruotsalaisvahdin korvasi konkarivahti <a class=\"article-personlink\" href=\"https:\/\/www.is.fi\/haku\/?query=Niko%20Hovinen\" rel=\"nofollow noopener\" target=\"_blank\">Niko Hovinen<\/a>.<\/p>\n<p class=\"article-body mb-nof-24 px-nof-16\">KooKoo n\u00f6yryytti tasaisen tappavalla tahdilla HIFK:ta loppuun asti. P\u00e4\u00e4t\u00f6ser\u00e4ss\u00e4 kotijoukkue iski viel\u00e4 kolmesti alistunutta stadilaisjoukkuetta vastaan.<\/p>\n<p class=\"article-body mb-nof-24 px-nof-16\">HIFK:n p\u00e4\u00e4valmentaja <a class=\"article-personlink\" href=\"https:\/\/www.is.fi\/haku\/?query=Olli%20Jokinen\" rel=\"nofollow noopener\" target=\"_blank\">Olli Jokinen<\/a> harmitteli tyly\u00e4 alkua ottelun j\u00e4lkeen.<\/p>\n<p class=\"article-body mb-nof-24 px-nof-16\">\u2013 Tasainen ensimm\u00e4inen er\u00e4. Jollain tapaa 4\u20130 taulussa on aika raju. KooKoo teki kolme maalia tasakent\u00e4llisin, ja meid\u00e4n laskujen mukaan heill\u00e4 oli viisi paikkaa. Yksi ylivoimamaali. Peli oli k\u00e4yt\u00e4nn\u00f6ss\u00e4 ohi sen j\u00e4lkeen, niukkasanainen Jokinen kommentoi lehdist\u00f6tilaisuudessa.<\/p>\n<p class=\"article-body mb-nof-24 px-nof-16\">Jokinen ripitti kovin sanoin joukkuettaan perjantaina 0\u20134-tappion j\u00e4lkeen HPK:ta vastaan. Jokinen kritisoi joidenkin pelaajien puolustusasennetta ja vaati ryhdikk\u00e4\u00e4mp\u00e4\u00e4 asennetta lauantaille.<\/p>\n<p class=\"article-body mb-nof-24 px-nof-16\">Toisin k\u00e4vi. HIFK kynt\u00e4\u00e4 t\u00e4ll\u00e4 hetkell\u00e4 syv\u00e4ll\u00e4.<\/p>\n<p class=\"article-body mb-nof-24 px-nof-16\">\u2013 Pienist\u00e4kin vastoink\u00e4ymisist\u00e4 meill\u00e4 l\u00e4htee peli v\u00e4\u00e4r\u00e4\u00e4n suuntaan. Korvien v\u00e4liss\u00e4 on iso blokki monella pelaajalla t\u00e4ll\u00e4 hetkell\u00e4. Suorittaminen on vaan automaattisesti liian v\u00e4lj\u00e4\u00e4, Jokinen sanoi.<\/p>\n<p class=\"article-body mb-nof-24 px-nof-16\">Kolmannen tappionsa putkeen k\u00e4rsinyt HIFK on h\u00e4vinnyt nyt kymmenen per\u00e4kk\u00e4ist\u00e4 otteluaan vieraskaukalossa.<\/p>\n<p class=\"article-body mb-nof-24 px-nof-16\">HIFK:n edellinen vierasvoitto on l\u00e4hes kahden kuukauden takaa, kun se kaatoi TPS:n Turkuhallissa 27. syyskuuta.<\/p>\n<p class=\"article-body mb-nof-24 px-nof-16\">Sen j\u00e4lkeen kyyti on ollut kylm\u00e4\u00e4. Kymmenen vierastappion putkessa HIFK:n maaliero on 4\u201342.<\/p>\n<p class=\"article-body mb-nof-24 px-nof-16\">HIFK:n viikonlopun vieraskiertue H\u00e4meenlinna\u2013Kouvola -akselilla oli sysimusta. Kahdesta ottelusta tuli kuokkaan maalierolla 1\u201312.<\/p>\n","protected":false},"excerpt":{"rendered":"Olli Jokinen oli poikkeuksellisen niukkasanainen murskatappion j\u00e4lkeen. Videotuomiossa k\u00e4sitell\u00e4\u00e4n SM-liigan kuumimmat puheenaiheet. Jakso kuvattu 17. marraskuuta. KooKoo-HIFK 8\u20131&hellip;\n","protected":false},"author":2,"featured_media":97215,"comment_status":"","ping_status":"","sticky":false,"template":"","format":"standard","meta":{"footnotes":""},"categories":[5],"tags":[22,23,26,27,33,31,30,17,34,24,25,28,29,15,18,21,32,19,20,16],"class_list":{"0":"post-97214","1":"post","2":"type-post","3":"status-publish","4":"format-standard","5":"has-post-thumbnail","7":"category-otsikot","8":"tag-breaking-news","9":"tag-breakingnews","10":"tag-featured-news","11":"tag-featurednews","12":"tag-fi","13":"tag-finland","14":"tag-finnish","15":"tag-headlines","16":"tag-ilta-sanomat","17":"tag-latest-news","18":"tag-latestnews","19":"tag-main-news","20":"tag-mainnews","21":"tag-news","22":"tag-otsikot","23":"tag-paauutiset","24":"tag-suomi","25":"tag-top-stories","26":"tag-topstories","27":"tag-uutiset"},"share_on_mastodon":{"url":"https:\/\/pubeurope.com\/@fi\/115594800874973348","error":""},"_links":{"self":[{"href":"https:\/\/www.europesays.com\/fi\/wp-json\/wp\/v2\/posts\/97214","targetHints":{"allow":["GET"]}}],"collection":[{"href":"https:\/\/www.europesays.com\/fi\/wp-json\/wp\/v2\/posts"}],"about":[{"href":"https:\/\/www.europesays.com\/fi\/wp-json\/wp\/v2\/types\/post"}],"author":[{"embeddable":true,"href":"https:\/\/www.europesays.com\/fi\/wp-json\/wp\/v2\/users\/2"}],"replies":[{"embeddable":true,"href":"https:\/\/www.europesays.com\/fi\/wp-json\/wp\/v2\/comments?post=97214"}],"version-history":[{"count":0,"href":"https:\/\/www.europesays.com\/fi\/wp-json\/wp\/v2\/posts\/97214\/revisions"}],"wp:featuredmedia":[{"embeddable":true,"href":"https:\/\/www.europesays.com\/fi\/wp-json\/wp\/v2\/media\/97215"}],"wp:attachment":[{"href":"https:\/\/www.europesays.com\/fi\/wp-json\/wp\/v2\/media?parent=97214"}],"wp:term":[{"taxonomy":"category","embeddable":true,"href":"https:\/\/www.europesays.com\/fi\/wp-json\/wp\/v2\/categories?post=97214"},{"taxonomy":"post_tag","embeddable":true,"href":"https:\/\/www.europesays.com\/fi\/wp-json\/wp\/v2\/tags?post=97214"}],"curies":[{"name":"wp","href":"https:\/\/api.w.org\/{rel}","templated":true}]}}