{"id":97246,"date":"2025-11-22T19:25:08","date_gmt":"2025-11-22T19:25:08","guid":{"rendered":"https:\/\/www.europesays.com\/fi\/97246\/"},"modified":"2025-11-22T19:25:08","modified_gmt":"2025-11-22T19:25:08","slug":"mclaren-pomo-paljasti-tahan-asiaan-talli-on-kiinnittanyt-erityista-huomiota","status":"publish","type":"post","link":"https:\/\/www.europesays.com\/fi\/97246\/","title":{"rendered":"McLaren-pomo paljasti &#8211; t\u00e4h\u00e4n asiaan talli on kiinnitt\u00e4nyt &#8221;erityist\u00e4 huomiota&#8221;"},"content":{"rendered":"<p>McLarenin tallip\u00e4\u00e4llikk\u00f6 <strong>Andrea Stella<\/strong> on avannut, millaista \u201derityist\u00e4 huomiota\u201d Wokingissa on kiinnitetty t\u00e4m\u00e4n kauden <a href=\"https:\/\/atleetti.fi\/f1-kausi-2025\/\" data-type=\"link\" data-id=\"https:\/\/atleetti.fi\/f1-kausi-2025\/\" rel=\"noopener nofollow\" target=\"_blank\">Las Vegasin GP:t\u00e4<\/a> silm\u00e4ll\u00e4 pit\u00e4en, sill\u00e4 talli on paininut ongelmien kanssa kahdessa aiemmassa kisassa.<\/p>\n<p><strong>Lando Norris<\/strong> nappasi paalupaikan valojen loisteessa syntisess\u00e4 kaupungissa ja k\u00e4ytti hyv\u00e4kseen haastavia olosuhteita karistaakseen mestaritallin viimeaikaiset Las Vegasin demonit.<\/p>\n<p>Stellan mukaan brittikuljettajaa odottaa kuitenkin edelleen \u201dtiukka ja ep\u00e4varma\u201d haaste, sill\u00e4 h\u00e4nen rinnalleen eturiviin asettuu <strong>Max Verstappen<\/strong>.<\/p>\n<p>Norris sijoittui vuoden takaisessa Nevadan kilpailussa hollantilaisen taakse, kun Red Bull -kuljettaja sinet\u00f6i uransa nelj\u00e4nnen F1-mestaruuden.<\/p>\n<p>Norrisin kuudes sija on McLarenin paras tulos sen j\u00e4lkeen, kun F1 palasi Las Vegasiin vuonna 2023. T\u00e4n\u00e4 vuonna h\u00e4n l\u00e4htee 50 kierroksen koitokseen entist\u00e4 paremmista asetelmista ja tavoittelee asemansa vahvistamista taistelussa uransa ensimm\u00e4isest\u00e4 maailmanmestaruudesta, kun tallikaveri <strong>Oscar Piastri<\/strong> starttaa vasta viidennest\u00e4 ruudusta.<\/p>\n<p>Norris johtaa australialaista 24 pisteell\u00e4, ja kautta on j\u00e4ljell\u00e4 en\u00e4\u00e4 kolme osakilpailua. Britin viimeinen veto vuoden 2024 kisassa, kovilla renkailla, on kuitenkin luonut pohjan, jota h\u00e4n aikoo nyt hy\u00f6dynt\u00e4\u00e4.<\/p>\n<p>\u2013 Paransimme autoa monilla alueilla viime vuodesta oppimamme perusteella \u2013 aerodynamiikassa, renkaiden k\u00e4yt\u00f6ss\u00e4 ja auton tasapainossa, Stella kertoi medialle.<\/p>\n<p>\u2013 Sanoisin, ett\u00e4 auton tasapaino oli t\u00e4rkein oppi viime vuoden viimeisest\u00e4 stintist\u00e4, italialainen lis\u00e4si viitaten Norrisin ajamiseen.<\/p>\n<p>\u2013 Mutta olemme kiinnitt\u00e4neet erityist\u00e4 huomiota siihen, ett\u00e4 auto olisi kilpailukykyinen Vegasissa sen perusteella, mit\u00e4 opimme vuosina \u201923 ja \u201924.\u201d<\/p>\n<p><strong>LUE MY\u00d6S:\u00a0<a href=\"https:\/\/atleetti.fi\/michael-schumacherin-manageri-oikeuden-edessa-perhe-karsii-yha\/\" target=\"_blank\" rel=\"nofollow noopener\">Michael Schumacherin manageri oikeuden edess\u00e4: \u201dPerhe k\u00e4rsii yh\u00e4\u201d (Atleetti.fi) <\/a><\/strong><\/p>\n","protected":false},"excerpt":{"rendered":"McLarenin tallip\u00e4\u00e4llikk\u00f6 Andrea Stella on avannut, millaista \u201derityist\u00e4 huomiota\u201d Wokingissa on kiinnitetty t\u00e4m\u00e4n kauden Las Vegasin GP:t\u00e4 silm\u00e4ll\u00e4&hellip;\n","protected":false},"author":2,"featured_media":97247,"comment_status":"","ping_status":"","sticky":false,"template":"","format":"standard","meta":{"footnotes":""},"categories":[76],"tags":[79,77,33,31,30,32,78],"class_list":{"0":"post-97246","1":"post","2":"type-post","3":"status-publish","4":"format-standard","5":"has-post-thumbnail","7":"category-talous","8":"tag-business","9":"tag-economy","10":"tag-fi","11":"tag-finland","12":"tag-finnish","13":"tag-suomi","14":"tag-talous"},"share_on_mastodon":{"url":"https:\/\/pubeurope.com\/@fi\/115594993622457599","error":""},"_links":{"self":[{"href":"https:\/\/www.europesays.com\/fi\/wp-json\/wp\/v2\/posts\/97246","targetHints":{"allow":["GET"]}}],"collection":[{"href":"https:\/\/www.europesays.com\/fi\/wp-json\/wp\/v2\/posts"}],"about":[{"href":"https:\/\/www.europesays.com\/fi\/wp-json\/wp\/v2\/types\/post"}],"author":[{"embeddable":true,"href":"https:\/\/www.europesays.com\/fi\/wp-json\/wp\/v2\/users\/2"}],"replies":[{"embeddable":true,"href":"https:\/\/www.europesays.com\/fi\/wp-json\/wp\/v2\/comments?post=97246"}],"version-history":[{"count":0,"href":"https:\/\/www.europesays.com\/fi\/wp-json\/wp\/v2\/posts\/97246\/revisions"}],"wp:featuredmedia":[{"embeddable":true,"href":"https:\/\/www.europesays.com\/fi\/wp-json\/wp\/v2\/media\/97247"}],"wp:attachment":[{"href":"https:\/\/www.europesays.com\/fi\/wp-json\/wp\/v2\/media?parent=97246"}],"wp:term":[{"taxonomy":"category","embeddable":true,"href":"https:\/\/www.europesays.com\/fi\/wp-json\/wp\/v2\/categories?post=97246"},{"taxonomy":"post_tag","embeddable":true,"href":"https:\/\/www.europesays.com\/fi\/wp-json\/wp\/v2\/tags?post=97246"}],"curies":[{"name":"wp","href":"https:\/\/api.w.org\/{rel}","templated":true}]}}