{"id":97311,"date":"2025-11-22T21:07:11","date_gmt":"2025-11-22T21:07:11","guid":{"rendered":"https:\/\/www.europesays.com\/fi\/97311\/"},"modified":"2025-11-22T21:07:11","modified_gmt":"2025-11-22T21:07:11","slug":"ap-valkopaamerikotka-pudotti-kissan-tuulilasin-lapi-autoon-pohjois-carolinassa","status":"publish","type":"post","link":"https:\/\/www.europesays.com\/fi\/97311\/","title":{"rendered":"AP: Valkop\u00e4\u00e4merikotka pudotti kissan tuulilasin l\u00e4pi autoon Pohjois-Carolinassa"},"content":{"rendered":"<p>Paikallinen h\u00e4t\u00e4keskus sai poikkeuksellisen puhelun keskiviikkoaamuna.<\/p>\n<p class=\"article-body mb-nof-24 px-nof-16\">Autoilijan matka keskeytyi erikoiseen v\u00e4likohtaukseen keskiviikkoaamuna valtatiell\u00e4 Yhdysvaltain Pohjois-Carolinassa. Tapaukseen liittyv\u00e4st\u00e4 h\u00e4t\u00e4puhelusta kertoi lauantaina uutistoimisto <a class=\"article-genericlink\" href=\"https:\/\/apnews.com\/article\/bald-eagle-cat-windshield-north-carolina-c3fdb9978ffe5ca347f2008d660adc07\" rel=\"nofollow noopener\" target=\"_blank\">AP<\/a>.<\/p>\n<p class=\"article-body mb-nof-24 px-nof-16\">\u2013 Et ehk\u00e4 usko minua, mutta valkop\u00e4\u00e4merikotka pudotti juuri kissan tuulilasini l\u00e4pi. Se murskasi tuulilasini t\u00e4ysin, autoilijan kuullaan sanovan h\u00e4t\u00e4puhelun tallenteella AP:n mukaan.<\/p>\n<p class=\"article-body mb-nof-24 px-nof-16\">H\u00e4t\u00e4keskuksessa autoilijan tilanteeseen suhtauduttiin lopulta asiallisesti puhelun her\u00e4tt\u00e4m\u00e4st\u00e4 h\u00e4mmennyksest\u00e4 huolimatta.<\/p>\n<p class=\"article-body mb-nof-24 px-nof-16\">\u2013 OK. Uskon sinua, oikeasti, p\u00e4ivyst\u00e4j\u00e4 sanoi naurahtaen.<\/p>\n<p class=\"article-body mb-nof-24 px-nof-16\">Autoilija kertoi my\u00f6s toisen henkil\u00f6n n\u00e4hneen, kuinka kissa putosi kotkan kynsist\u00e4.<\/p>\n<p class=\"article-body mb-nof-24 px-nof-16\">\u2013 Voi hyv\u00e4 luoja. Katsotaan. Olen kuullut hullumpaakin, p\u00e4ivyst\u00e4j\u00e4 totesi t\u00e4m\u00e4n j\u00e4lkeen.<\/p>\n<p class=\"article-body mb-nof-24 px-nof-16\">H\u00e4t\u00e4keskus l\u00e4hetti poliisit paikan p\u00e4\u00e4lle valtatie 74:lle. Tapahtumapaikan kerrottiin sijaitsevan l\u00e4hell\u00e4 Great Smoky Mountains -kansallispuistoa.<\/p>\n<p class=\"article-body mb-nof-24 px-nof-16\">Puhelussa p\u00e4ivyst\u00e4j\u00e4 kysyi autoilijalta viel\u00e4 sit\u00e4, oliko kissa edelleen hengiss\u00e4. T\u00e4m\u00e4n mukaan kissa oli kuollut, mutta makasi auton sijaan tien pientareella.<\/p>\n<p class=\"article-body mb-nof-24 px-nof-16\">Pohjois-Carolinan luonnonvarakomission diversiteettiohjelman valvoja <a class=\"article-personlink\" href=\"https:\/\/www.is.fi\/haku\/?query=Kendrick%20Weeks\" rel=\"nofollow noopener\" target=\"_blank\">Kendrick Weeks <\/a>kertoi AP:lle, ett\u00e4 valkop\u00e4\u00e4merikotkat voivat helposti kantaa kynsiss\u00e4\u00e4n kissan kokoista el\u00e4int\u00e4.<\/p>\n<p class=\"article-body mb-nof-24 px-nof-16\">Weeksin mukaan el\u00e4v\u00e4n kissan sieppaaminen on kuitenkin kotkille vaikeaa. T\u00e4m\u00e4n vuoksi h\u00e4n ep\u00e4ili, ett\u00e4 autoilijan tuulilasin rikkonut kissa saattoi olla kuollut jo aiemmin auton t\u00f6n\u00e4isem\u00e4n\u00e4 ja p\u00e4\u00e4tynyt kotkan kynsiin vasta sen j\u00e4lkeen.<\/p>\n","protected":false},"excerpt":{"rendered":"Paikallinen h\u00e4t\u00e4keskus sai poikkeuksellisen puhelun keskiviikkoaamuna. Autoilijan matka keskeytyi erikoiseen v\u00e4likohtaukseen keskiviikkoaamuna valtatiell\u00e4 Yhdysvaltain Pohjois-Carolinassa. Tapaukseen liittyv\u00e4st\u00e4 h\u00e4t\u00e4puhelusta&hellip;\n","protected":false},"author":2,"featured_media":97312,"comment_status":"","ping_status":"","sticky":false,"template":"","format":"standard","meta":{"footnotes":""},"categories":[112],"tags":[33,31,30,34,118,32,119],"class_list":{"0":"post-97311","1":"post","2":"type-post","3":"status-publish","4":"format-standard","5":"has-post-thumbnail","7":"category-tiede","8":"tag-fi","9":"tag-finland","10":"tag-finnish","11":"tag-ilta-sanomat","12":"tag-science","13":"tag-suomi","14":"tag-tiede"},"share_on_mastodon":{"url":"","error":""},"_links":{"self":[{"href":"https:\/\/www.europesays.com\/fi\/wp-json\/wp\/v2\/posts\/97311","targetHints":{"allow":["GET"]}}],"collection":[{"href":"https:\/\/www.europesays.com\/fi\/wp-json\/wp\/v2\/posts"}],"about":[{"href":"https:\/\/www.europesays.com\/fi\/wp-json\/wp\/v2\/types\/post"}],"author":[{"embeddable":true,"href":"https:\/\/www.europesays.com\/fi\/wp-json\/wp\/v2\/users\/2"}],"replies":[{"embeddable":true,"href":"https:\/\/www.europesays.com\/fi\/wp-json\/wp\/v2\/comments?post=97311"}],"version-history":[{"count":0,"href":"https:\/\/www.europesays.com\/fi\/wp-json\/wp\/v2\/posts\/97311\/revisions"}],"wp:featuredmedia":[{"embeddable":true,"href":"https:\/\/www.europesays.com\/fi\/wp-json\/wp\/v2\/media\/97312"}],"wp:attachment":[{"href":"https:\/\/www.europesays.com\/fi\/wp-json\/wp\/v2\/media?parent=97311"}],"wp:term":[{"taxonomy":"category","embeddable":true,"href":"https:\/\/www.europesays.com\/fi\/wp-json\/wp\/v2\/categories?post=97311"},{"taxonomy":"post_tag","embeddable":true,"href":"https:\/\/www.europesays.com\/fi\/wp-json\/wp\/v2\/tags?post=97311"}],"curies":[{"name":"wp","href":"https:\/\/api.w.org\/{rel}","templated":true}]}}