{"id":97324,"date":"2025-11-22T21:27:11","date_gmt":"2025-11-22T21:27:11","guid":{"rendered":"https:\/\/www.europesays.com\/fi\/97324\/"},"modified":"2025-11-22T21:27:11","modified_gmt":"2025-11-22T21:27:11","slug":"janne-kataja-perusti-konkan-jalkeen-uuden-firman-selvityksessa-paljastui-erikoinen-kuvio","status":"publish","type":"post","link":"https:\/\/www.europesays.com\/fi\/97324\/","title":{"rendered":"Janne Kataja perusti konkan j\u00e4lkeen uuden firman &#8211; selvityksess\u00e4 paljastui erikoinen kuvio"},"content":{"rendered":"<p>Monitoimimies Janne Katajan ja n\u00e4yttelij\u00e4 Aku Hirviniemen perustama Hihhihhii Oy j\u00e4tti vapaaehtoisen konkurssihakemuksen huhtikuussa 2024.<\/p>\n<p>\u2013 Kun konkurssi realisoitui, ajattelin, etten en\u00e4\u00e4 ikin\u00e4 l\u00e4hde yritt\u00e4j\u00e4ksi tai osakkaaksi mink\u00e4\u00e4nlaiseen yritystoimintaan, Kataja kertoi sittemmin podcastissa.<\/p>\n<p>Lue my\u00f6s: <a href=\"https:\/\/www.como.fi\/uutiset\/janne-katajalta-yllatys-nyt-se-on-julkista\/\" title=\"Janne Katajalta yll\u00e4tys: \u201dNyt se on julkista!\u201d\" class=\"underline-custom !font-montserrat !font-bold !underline-offset-4 !decoration-4 !decoration-red-600 !text-md\" rel=\"nofollow noopener\" target=\"_blank\">Janne Katajalta yll\u00e4tys: \u201dNyt se on julkista!\u201d<\/a><\/p>\n<p>Kataja kertoi, ett\u00e4 my\u00f6s katkeruuden tunteita her\u00e4si.<\/p>\n<p>\u2013 Tuli tunne, ett\u00e4 kaikki el\u00e4m\u00e4nty\u00f6, jota on tehnyt yhti\u00f6n eteen menee hetkess\u00e4 ja sit\u00e4 ei ole, Kataja kuvaili.<\/p>\n<p>V\u00e4litt\u00f6m\u00e4sti uusi firma tulille!<\/p>\n<p>Monikos tiet\u00e4\u00e4, ett\u00e4 Janne kuitenkin p\u00e4\u00e4tti l\u00e4hte\u00e4 j\u00e4lleen yritt\u00e4j\u00e4ksi? H\u00e4n perusti heti huhtikuisen konkurssihakemuksensa j\u00e4lkeen toukokuussa 2024 uuden firman.<\/p>\n<p>Sen nimeksi tuli Suomen Hupi Oy.<\/p>\n<p>Nyt tullaankin sitten yll\u00e4tt\u00e4v\u00e4\u00e4n kohtaan tarinassa. Comon selvityksess\u00e4 osoittautui, ett\u00e4 firma teki vuoden 2024 tilinp\u00e4\u00e4t\u00f6ksess\u00e4\u00e4n vain 11 000 euron liikevaihdon!<\/p>\n<p>Viivan alle se saatteli 2 000 euroa rahaa.<\/p>\n<p>Lue my\u00f6s: <a href=\"https:\/\/www.como.fi\/uutiset\/janne-kataja-alkoi-pudottaa-painoa-laakkeella-nain-kavi\/\" title=\"Janne Kataja alkoi pudottaa painoa l\u00e4\u00e4kkeell\u00e4 \u2013 n\u00e4in k\u00e4vi\" class=\"underline-custom !font-montserrat !font-bold !underline-offset-4 !decoration-4 !decoration-red-600 !text-md\" rel=\"nofollow noopener\" target=\"_blank\">Janne Kataja alkoi pudottaa painoa l\u00e4\u00e4kkeell\u00e4 \u2013 n\u00e4in k\u00e4vi<\/a><\/p>\n<p>Taseen loppusumma nousee 8 000 euroon ja omaa p\u00e4\u00e4omaa on 2 000 euroa, joten omavaraisuusasteeksi saadaan 30 prosenttia. Se on varsin kehno. Velkaa on 6 000 euroa.<\/p>\n<p>Summa summarum: Janne siis perusti heti uuden yrityksen, mutta kaikesta p\u00e4\u00e4tellen sill\u00e4 ei ole ollut juurikaan toimintaa. Ehk\u00e4 mies s\u00e4ik\u00e4hti konkurssia, eik\u00e4 halunnut l\u00e4hte\u00e4 liikenteeseen isoin paukuin.<\/p>\n<p>Verotiedoista sen sijaan selvi\u00e4\u00e4, ett\u00e4 vuonna 2024 Janne nautti ansiotuloja huikeat 250 000 euroa ja p\u00e4\u00e4omatuloja 40 000 euroa. Mies siis taisi laskutella keikkojansa verokortilla \u2013 ja maksoi n\u00e4in aika sievoisesti veroa. <\/p>\n<p>Suomi kiitt\u00e4\u00e4.<\/p>\n<p>Lue my\u00f6s: <a href=\"https:\/\/www.como.fi\/tilaa-comon-uutiskirje\/\" title=\"Tilaa Comon uutiskirje ja tied\u00e4t mist\u00e4 kahvitauolla puhutaan! Nappaa kotimaan tv-vinkit ja puheenaiheet suoraan s\u00e4hk\u00f6postiin t\u00e4st\u00e4.\" class=\"underline-custom !font-montserrat !font-bold !underline-offset-4 !decoration-4 !decoration-red-600 !text-md\" rel=\"nofollow noopener\" target=\"_blank\">Tilaa Comon uutiskirje ja tied\u00e4t mist\u00e4 kahvitauolla puhutaan! Nappaa kotimaan tv-vinkit ja puheenaiheet suoraan s\u00e4hk\u00f6postiin t\u00e4st\u00e4.<\/a><\/p>\n","protected":false},"excerpt":{"rendered":"Monitoimimies Janne Katajan ja n\u00e4yttelij\u00e4 Aku Hirviniemen perustama Hihhihhii Oy j\u00e4tti vapaaehtoisen konkurssihakemuksen huhtikuussa 2024. \u2013 Kun konkurssi&hellip;\n","protected":false},"author":2,"featured_media":97325,"comment_status":"","ping_status":"","sticky":false,"template":"","format":"standard","meta":{"footnotes":""},"categories":[133],"tags":[137,33,31,30,2366,32,206,156,109],"class_list":{"0":"post-97324","1":"post","2":"type-post","3":"status-publish","4":"format-standard","5":"has-post-thumbnail","7":"category-televisiot","8":"tag-entertainment","9":"tag-fi","10":"tag-finland","11":"tag-finnish","12":"tag-janne-kataja","13":"tag-suomi","14":"tag-televisiot","15":"tag-tv","16":"tag-viihde"},"share_on_mastodon":{"url":"https:\/\/pubeurope.com\/@fi\/115595473309736555","error":""},"_links":{"self":[{"href":"https:\/\/www.europesays.com\/fi\/wp-json\/wp\/v2\/posts\/97324","targetHints":{"allow":["GET"]}}],"collection":[{"href":"https:\/\/www.europesays.com\/fi\/wp-json\/wp\/v2\/posts"}],"about":[{"href":"https:\/\/www.europesays.com\/fi\/wp-json\/wp\/v2\/types\/post"}],"author":[{"embeddable":true,"href":"https:\/\/www.europesays.com\/fi\/wp-json\/wp\/v2\/users\/2"}],"replies":[{"embeddable":true,"href":"https:\/\/www.europesays.com\/fi\/wp-json\/wp\/v2\/comments?post=97324"}],"version-history":[{"count":0,"href":"https:\/\/www.europesays.com\/fi\/wp-json\/wp\/v2\/posts\/97324\/revisions"}],"wp:featuredmedia":[{"embeddable":true,"href":"https:\/\/www.europesays.com\/fi\/wp-json\/wp\/v2\/media\/97325"}],"wp:attachment":[{"href":"https:\/\/www.europesays.com\/fi\/wp-json\/wp\/v2\/media?parent=97324"}],"wp:term":[{"taxonomy":"category","embeddable":true,"href":"https:\/\/www.europesays.com\/fi\/wp-json\/wp\/v2\/categories?post=97324"},{"taxonomy":"post_tag","embeddable":true,"href":"https:\/\/www.europesays.com\/fi\/wp-json\/wp\/v2\/tags?post=97324"}],"curies":[{"name":"wp","href":"https:\/\/api.w.org\/{rel}","templated":true}]}}