{"id":97416,"date":"2025-11-22T23:46:09","date_gmt":"2025-11-22T23:46:09","guid":{"rendered":"https:\/\/www.europesays.com\/fi\/97416\/"},"modified":"2025-11-22T23:46:09","modified_gmt":"2025-11-22T23:46:09","slug":"seta-haluaa-sateenkaaripoliittisen-ohjelman-suomeen-uutisia-lyhyesti","status":"publish","type":"post","link":"https:\/\/www.europesays.com\/fi\/97416\/","title":{"rendered":"Seta haluaa sateenkaaripoliittisen ohjelman Suomeen | Uutisia lyhyesti"},"content":{"rendered":"<p class=\"aw-1gybjub aw-1p7kakr kEtdKx cEmitX yle__article__paragraph\">Setan mukaan Suomeen tarvitaan johdonmukaista, kattavaa ja edistyksellist\u00e4 politiikkaa sateenkaari-ihmisten oikeuksien vahvistamiseksi. Siksi se vaatii, ett\u00e4 Suomi laatii sateenkaaripoliittisen toimintaohjelman.<\/p>\n<p class=\"aw-1gybjub aw-1p7kakr kEtdKx cEmitX yle__article__paragraph\">\u2013 Toimintaohjelmassa tulee m\u00e4\u00e4ritell\u00e4 konkreettiset toimet sateenkaari-ihmisten perus- ja ihmisoikeuksien, hyvinvoinnin ja yhdenvertaisen kohtelun edist\u00e4miseksi eri el\u00e4m\u00e4nalueilla, Seta sanoo tiedotteessaan.<\/p>\n<p class=\"aw-1gybjub aw-1p7kakr kEtdKx cEmitX yle__article__paragraph\">J\u00e4rjest\u00f6n mukaan Suomi on ainoa pohjoismainen valtio, jossa ei ole laadittu kansallista sateenkaaripoliittista toimintaohjelmaa.<\/p>\n","protected":false},"excerpt":{"rendered":"Setan mukaan Suomeen tarvitaan johdonmukaista, kattavaa ja edistyksellist\u00e4 politiikkaa sateenkaari-ihmisten oikeuksien vahvistamiseksi. Siksi se vaatii, ett\u00e4 Suomi laatii&hellip;\n","protected":false},"author":2,"featured_media":97417,"comment_status":"","ping_status":"","sticky":false,"template":"","format":"standard","meta":{"footnotes":""},"categories":[14],"tags":[22,23,26,27,33,31,30,17,71,24,25,28,29,15,18,21,910,6643,32,19,20,56,16,869,59,60,61],"class_list":{"0":"post-97416","1":"post","2":"type-post","3":"status-publish","4":"format-standard","5":"has-post-thumbnail","7":"category-ulkomaat","8":"tag-breaking-news","9":"tag-breakingnews","10":"tag-featured-news","11":"tag-featurednews","12":"tag-fi","13":"tag-finland","14":"tag-finnish","15":"tag-headlines","16":"tag-kotimaa","17":"tag-latest-news","18":"tag-latestnews","19":"tag-main-news","20":"tag-mainnews","21":"tag-news","22":"tag-otsikot","23":"tag-paauutiset","24":"tag-seksuaalivahemmistot","25":"tag-seta-ry","26":"tag-suomi","27":"tag-top-stories","28":"tag-topstories","29":"tag-ulkomaat","30":"tag-uutiset","31":"tag-vahemmistot","32":"tag-world","33":"tag-world-news","34":"tag-worldnews"},"share_on_mastodon":{"url":"https:\/\/pubeurope.com\/@fi\/115596019914919996","error":""},"_links":{"self":[{"href":"https:\/\/www.europesays.com\/fi\/wp-json\/wp\/v2\/posts\/97416","targetHints":{"allow":["GET"]}}],"collection":[{"href":"https:\/\/www.europesays.com\/fi\/wp-json\/wp\/v2\/posts"}],"about":[{"href":"https:\/\/www.europesays.com\/fi\/wp-json\/wp\/v2\/types\/post"}],"author":[{"embeddable":true,"href":"https:\/\/www.europesays.com\/fi\/wp-json\/wp\/v2\/users\/2"}],"replies":[{"embeddable":true,"href":"https:\/\/www.europesays.com\/fi\/wp-json\/wp\/v2\/comments?post=97416"}],"version-history":[{"count":0,"href":"https:\/\/www.europesays.com\/fi\/wp-json\/wp\/v2\/posts\/97416\/revisions"}],"wp:featuredmedia":[{"embeddable":true,"href":"https:\/\/www.europesays.com\/fi\/wp-json\/wp\/v2\/media\/97417"}],"wp:attachment":[{"href":"https:\/\/www.europesays.com\/fi\/wp-json\/wp\/v2\/media?parent=97416"}],"wp:term":[{"taxonomy":"category","embeddable":true,"href":"https:\/\/www.europesays.com\/fi\/wp-json\/wp\/v2\/categories?post=97416"},{"taxonomy":"post_tag","embeddable":true,"href":"https:\/\/www.europesays.com\/fi\/wp-json\/wp\/v2\/tags?post=97416"}],"curies":[{"name":"wp","href":"https:\/\/api.w.org\/{rel}","templated":true}]}}