{"id":97438,"date":"2025-11-23T00:29:12","date_gmt":"2025-11-23T00:29:12","guid":{"rendered":"https:\/\/www.europesays.com\/fi\/97438\/"},"modified":"2025-11-23T00:29:12","modified_gmt":"2025-11-23T00:29:12","slug":"yksi-asia-auttoi-arvaamaan-masked-singer-suomen-voittajan-henkilollisyyden","status":"publish","type":"post","link":"https:\/\/www.europesays.com\/fi\/97438\/","title":{"rendered":"Yksi asia auttoi arvaamaan Masked Singer Suomen voittajan henkil\u00f6llisyyden"},"content":{"rendered":"<p>Masked Singer Suomen voitti Pierumies.<\/p>\n<p>22.11. 21:41<\/p>\n<p class=\"article-body mb-nof-24 px-nof-16\">Masked Singer Suomi -ohjelman uusin kausi p\u00e4\u00e4ttyi Pierumies-nimisen hahmon voittoon. Maskin takaa paljastui n\u00e4yttelij\u00e4n\u00e4 ja laulajana tuttu <a class=\"article-personlink\" href=\"https:\/\/www.is.fi\/haku\/?query=Sebastian%20Rejman\" rel=\"nofollow noopener\" target=\"_blank\">Sebastian Rejman<\/a>.<\/p>\n<p class=\"article-body mb-nof-24 px-nof-16\">Sosiaalisessa mediassa kilpailun lopputulos her\u00e4tt\u00e4\u00e4 kiivasta keskustelua. Ohjelman jakaman <a class=\"article-genericlink\" href=\"https:\/\/www.instagram.com\/p\/DRXp6BrAbq9\/\" rel=\"nofollow noopener\" target=\"_blank\">Instagram-klipin<\/a> kommenttikent\u00e4ss\u00e4 osa on Pierumiehen henkil\u00f6llisyydest\u00e4 \u00e4im\u00e4n\u00e4.<\/p>\n<p class=\"article-body mb-nof-24 px-nof-16\">\u2013 Wau&#8230;t\u00e4t\u00e4 en kyll\u00e4 olisi tiennyt,mutta aivan huippuhyvi\u00e4 esityksi\u00e4. Mik\u00e4 \u00e4\u00e4ni!<\/p>\n<p class=\"article-body mb-nof-24 px-nof-16\">\u2013 En kyll\u00e4 tiennyt.<\/p>\n<p class=\"article-body mb-nof-24 px-nof-16\">\u2013 Ei k\u00e4ynyt pieness\u00e4 mieless\u00e4k\u00e4\u00e4n, mutta wau!<\/p>\n<p class=\"article-body mb-nof-24 px-nof-16\">\u2013 Uskomaton! En tiennyt, ei ollut pierunhajuakaan, er\u00e4s letkautti.<\/p>\n<p class=\"article-body mb-nof-24 px-nof-16\">\u2013 Meni oma arvaus m\u00f6nk\u00e4\u00e4n, mutta hyvin olisi voinut olla my\u00f6s <a class=\"article-personlink\" href=\"https:\/\/www.is.fi\/haku\/?query=Joel%20Hokka\" rel=\"nofollow noopener\" target=\"_blank\">Joel Hokka<\/a>! Onnea Sebastian voitosta!<\/p>\n<p><img decoding=\"async\" src=\"https:\/\/www.europesays.com\/fi\/wp-content\/uploads\/2025\/11\/1763857751_753_468.jpg\" alt=\"Voiton vei pierumies.\" class=\"_Img_1rerz_1\" style=\"aspect-ratio:0.6651041666666667\" loading=\"eager\"\/><\/p>\n<p class=\"article-picture-caption\">Voiton vei pierumies. Kuva:\u00a0MTV Oy<\/p>\n<p class=\"article-body mb-nof-24 px-nof-16\">Toisaalta monet kyseisen julkaisun kommenteissa ovat arvanneet henkil\u00f6llisyyden oikein. Monille tiet\u00e4jist\u00e4 paljastavana tekij\u00e4n\u00e4 toimi se, ett\u00e4 he ovat katsoneet Syke-sarjaa ahkerasti. Rejman on sarjasta tuttu n\u00e4yttelij\u00e4.<\/p>\n<p class=\"article-body mb-nof-24 px-nof-16\">\u2013 Syke-fanina tiesin koko ajan.<\/p>\n<p class=\"article-body mb-nof-24 px-nof-16\">\u2013 Oon katsonut liikaa Sykett\u00e4.<\/p>\n<p class=\"article-body mb-nof-24 px-nof-16\">\u2013 Oikein meni arvaus. Syke-sarjaa katson, niin tunnisti heti tuon \u00e4\u00e4nen.<\/p>\n<p class=\"article-body mb-nof-24 px-nof-16\">\u2013 Joka jakson katsonut Syke-sarjasta.<\/p>\n<p><img decoding=\"async\" src=\"https:\/\/www.europesays.com\/fi\/wp-content\/uploads\/2025\/11\/1763857751_857_468.jpg\" alt=\"Papparainen olikin Jarkko Tamminen.\" class=\"_Img_1rerz_1\" style=\"aspect-ratio:1.5035238841033673\" loading=\"eager\"\/><\/p>\n<p class=\"article-picture-caption\">Papparainen olikin Jarkko Tamminen. Kuva:\u00a0MTV Oy<\/p>\n<p><img decoding=\"async\" src=\"https:\/\/www.europesays.com\/fi\/wp-content\/uploads\/2025\/11\/1763857751_869_468.jpg\" alt=\"Merenneidoksi paljastui Jannika B.\" class=\"_Img_1rerz_1\" style=\"aspect-ratio:0.6651041666666667\" loading=\"eager\"\/><\/p>\n<p class=\"article-picture-caption\">Merenneidoksi paljastui Jannika B. Kuva:\u00a0MTV Oy<\/p>\n<p class=\"article-body mb-nof-24 px-nof-16\">Keskustelua k\u00e4yd\u00e4\u00e4n my\u00f6s Ilta-Sanomien <a class=\"article-genericlink\" href=\"https:\/\/www.facebook.com\/iltasanomat\" rel=\"nofollow noopener\" target=\"_blank\">Facebook-julkaisun<\/a> kommenttikent\u00e4ss\u00e4. Siell\u00e4kin on havaittavissa samanlaista hajontaa.<\/p>\n<p class=\"article-body mb-nof-24 px-nof-16\">\u2013 En kyll\u00e4 arvannut, mut ihan mahtava on<\/p>\n<p class=\"article-body mb-nof-24 px-nof-16\">\u2013 Mahtava Pierumies, en tunnistanut, mutta kun paljastus toi esiin upean laulajan, en yll\u00e4ttynyt.<\/p>\n<p class=\"article-body mb-nof-24 px-nof-16\">\u2013 Oli ihan selv\u00e4 jo useamman viikon.<\/p>\n<p class=\"article-body mb-nof-24 px-nof-16\">Finaalijaksossa paljastuivat my\u00f6s kaksi muuta j\u00e4ljell\u00e4 olevaa hahmoa. Merenneidon maskin takaa paljastui<a class=\"article-personlink\" href=\"https:\/\/www.is.fi\/haku\/?query=%20Jannika%20B\" rel=\"nofollow noopener\" target=\"_blank\"> Jannika B<\/a>, jonka kaikki etsiv\u00e4t olivat arvanneet oikein. Papparaiseksi puolestaan paljastui imitaattori <a class=\"article-personlink\" href=\"https:\/\/www.is.fi\/haku\/?query=Jarkko%20Tamminen\" rel=\"nofollow noopener\" target=\"_blank\">Jarkko Tamminen<\/a>, joka on ollut mukana kisassa aikaisemminkin.<\/p>\n<p class=\"article-body mb-nof-24 px-nof-16\">Esimerkiksi Instagram-kommenttien perusteella moni vaikutti t\u00e4ll\u00e4 kertaa tunnistaneen Tammisen.<\/p>\n<p class=\"article-body mb-nof-24 px-nof-16\">\u2013 Niin tiesin, kommentoi er\u00e4s.<\/p>\n<p class=\"article-body mb-nof-24 px-nof-16\">\u2013 T\u00e4m\u00e4 oli pitk\u00e4\u00e4n tiedossa, ja toivoin Jarkolle voittoa t\u00e4ll\u00e4 kertaa, mutta ei.<\/p>\n<p class=\"article-body mb-nof-24 px-nof-16\">\u2013 Liian helppo, linjaa joku.<\/p>\n<p><script async src=\"\/\/www.instagram.com\/embed.js\"><\/script><\/p>\n","protected":false},"excerpt":{"rendered":"Masked Singer Suomen voitti Pierumies. 22.11. 21:41 Masked Singer Suomi -ohjelman uusin kausi p\u00e4\u00e4ttyi Pierumies-nimisen hahmon voittoon. Maskin&hellip;\n","protected":false},"author":2,"featured_media":97439,"comment_status":"","ping_status":"","sticky":false,"template":"","format":"standard","meta":{"footnotes":""},"categories":[133],"tags":[137,33,31,30,34,32,206,156,109],"class_list":{"0":"post-97438","1":"post","2":"type-post","3":"status-publish","4":"format-standard","5":"has-post-thumbnail","7":"category-televisiot","8":"tag-entertainment","9":"tag-fi","10":"tag-finland","11":"tag-finnish","12":"tag-ilta-sanomat","13":"tag-suomi","14":"tag-televisiot","15":"tag-tv","16":"tag-viihde"},"share_on_mastodon":{"url":"https:\/\/pubeurope.com\/@fi\/115596189220406719","error":""},"_links":{"self":[{"href":"https:\/\/www.europesays.com\/fi\/wp-json\/wp\/v2\/posts\/97438","targetHints":{"allow":["GET"]}}],"collection":[{"href":"https:\/\/www.europesays.com\/fi\/wp-json\/wp\/v2\/posts"}],"about":[{"href":"https:\/\/www.europesays.com\/fi\/wp-json\/wp\/v2\/types\/post"}],"author":[{"embeddable":true,"href":"https:\/\/www.europesays.com\/fi\/wp-json\/wp\/v2\/users\/2"}],"replies":[{"embeddable":true,"href":"https:\/\/www.europesays.com\/fi\/wp-json\/wp\/v2\/comments?post=97438"}],"version-history":[{"count":0,"href":"https:\/\/www.europesays.com\/fi\/wp-json\/wp\/v2\/posts\/97438\/revisions"}],"wp:featuredmedia":[{"embeddable":true,"href":"https:\/\/www.europesays.com\/fi\/wp-json\/wp\/v2\/media\/97439"}],"wp:attachment":[{"href":"https:\/\/www.europesays.com\/fi\/wp-json\/wp\/v2\/media?parent=97438"}],"wp:term":[{"taxonomy":"category","embeddable":true,"href":"https:\/\/www.europesays.com\/fi\/wp-json\/wp\/v2\/categories?post=97438"},{"taxonomy":"post_tag","embeddable":true,"href":"https:\/\/www.europesays.com\/fi\/wp-json\/wp\/v2\/tags?post=97438"}],"curies":[{"name":"wp","href":"https:\/\/api.w.org\/{rel}","templated":true}]}}