{"id":97636,"date":"2025-11-23T07:07:06","date_gmt":"2025-11-23T07:07:06","guid":{"rendered":"https:\/\/www.europesays.com\/fi\/97636\/"},"modified":"2025-11-23T07:07:06","modified_gmt":"2025-11-23T07:07:06","slug":"kommentti-sveitsin-jaatikoiden-sulaminen-auttaa-ymmartamaan-kuinka-nopeasti-ilmastonmuutos-etenee","status":"publish","type":"post","link":"https:\/\/www.europesays.com\/fi\/97636\/","title":{"rendered":"Kommentti: Sveitsin j\u00e4\u00e4tik\u00f6iden sulaminen auttaa ymm\u00e4rt\u00e4m\u00e4\u00e4n, kuinka nopeasti ilmastonmuutos etenee"},"content":{"rendered":"<p>Ajatellaan lapsia. He ovat hyv\u00e4 syy toimia ilmaston puolesta, kirjoittaa erikoistoimittaja Jouko Juonala.<\/p>\n<p class=\"article-body mb-nof-24 px-nof-16\">Katoavat j\u00e4\u00e4tik\u00f6t kertovat siit\u00e4, ett\u00e4 ilmastonmuutos etenee nopeasti. Muutos ei j\u00e4\u00e4 hahmottomaksi. Se muokkaa maisemaa ja se voidaan mitata tarkasti.<\/p>\n<p class=\"article-body mb-nof-24 px-nof-16\">J\u00e4\u00e4tik\u00f6iden sulaminen on kuitenkin vain osa ihmisen aiheuttamasta ilmastokriisist\u00e4. Ilmaston l\u00e4mpeneminen n\u00e4kyy jo kaikkialla, my\u00f6s Suomessa.<\/p>\n<p class=\"article-body mb-nof-24 px-nof-16\">Ja t\u00e4m\u00e4 on vasta alkua.<\/p>\n<p class=\"article-body mb-nof-24 px-nof-16\">Mik\u00e4li maapallon keskil\u00e4mp\u00f6tilan nousu etenee nykyisell\u00e4 polulla, haitat vain kasvavat ja vaaralliset keikahduspisteet l\u00e4hestyv\u00e4t. Sopeutuminen riskeihin vaatii yh\u00e4 enemm\u00e4n rahaa ja resursseja.<\/p>\n<p class=\"article-body mb-nof-24 px-nof-16\">YK:n ilmastokokouksissa maailman valtiot yritt\u00e4v\u00e4t joka vuosi sopia kasvihuonekaasujen p\u00e4\u00e4st\u00f6leikkauksista ja sopeutumiseen tarvittavasta rahoituksesta. T\u00e4m\u00e4n vuoden kokous COP30 pidettiin Belemiss\u00e4, Brasiliassa.<\/p>\n<p class=\"article-body mb-nof-24 px-nof-16\">Eteneminen COP-kokouksissa on tuskallisen hidasta. Jarruttajia riitt\u00e4\u00e4. Yhdysvallat on maailman toiseksi suurin tupruttaja, mutta <a class=\"article-personlink\" href=\"https:\/\/www.is.fi\/haku\/?query=Donald%20Trump\" rel=\"nofollow noopener\" target=\"_blank\">Donald Trump<\/a> ei l\u00e4hett\u00e4nyt Belemiin edes virkamiestason neuvottelijoita.<\/p>\n<p class=\"article-body mb-nof-24 px-nof-16\">Ilmastotoimilla on jo kiire, mutta akuutit vaarat menev\u00e4t aina edelle. T\u00e4ll\u00e4 hetkell\u00e4 Eurooppa sijoittaa valtavasti rahaa puolustukseen. Ven\u00e4j\u00e4n uhka on l\u00e4hell\u00e4, ilmastokriisi jossakin kaukana.<\/p>\n<p class=\"article-body mb-nof-24 px-nof-16\">J\u00e4\u00e4tikk\u00f6tutkija <a class=\"article-personlink\" href=\"https:\/\/www.is.fi\/haku\/?query=Matthias%20Huss\" rel=\"nofollow noopener\" target=\"_blank\">Matthias Huss<\/a> ajattelee sit\u00e4, millaista h\u00e4nen lastensa el\u00e4m\u00e4 on vuosisadan lopussa. Maailma on silloin muuttunut rajusti, ellei ilmaston l\u00e4mpenemist\u00e4 pystyt\u00e4 hillitsem\u00e4\u00e4n. Se on hyv\u00e4 motiivi toimia ilmaston puolesta.<\/p>\n","protected":false},"excerpt":{"rendered":"Ajatellaan lapsia. He ovat hyv\u00e4 syy toimia ilmaston puolesta, kirjoittaa erikoistoimittaja Jouko Juonala. Katoavat j\u00e4\u00e4tik\u00f6t kertovat siit\u00e4, ett\u00e4&hellip;\n","protected":false},"author":2,"featured_media":97637,"comment_status":"","ping_status":"","sticky":false,"template":"","format":"standard","meta":{"footnotes":""},"categories":[112],"tags":[33,31,30,34,118,32,119],"class_list":{"0":"post-97636","1":"post","2":"type-post","3":"status-publish","4":"format-standard","5":"has-post-thumbnail","7":"category-tiede","8":"tag-fi","9":"tag-finland","10":"tag-finnish","11":"tag-ilta-sanomat","12":"tag-science","13":"tag-suomi","14":"tag-tiede"},"share_on_mastodon":{"url":"https:\/\/pubeurope.com\/@fi\/115597753923148997","error":""},"_links":{"self":[{"href":"https:\/\/www.europesays.com\/fi\/wp-json\/wp\/v2\/posts\/97636","targetHints":{"allow":["GET"]}}],"collection":[{"href":"https:\/\/www.europesays.com\/fi\/wp-json\/wp\/v2\/posts"}],"about":[{"href":"https:\/\/www.europesays.com\/fi\/wp-json\/wp\/v2\/types\/post"}],"author":[{"embeddable":true,"href":"https:\/\/www.europesays.com\/fi\/wp-json\/wp\/v2\/users\/2"}],"replies":[{"embeddable":true,"href":"https:\/\/www.europesays.com\/fi\/wp-json\/wp\/v2\/comments?post=97636"}],"version-history":[{"count":0,"href":"https:\/\/www.europesays.com\/fi\/wp-json\/wp\/v2\/posts\/97636\/revisions"}],"wp:featuredmedia":[{"embeddable":true,"href":"https:\/\/www.europesays.com\/fi\/wp-json\/wp\/v2\/media\/97637"}],"wp:attachment":[{"href":"https:\/\/www.europesays.com\/fi\/wp-json\/wp\/v2\/media?parent=97636"}],"wp:term":[{"taxonomy":"category","embeddable":true,"href":"https:\/\/www.europesays.com\/fi\/wp-json\/wp\/v2\/categories?post=97636"},{"taxonomy":"post_tag","embeddable":true,"href":"https:\/\/www.europesays.com\/fi\/wp-json\/wp\/v2\/tags?post=97636"}],"curies":[{"name":"wp","href":"https:\/\/api.w.org\/{rel}","templated":true}]}}