{"id":97711,"date":"2025-11-23T09:11:14","date_gmt":"2025-11-23T09:11:14","guid":{"rendered":"https:\/\/www.europesays.com\/fi\/97711\/"},"modified":"2025-11-23T09:11:14","modified_gmt":"2025-11-23T09:11:14","slug":"illalla-tvssa-mads-mikkelsen-sai-pikakomennuksen-fantasialeffaan-se-oli-melko-kaoottista","status":"publish","type":"post","link":"https:\/\/www.europesays.com\/fi\/97711\/","title":{"rendered":"Illalla tv:ss\u00e4: Mads Mikkelsen sai pikakomennuksen fantasialeffaan &#8211; &#8221;se oli melko kaoottista&#8221;"},"content":{"rendered":"<p>Illan tv-tarjonnassa on fantasiaelokuva Ihmeotukset: Dumbledoren salaisuudet (2022).<\/p>\n<p>Professori Albus Dumbledore tiet\u00e4\u00e4, ett\u00e4 voimakas Pime\u00e4 velho Gellert Grindelwald suunnittelee velhomaailman kaappausta, mutta h\u00e4n ei voi est\u00e4\u00e4 katalaa suunnitelmaa yksin.<\/p>\n<p>Ohjaus <strong>David Yates<\/strong>. P\u00e4\u00e4osissa <strong>Eddie Redmayne<\/strong>, <strong>Jude Law<\/strong> ja <strong>Mads Mikkelsen<\/strong>. <\/p>\n<p>Mikkelsen korvasi elokuvassa <strong>Johnny Deppin<\/strong>. H\u00e4n menetti roolinsa <strong>Amber Heardin<\/strong> v\u00e4kivaltavihjailujen my\u00f6t\u00e4, mutta Depp voitti Heardin my\u00f6hemmin oikeudessa.<\/p>\n<p><img loading=\"lazy\" height=\"536\" width=\"1024\" class=\"wp-image-142110 sp-no-webp perfmatters-lazy\" alt=\"\" decoding=\"async\" src=\"https:\/\/www.europesays.com\/fi\/wp-content\/uploads\/2025\/11\/ihmeotukset-blockbuster-natiivi-kesakuu2022-1200px-1024x536.jpg\"  data-\/> Ihmeotukset: Dumbledoren salaisuudet<\/p>\n<p>Mikkelsen valittiin Deppin korvaajaksi lyhyell\u00e4 varoitusajalla. H\u00e4n paljasti haastattelussa, ettei h\u00e4nell\u00e4 ollut kuin kaksi p\u00e4iv\u00e4\u00e4 aikaa hyv\u00e4ksy\u00e4 rooli ja astua Deppin tilalle.<\/p>\n<p>N\u00e4yttelij\u00e4 kertoi The Hollywood Reporterille katsoneensa nopeasti kaksi ensimm\u00e4ist\u00e4 elokuvaa ja lukeneensa Dumbledoren salaisuudet -k\u00e4sikirjoituksen saadakseen k\u00e4sityksen roolista.<\/p>\n<p>\u2013 Se oli melko kaoottista, Mikkelsen tuumi.<\/p>\n<p>Mikkelsen sanoi, ettei h\u00e4n halunnut kopioida mit\u00e4\u00e4n, mit\u00e4 Depp oli tehnyt, vaan pyrki \u201drakentamaan jonkinlaisen sillan\u201d aiemman ja h\u00e4nen hahmonsa v\u00e4lille. Mikkelsenin mukaan oli my\u00f6s tarkoituksellista, ettei hahmon ulkon\u00e4\u00f6n vaihtumiselle kerrottu syyt\u00e4. Mikkelsen totesi, ett\u00e4 \u201dkoko maailma tiet\u00e4\u00e4\u201d, miksi n\u00e4yttelij\u00e4t olivat vaihtuneet.<\/p>\n<p>Episodi antoi elokuvalle <a href=\"https:\/\/www.episodi.fi\/elokuvat\/ihmeotukset-dumbledoren-salaisuudet\/\" rel=\"nofollow noopener\" target=\"_blank\">arvostelussa<\/a> nelj\u00e4 t\u00e4hte\u00e4:<\/p>\n<p>\u201dYksi elokuvan parhaista puolista on ehdottomasti se, ett\u00e4 itse ihmeotukset p\u00e4\u00e4sev\u00e4t j\u00e4lleen kunnolla parrasvaloihin. Siin\u00e4 miss\u00e4\u00a0Grindelwaldin rikokset sortui mainion avausosan j\u00e4lkeen hy\u00f6dynt\u00e4m\u00e4\u00e4n olentoja l\u00e4hinn\u00e4 vain proppeina, t\u00e4ll\u00e4 kertaa niill\u00e4 on taas oma avainasemallinen roolinsa juonen kulussa.\u201d<\/p>\n<p>Elokuva tuotti maailmanlaajuisesti 654,9 miljoonaa dollaria. Summa teki siit\u00e4 vuoden 2018 kymmenenneksi tuottoisimman elokuvan. Elokuva on my\u00f6s HBO Maxissa. Alla traileri.<\/p>\n<p>Tulevat l\u00e4hetykset:<\/p>\n<ul class=\"wp-block-list\">\n<li>Su 23.11.2025 klo 13.55 \u00b7 TV5<\/li>\n<\/ul>\n<p>Lue my\u00f6s: <a href=\"https:\/\/www.episodi.fi\/uutiset\/will-turner-toivoo-merirosvopaallikon-paluuta-uuteen-pirates-of-caribbean-elokuvaan-tehdaan-tama-nyt-kunnolla-kun-kerran-on-lahdetty\/\" title=\"Will Turner toivoo merirosvop\u00e4\u00e4llik\u00f6n paluuta uuteen Pirates of Caribbean -elokuvaan \u2013 \u201dTehd\u00e4\u00e4n t\u00e4m\u00e4 nyt kunnolla, kun kerran on l\u00e4hdetty!\u201d\" class=\"underline-custom !font-montserrat !font-bold !underline-offset-4 !decoration-4 !decoration-episodi-blue !text-md\" rel=\"nofollow noopener\" target=\"_blank\">Will Turner toivoo merirosvop\u00e4\u00e4llik\u00f6n paluuta uuteen Pirates of Caribbean -elokuvaan \u2013 \u201dTehd\u00e4\u00e4n t\u00e4m\u00e4 nyt kunnolla, kun kerran on l\u00e4hdetty!\u201d<\/a><\/p>\n<p>Lue my\u00f6s: <a href=\"https:\/\/www.episodi.fi\/uutiset\/kaikkien-luonnenayttelijoiden-kuninkaalla-oli-varaa-luopua-tastakin-klassikkoroolista-silloin-en-tiennyt-tim-burtonista-mitaan\/\" title=\"Kaikkien luonnen\u00e4yttelij\u00f6iden kuninkaalla oli varaa luopua t\u00e4st\u00e4kin klassikkoroolista \u2013 \u201dSilloin en tiennyt Tim Burtonista mit\u00e4\u00e4n\u201d\" class=\"underline-custom !font-montserrat !font-bold !underline-offset-4 !decoration-4 !decoration-episodi-blue !text-md\" rel=\"nofollow noopener\" target=\"_blank\">Kaikkien luonnen\u00e4yttelij\u00f6iden kuninkaalla oli varaa luopua t\u00e4st\u00e4kin klassikkoroolista \u2013 \u201dSilloin en tiennyt Tim Burtonista mit\u00e4\u00e4n\u201d<\/a><\/p>\n<p>Lue my\u00f6s: <a href=\"https:\/\/www.episodi.fi\/uutiset\/nyt-netflixissa-paras-komedia-ikina-hulvaton-meno-naurattaa-niin-etta-kyyneleet-nousevat-silmiin\/\" title=\"Nyt Netflixiss\u00e4: Paras komedia ikin\u00e4? Hulvaton meno naurattaa niin ett\u00e4 kyyneleet nousevat silmiin\" class=\"underline-custom !font-montserrat !font-bold !underline-offset-4 !decoration-4 !decoration-episodi-blue !text-md\" rel=\"nofollow noopener\" target=\"_blank\">Nyt Netflixiss\u00e4: Paras komedia ikin\u00e4? Hulvaton meno naurattaa niin ett\u00e4 kyyneleet nousevat silmiin<\/a><\/p>\n<p><img loading=\"lazy\" decoding=\"async\" alt=\"YouTube video\" width=\"480\" height=\"360\" data-pin-nopin=\"true\" nopin=\"nopin\" class=\"perfmatters-lazy\" src=\"https:\/\/www.europesays.com\/fi\/wp-content\/uploads\/2025\/11\/1763889074_535_hqdefault.jpg\"\/><\/p>\n<p>L\u00e4hde: <a href=\"https:\/\/metro.co.uk\/2022\/04\/18\/fantastic-beasts-3-suffers-weakest-box-debut-of-the-franchise-16484178\/\" target=\"_blank\" rel=\"noopener nofollow\">Metro<\/a>, <a href=\"https:\/\/metro.co.uk\/2022\/04\/18\/fantastic-beasts-3-suffers-weakest-box-debut-of-the-franchise-16484178\/\" target=\"_blank\" rel=\"noopener nofollow\">Metro<\/a><\/p>\n<p>Lue my\u00f6s: <a href=\"https:\/\/www.episodi.fi\/uutiskirje\/?uutiskirjemainos=tekstilinkkimainos\" title=\"Tilaa Episodin uutiskirje ja voit voittaa leffalippuja! Nappaa tv-vinkit suoraan s\u00e4hk\u00f6postiin t\u00e4st\u00e4.\" class=\"underline-custom !font-montserrat !font-bold !underline-offset-4 !decoration-4 !decoration-episodi-blue !text-md\" rel=\"nofollow noopener\" target=\"_blank\">Tilaa Episodin uutiskirje ja voit voittaa leffalippuja! Nappaa katseluvinkit suoraan s\u00e4hk\u00f6postiin t\u00e4st\u00e4.<\/a><\/p>\n","protected":false},"excerpt":{"rendered":"Illan tv-tarjonnassa on fantasiaelokuva Ihmeotukset: Dumbledoren salaisuudet (2022). Professori Albus Dumbledore tiet\u00e4\u00e4, ett\u00e4 voimakas Pime\u00e4 velho Gellert Grindelwald&hellip;\n","protected":false},"author":2,"featured_media":97712,"comment_status":"","ping_status":"","sticky":false,"template":"","format":"standard","meta":{"footnotes":""},"categories":[133],"tags":[137,33,31,30,32,206,139,156,109],"class_list":{"0":"post-97711","1":"post","2":"type-post","3":"status-publish","4":"format-standard","5":"has-post-thumbnail","7":"category-televisiot","8":"tag-entertainment","9":"tag-fi","10":"tag-finland","11":"tag-finnish","12":"tag-suomi","13":"tag-televisiot","14":"tag-tv-ohjelmat","15":"tag-tv","16":"tag-viihde"},"share_on_mastodon":{"url":"https:\/\/pubeurope.com\/@fi\/115598241637796887","error":""},"_links":{"self":[{"href":"https:\/\/www.europesays.com\/fi\/wp-json\/wp\/v2\/posts\/97711","targetHints":{"allow":["GET"]}}],"collection":[{"href":"https:\/\/www.europesays.com\/fi\/wp-json\/wp\/v2\/posts"}],"about":[{"href":"https:\/\/www.europesays.com\/fi\/wp-json\/wp\/v2\/types\/post"}],"author":[{"embeddable":true,"href":"https:\/\/www.europesays.com\/fi\/wp-json\/wp\/v2\/users\/2"}],"replies":[{"embeddable":true,"href":"https:\/\/www.europesays.com\/fi\/wp-json\/wp\/v2\/comments?post=97711"}],"version-history":[{"count":0,"href":"https:\/\/www.europesays.com\/fi\/wp-json\/wp\/v2\/posts\/97711\/revisions"}],"wp:featuredmedia":[{"embeddable":true,"href":"https:\/\/www.europesays.com\/fi\/wp-json\/wp\/v2\/media\/97712"}],"wp:attachment":[{"href":"https:\/\/www.europesays.com\/fi\/wp-json\/wp\/v2\/media?parent=97711"}],"wp:term":[{"taxonomy":"category","embeddable":true,"href":"https:\/\/www.europesays.com\/fi\/wp-json\/wp\/v2\/categories?post=97711"},{"taxonomy":"post_tag","embeddable":true,"href":"https:\/\/www.europesays.com\/fi\/wp-json\/wp\/v2\/tags?post=97711"}],"curies":[{"name":"wp","href":"https:\/\/api.w.org\/{rel}","templated":true}]}}