{"id":97713,"date":"2025-11-23T09:15:08","date_gmt":"2025-11-23T09:15:08","guid":{"rendered":"https:\/\/www.europesays.com\/fi\/97713\/"},"modified":"2025-11-23T09:15:08","modified_gmt":"2025-11-23T09:15:08","slug":"jattimainen-kaanne-f1sta-kantautui-dramaattinen-tieto","status":"publish","type":"post","link":"https:\/\/www.europesays.com\/fi\/97713\/","title":{"rendered":"J\u00e4ttim\u00e4inen k\u00e4\u00e4nne! F1:st\u00e4 kantautui dramaattinen tieto"},"content":{"rendered":"<p>F1|McLarenin kuljettajat on kutsuttu tuomariston puheille.<\/p>\n<p class=\"article-body mb-nof-24 px-nof-16\">F1:n Las Vegasin GP:st\u00e4 on kantautunut j\u00e4risytt\u00e4v\u00e4 tieto.<\/p>\n<p class=\"article-body mb-nof-24 px-nof-16\">Muun muassa <a class=\"article-genericlink\" href=\"https:\/\/www.the-race.com\/formula-1\/norris-piastri-vegas-gp-f1-mclaren-investigation-exclusion-risk\/\" rel=\"nofollow noopener\" target=\"_blank\">The Race -sivusto<\/a> kertoo, ett\u00e4 molemmat McLarenin kuljettajat eli MM-sarjan k\u00e4rkinimi<a class=\"article-personlink\" href=\"https:\/\/www.hs.fi\/haku\/?query=%20Lando%20Norris\" rel=\"nofollow noopener\" target=\"_blank\"> Lando Norris<\/a> ja toisena tuleva <a class=\"article-personlink\" href=\"https:\/\/www.hs.fi\/haku\/?query=Oscar%20Piastri\" rel=\"nofollow noopener\" target=\"_blank\">Oscar Piastri<\/a> ovat vaarassa tulla hyl\u00e4tyksi osakilpailussa. Kaksikko on kutsuttu tapaamiseen tuomariston kanssa.<\/p>\n<p class=\"article-body mb-nof-24 px-nof-16\">Mediatietojen mukaan kisan j\u00e4lkeen tehdyss\u00e4 tarkastuksessa selvisi, ett\u00e4 kuljettajien autojen pohjalevyiss\u00e4 olleet osat olivat kuluneet alle sallitun rajan. Kyseess\u00e4 on s\u00e4\u00e4nt\u00f6rike, josta pit\u00e4isi tulla hylk\u00e4ys.<\/p>\n<p class=\"article-body mb-nof-24 px-nof-16\">Norris sijoittui Las Vegasissa toiseksi ja Piastri nelj\u00e4nneksi. Mik\u00e4li McLarenin kaksikko hyl\u00e4t\u00e4\u00e4n, nousee Red Bullin <a class=\"article-personlink\" href=\"https:\/\/www.hs.fi\/haku\/?query=Max%20Verstappen\" rel=\"nofollow noopener\" target=\"_blank\">Max Verstappen<\/a> kuljettajien MM-sarjassa jo tasoihin Piastrin kanssa ja 24 pisteen p\u00e4\u00e4h\u00e4n Norrisista.<\/p>\n<p class=\"article-body mb-nof-24 px-nof-16\">T\u00e4ll\u00e4 hetkell\u00e4 hallitseva maailmanmestari Verstappen on Norrisia j\u00e4ljess\u00e4 42 pistett\u00e4. Verstappen voitti Las Vegasin GP:n.<\/p>\n<p class=\"article-body mb-nof-24 px-nof-16\">F1:n kausi jatkuu ensi viikonloppuna Qatarissa. Sen j\u00e4lkeen on j\u00e4ljell\u00e4 en\u00e4\u00e4 yksi osakilpailu, joka kisataan Abu Dhabissa joulukuussa.<\/p>\n","protected":false},"excerpt":{"rendered":"F1|McLarenin kuljettajat on kutsuttu tuomariston puheille. F1:n Las Vegasin GP:st\u00e4 on kantautunut j\u00e4risytt\u00e4v\u00e4 tieto. Muun muassa The Race&hellip;\n","protected":false},"author":2,"featured_media":97714,"comment_status":"","ping_status":"","sticky":false,"template":"","format":"standard","meta":{"footnotes":""},"categories":[158],"tags":[33,31,30,46,159,32,160],"class_list":{"0":"post-97713","1":"post","2":"type-post","3":"status-publish","4":"format-standard","5":"has-post-thumbnail","7":"category-urheilu","8":"tag-fi","9":"tag-finland","10":"tag-finnish","11":"tag-helsingin-sanomat","12":"tag-sports","13":"tag-suomi","14":"tag-urheilu"},"share_on_mastodon":{"url":"https:\/\/pubeurope.com\/@fi\/115598257439820674","error":""},"_links":{"self":[{"href":"https:\/\/www.europesays.com\/fi\/wp-json\/wp\/v2\/posts\/97713","targetHints":{"allow":["GET"]}}],"collection":[{"href":"https:\/\/www.europesays.com\/fi\/wp-json\/wp\/v2\/posts"}],"about":[{"href":"https:\/\/www.europesays.com\/fi\/wp-json\/wp\/v2\/types\/post"}],"author":[{"embeddable":true,"href":"https:\/\/www.europesays.com\/fi\/wp-json\/wp\/v2\/users\/2"}],"replies":[{"embeddable":true,"href":"https:\/\/www.europesays.com\/fi\/wp-json\/wp\/v2\/comments?post=97713"}],"version-history":[{"count":0,"href":"https:\/\/www.europesays.com\/fi\/wp-json\/wp\/v2\/posts\/97713\/revisions"}],"wp:featuredmedia":[{"embeddable":true,"href":"https:\/\/www.europesays.com\/fi\/wp-json\/wp\/v2\/media\/97714"}],"wp:attachment":[{"href":"https:\/\/www.europesays.com\/fi\/wp-json\/wp\/v2\/media?parent=97713"}],"wp:term":[{"taxonomy":"category","embeddable":true,"href":"https:\/\/www.europesays.com\/fi\/wp-json\/wp\/v2\/categories?post=97713"},{"taxonomy":"post_tag","embeddable":true,"href":"https:\/\/www.europesays.com\/fi\/wp-json\/wp\/v2\/tags?post=97713"}],"curies":[{"name":"wp","href":"https:\/\/api.w.org\/{rel}","templated":true}]}}