{"id":97718,"date":"2025-11-23T09:21:09","date_gmt":"2025-11-23T09:21:09","guid":{"rendered":"https:\/\/www.europesays.com\/fi\/97718\/"},"modified":"2025-11-23T09:21:09","modified_gmt":"2025-11-23T09:21:09","slug":"is-oululaisella-kansanedustajalla-yksi-eduskunnan-suurimmista-sijoitussalkuista-ville-vahamaki-on-ilmoittanut-salkun-arvoksi-reilusti-yli-miljoona-euroa","status":"publish","type":"post","link":"https:\/\/www.europesays.com\/fi\/97718\/","title":{"rendered":"IS: Oululaisella kansanedustajalla yksi eduskunnan suurimmista sijoitussalkuista \u2013 Ville V\u00e4h\u00e4m\u00e4ki on ilmoittanut salkun arvoksi reilusti yli miljoona euroa"},"content":{"rendered":"<p>    <img decoding=\"async\" class=\"responsive-image article__image-image lozad\"   src=\"https:\/\/www.europesays.com\/fi\/wp-content\/uploads\/2025\/11\/os4mrNjyUfF6_T_zZL04NNHNWVISOG3f95GbhfodC4WtloufW9N3d9wJ0PLbBLqkhOps-WMD3qtMlFsmFXCS7XwPOGY4Xy-WHZoH.jpeg\" alt=\"Oululainen kansanedustaja Ville V\u00e4h\u00e4m\u00e4ki (ps.). Kuva on arkistokuva vuodelta 2020.\"\/><\/p>\n<p>\n                Oululainen kansanedustaja Ville V\u00e4h\u00e4m\u00e4ki (ps.). Kuva on arkistokuva vuodelta 2020.\n              <\/p>\n<p>\n                Kuva: Jarmo Kontiainen\n              <\/p>\n<p class=\"article__paragraph\">\n      <a href=\"https:\/\/www.is.fi\/politiikka\/art-2000011634347.html\" rel=\"nofollow noopener\" target=\"_blank\">Ilta-Sanomien<\/a> mukaan oululaisella perussuomalaisten kansanedustajalla Ville V\u00e4h\u00e4m\u00e4ell\u00e4 on yksi eduskunnan suurimmista sijoitussalkuista. V\u00e4h\u00e4m\u00e4ki on itse ilmoittanut salkun arvoksi yli 1\u202f260\u202f000 euroa.\n    <\/p>\n<p class=\"article__paragraph\">\n      IS kertoo, ett\u00e4 V\u00e4h\u00e4m\u00e4ki on sijoittanut merkitt\u00e4v\u00e4n m\u00e4\u00e4r\u00e4n kryptovaluuttoihin. Salkusta l\u00f6ytyy ilmoituksen mukaan 1,47 Bitcoinia, joka tiistain 18. marraskuuta kurssilla olisi yli 92\u202f000 euroa. Lis\u00e4ksi V\u00e4h\u00e4m\u00e4ki omistaa 660 Binance BNB -kolikkoa, joiden yksikk\u00f6arvo oli tiistaina 780 euroa.\n    <\/p>\n<p class=\"article__paragraph\">\n      46-vuotias V\u00e4h\u00e4m\u00e4ki valittiin eduskuntaan ensimm\u00e4ist\u00e4 kertaa vuonna 2011 yli 5\u202f500 \u00e4\u00e4nell\u00e4. Siit\u00e4 asti h\u00e4n on istunut eduskunnassa.\n    <\/p>\n<p class=\"article__paragraph\">\n      Samalla h\u00e4n on my\u00f6s kuulunut Oulun kaupunginvaltuustoon. T\u00e4ll\u00e4 hetkell\u00e4 h\u00e4n on perussuomalaisten varavaltuutettu.\n    <\/p>\n","protected":false},"excerpt":{"rendered":"Oululainen kansanedustaja Ville V\u00e4h\u00e4m\u00e4ki (ps.). Kuva on arkistokuva vuodelta 2020. Kuva: Jarmo Kontiainen Ilta-Sanomien mukaan oululaisella perussuomalaisten kansanedustajalla&hellip;\n","protected":false},"author":2,"featured_media":97719,"comment_status":"","ping_status":"","sticky":false,"template":"","format":"standard","meta":{"footnotes":""},"categories":[12],"tags":[22,23,26,27,33,31,30,17,24,25,28,29,15,18,21,32,19,20,16],"class_list":{"0":"post-97718","1":"post","2":"type-post","3":"status-publish","4":"format-standard","5":"has-post-thumbnail","7":"category-suomi","8":"tag-breaking-news","9":"tag-breakingnews","10":"tag-featured-news","11":"tag-featurednews","12":"tag-fi","13":"tag-finland","14":"tag-finnish","15":"tag-headlines","16":"tag-latest-news","17":"tag-latestnews","18":"tag-main-news","19":"tag-mainnews","20":"tag-news","21":"tag-otsikot","22":"tag-paauutiset","23":"tag-suomi","24":"tag-top-stories","25":"tag-topstories","26":"tag-uutiset"},"share_on_mastodon":{"url":"https:\/\/pubeurope.com\/@fi\/115598281079549757","error":""},"_links":{"self":[{"href":"https:\/\/www.europesays.com\/fi\/wp-json\/wp\/v2\/posts\/97718","targetHints":{"allow":["GET"]}}],"collection":[{"href":"https:\/\/www.europesays.com\/fi\/wp-json\/wp\/v2\/posts"}],"about":[{"href":"https:\/\/www.europesays.com\/fi\/wp-json\/wp\/v2\/types\/post"}],"author":[{"embeddable":true,"href":"https:\/\/www.europesays.com\/fi\/wp-json\/wp\/v2\/users\/2"}],"replies":[{"embeddable":true,"href":"https:\/\/www.europesays.com\/fi\/wp-json\/wp\/v2\/comments?post=97718"}],"version-history":[{"count":0,"href":"https:\/\/www.europesays.com\/fi\/wp-json\/wp\/v2\/posts\/97718\/revisions"}],"wp:featuredmedia":[{"embeddable":true,"href":"https:\/\/www.europesays.com\/fi\/wp-json\/wp\/v2\/media\/97719"}],"wp:attachment":[{"href":"https:\/\/www.europesays.com\/fi\/wp-json\/wp\/v2\/media?parent=97718"}],"wp:term":[{"taxonomy":"category","embeddable":true,"href":"https:\/\/www.europesays.com\/fi\/wp-json\/wp\/v2\/categories?post=97718"},{"taxonomy":"post_tag","embeddable":true,"href":"https:\/\/www.europesays.com\/fi\/wp-json\/wp\/v2\/tags?post=97718"}],"curies":[{"name":"wp","href":"https:\/\/api.w.org\/{rel}","templated":true}]}}