{"id":97770,"date":"2025-11-23T10:52:13","date_gmt":"2025-11-23T10:52:13","guid":{"rendered":"https:\/\/www.europesays.com\/fi\/97770\/"},"modified":"2025-11-23T10:52:13","modified_gmt":"2025-11-23T10:52:13","slug":"ruutukasvo-emma-hyyppa-30-herkistyy-avautuu-urheilu-uransa-lohduttomasta-kaanteesta","status":"publish","type":"post","link":"https:\/\/www.europesays.com\/fi\/97770\/","title":{"rendered":"Ruutukasvo Emma Hyypp\u00e4, 30, herkistyy \u2013 avautuu urheilu-uransa lohduttomasta k\u00e4\u00e4nteest\u00e4"},"content":{"rendered":"<p>Emma Hyypp\u00e4 j\u00e4tti syksyll\u00e4 Ylen urheilutoimituksen ja siirtyi MTV:n palvelukseen.<\/p>\n<p>Lue tiivistelm\u00e4<\/p>\n<p>Tiivistelm\u00e4 on teko\u00e4lyn tekem\u00e4 ja ihmisen tarkistama.<\/p>\n<p class=\"article-body mb-nof-24 px-nof-16 sndp-summary-bullet-point-font\">Urheilutoimittaja Emma Hyypp\u00e4 lopetti kilpajuoksu-uransa 22-vuotiaana, kun ylirasitustila romutti h\u00e4nen tuloksensa Yhdysvaltain yliopistossa.<\/p>\n<p class=\"article-body mb-nof-24 px-nof-16 sndp-summary-bullet-point-font\">Hyypp\u00e4 oli nostanut harjoitusm\u00e4\u00e4r\u00e4\u00e4ns\u00e4 liian nopeasti 140 kilometriin viikossa, mik\u00e4 johti hermoston ylirasitukseen ja yhden kilpailukauden v\u00e4liin j\u00e4\u00e4miseen.<\/p>\n<p class=\"article-body mb-nof-24 px-nof-16 sndp-summary-bullet-point-font\">Hyypp\u00e4 siirtyi syksyll\u00e4 Yle urheilusta MTV:lle, miss\u00e4 h\u00e4n ty\u00f6skentelee toimittajana ja Tulosruudun ankkurina.<\/p>\n<p class=\"article-body mb-nof-24 px-nof-16\">Lahdessa kasvanut <a class=\"article-personlink\" href=\"https:\/\/www.is.fi\/haku\/?query=Emma%20Hyypp%C3%A4\" rel=\"nofollow noopener\" target=\"_blank\">Emma Hyypp\u00e4<\/a>, 30, oli murheen alhossa kymmenen vuotta sitten. H\u00e4n oli saanut urheilustipendin Idahon osavaltiossa sijaitsevaan Boisen yliopistoon, mutta siell\u00e4 estejuoksijan ura oli t\u00f6rm\u00e4nnyt sein\u00e4\u00e4n.<\/p>\n<p class=\"article-body mb-nof-24 px-nof-16\">H\u00e4n oli juossut Suomessa noin sadan kilometrin harjoitusviikkoja, mutta p\u00e4\u00e4tt\u00e4nyt nostaa uudessa ymp\u00e4rist\u00f6ss\u00e4 m\u00e4\u00e4r\u00e4n 120 kilometriin viikossa.<\/p>\n<p class=\"article-body mb-nof-24 px-nof-16\">\u2013\u2009Aluksi harjoitusvaste oli hyv\u00e4, ja niinp\u00e4 p\u00e4\u00e4tin joululomalla Suomessa, ett\u00e4 ryhdyn treenaamaan viel\u00e4 enemm\u00e4n, 130\u2013140 kilometri\u00e4 viikossa, Hyypp\u00e4 kertoo.<\/p>\n<p class=\"article-body mb-nof-24 px-nof-16\">Yliopistossa oli painotettu pitk\u00e4j\u00e4nteisyyden merkityst\u00e4, mutta suomalaisella oli kova kiire kehitty\u00e4 ja toteuttaa omia unelmiaan urheilijana. H\u00e4n oli ollut mukana alle 20-vuotiaiden EM-kisoissa Rietiss\u00e4 kes\u00e4ll\u00e4 2013 ja nyt silmiss\u00e4 siinsiv\u00e4t aikuisten arvokisat.<\/p>\n<p class=\"article-body mb-nof-24 px-nof-16\">Harjoitusm\u00e4\u00e4r\u00e4n liian nopeasta lis\u00e4\u00e4misest\u00e4 seurasi hermoston kokonaisvaltainen ylirasitustila. Siin\u00e4k\u00e4\u00e4n vaiheessa Hyypp\u00e4 ei malttanut pit\u00e4\u00e4 taukoa vaan jatkoi harjoittelua, mik\u00e4 pahensi tilannetta.<\/p>\n<p class=\"article-body mb-nof-24 px-nof-16\">Tulokset romahtivat, ja yksi kilpailukausi j\u00e4i kokonaan v\u00e4liin. Nuori nainen murehti yksin ep\u00e4toivoisena.<\/p>\n<p class=\"article-body mb-nof-24 px-nof-16\">\u2013\u2009Kun alkoi menn\u00e4 huonosti, valmentajat eiv\u00e4t en\u00e4\u00e4 yht\u00e4 usein kyselleet kuulumisia.<\/p>\n<p class=\"article-body mb-nof-24 px-nof-16\">Siis silloin, kun keskustelua olisi eniten tarvittu.<\/p>\n<p class=\"article-body mb-nof-24 px-nof-16\">\u2013\u2009Olen tosi harvoin puhunut t\u00e4st\u00e4, niin musta tuntuu, ett\u00e4 meinaa tulla tunteet pintaan, Hyypp\u00e4 herkistyy kahvilan p\u00f6yd\u00e4ss\u00e4.<\/p>\n<p class=\"article-body mb-nof-24 px-nof-16\">H\u00e4n oli juossut omat enn\u00e4tyksens\u00e4 19-vuotiaana ennen yliopistoon l\u00e4ht\u00f6\u00e4 (p\u00e4\u00e4matka 3\u202f000 metrin esteet kulki aikaan 10.22,77).<\/p>\n<p><img decoding=\"async\" src=\"https:\/\/www.europesays.com\/fi\/wp-content\/uploads\/2025\/11\/1763895129_582_468.jpg\" alt=\"Emma Hyypp\u00e4 voitti sile\u00e4n 3000 metrin juoksun Suomen mestaruuden 19-vuotiaiden sarjassa Huittisissa elokuussa 2014.\" class=\"_Img_1rerz_1\" style=\"aspect-ratio:1.5\" loading=\"eager\"\/><\/p>\n<p class=\"article-picture-caption\">Emma Hyypp\u00e4 voitti sile\u00e4n 3000 metrin juoksun Suomen mestaruuden 19-vuotiaiden sarjassa Huittisissa elokuussa 2014. Kuva:\u00a0Tomi Glad<\/p>\n<p class=\"article-body mb-nof-24 px-nof-16\">Ura p\u00e4\u00e4ttyi lohduttomaan tilanteeseen 22-vuotiaana.<\/p>\n<p class=\"article-body mb-nof-24 px-nof-16\">\u2013\u2009En ole kuitenkaan surullinen urheilu-urastani, MTV:n tuore ruutukasvo vakuuttaa.<\/p>\n<p class=\"article-body mb-nof-24 px-nof-16\">Hyypp\u00e4 oli jo koululaisena ajatellut hankkivansa urheiluun liittyv\u00e4n ammatin.<\/p>\n<p class=\"article-body mb-nof-24 px-nof-16\">\u2013\u2009Urheilutoimittajan ty\u00f6 tv:ss\u00e4 vaikutti minusta j\u00e4nnitt\u00e4v\u00e4lt\u00e4 ja hauskalta, joten siit\u00e4 tuli unelma-ammattini.<\/p>\n<p class=\"article-body mb-nof-24 px-nof-16\">H\u00e4n sai kuulla muistuttavansa er\u00e4st\u00e4 tv-kasvoa.<\/p>\n<p class=\"article-body mb-nof-24 px-nof-16\">\u2013\u2009Sain Lahdessa palautetta, ett\u00e4 n\u00e4yt\u00e4n <a class=\"article-personlink\" href=\"https:\/\/www.is.fi\/haku\/?query=Inka%20Heneliukselta\" rel=\"nofollow noopener\" target=\"_blank\">Inka Heneliukselta<\/a>, Hyypp\u00e4 naurahtaa.<\/p>\n<p class=\"article-body mb-nof-24 px-nof-16\">L\u00e4htiess\u00e4\u00e4n Boisen osavaltionyliopistoon, h\u00e4n p\u00e4\u00e4tti opiskella mediatutkimusta ja journalismia.<\/p>\n<p class=\"article-body mb-nof-24 px-nof-16\">\u2013\u2009Arvelin viestint\u00e4alan tutkinnon kelpaavan my\u00f6s Suomessa.<\/p>\n<p class=\"article-body mb-nof-24 px-nof-16\">Opiskelu oli ensimm\u00e4isen\u00e4 vuonna rankkaa, kun englannin kieli ei ollut viel\u00e4 kunnolla hallussa.<\/p>\n<p class=\"article-body mb-nof-24 px-nof-16\">\u2013\u2009Minulla oli kerran viikossa tapaaminen tutorin kanssa ja jouduin tekem\u00e4\u00e4n ylim\u00e4\u00e4r\u00e4isi\u00e4 study hall -tunteja eli viett\u00e4m\u00e4\u00e4n pakollista aikaa l\u00e4ksyjen parissa.<\/p>\n<p class=\"article-body mb-nof-24 px-nof-16\">P\u00e4ntt\u00e4\u00e4minen tuotti tulosta: Hyyp\u00e4n keskiarvo nousi ja h\u00e4n valmistui hyvill\u00e4 arvosanoilla.<\/p>\n<p class=\"article-body mb-nof-24 px-nof-16\">Viimeisen\u00e4 opiskeluvuotenaan h\u00e4n ty\u00f6skenteli opintojen ohella koulun tennishallilla ja tutustui tennisjoukkueen j\u00e4seniin.<\/p>\n<p class=\"article-body mb-nof-24 px-nof-16\">\u2013\u2009Meist\u00e4 tuli tosi hyvi\u00e4 kavereita, ja sain muitakin yst\u00e4vi\u00e4 juoksujoukkueen ulkopuolelta, Hyypp\u00e4 kertoo.<\/p>\n<blockquote class=\"citation\">\n<p>\u201d<\/p>\n<p>Annoin itselleni luvan el\u00e4\u00e4 sellaista parikymppisen el\u00e4m\u00e4\u00e4.<\/p>\n<\/blockquote>\n<p><img decoding=\"async\" src=\"https:\/\/www.europesays.com\/fi\/wp-content\/uploads\/2025\/11\/1763895130_847_468.jpg\" alt=\"Emma Hyypp\u00e4 ty\u00f6skentelee t\u00e4ll\u00e4 hetkell\u00e4 MTV:n urheilussa toimittajana ja ankkurina.\" class=\"_Img_1rerz_1\" style=\"aspect-ratio:1.5\" loading=\"eager\"\/><\/p>\n<p class=\"article-picture-caption\">Emma Hyypp\u00e4 ty\u00f6skentelee t\u00e4ll\u00e4 hetkell\u00e4 MTV:n urheilussa toimittajana ja ankkurina. Kuva:\u00a0Paula Kaskimaa \/ IS<\/p>\n<p class=\"article-body mb-nof-24 px-nof-16\">H\u00e4n p\u00e4\u00e4si irti urheilijaidentiteetist\u00e4 ja pystyi nauttimaan uudella tavalla opiskelijael\u00e4m\u00e4st\u00e4.<\/p>\n<p class=\"article-body mb-nof-24 px-nof-16\">\u2013\u2009Vaikka harjoittelin edelleen paljon, annoin itselleni luvan el\u00e4\u00e4 sellaista parikymppisen el\u00e4m\u00e4\u00e4.<\/p>\n<p class=\"article-body mb-nof-24 px-nof-16\">Amerikan opiskeluvuosilta j\u00e4i paljon hyvi\u00e4 muistoja.<\/p>\n<p class=\"article-body mb-nof-24 px-nof-16\">\u2013\u2009Kaikki ei mennyt suunnitelmien mukaan, mutta olen kokemuksesta todella kiitollinen.<\/p>\n<p class=\"article-body mb-nof-24 px-nof-16\">Palattuaan Suomeen kes\u00e4ll\u00e4 2018 Hyypp\u00e4 meni vapaaehtoiseksi Tampereella j\u00e4rjestettyihin yleisurheilun nuorten MM-kisoihin ja p\u00e4\u00e4si sen j\u00e4lkeen kirjoittamaan juttuja Suomen urheiluliiton nettisivustolle.<\/p>\n<p class=\"article-body mb-nof-24 px-nof-16\">Muutamaa kuukautta my\u00f6hemmin avautui mahdollisuus ty\u00f6skennell\u00e4 Ylen urheilutoimituksessa. Hyypp\u00e4 p\u00e4rj\u00e4si verkkodeskiss\u00e4 ja sai jatkaa nettiuutisten parissa.<\/p>\n<p><img decoding=\"async\" src=\"https:\/\/www.europesays.com\/fi\/wp-content\/uploads\/2025\/11\/1763895131_828_468.jpg\" alt=\"Emma Hyypp\u00e4 oli Ylen toimittajana Pariisin paralympialaisissa syyskuussa 2024.\" class=\"_Img_1rerz_1\" style=\"aspect-ratio:0.746875\" loading=\"eager\"\/><\/p>\n<p class=\"article-picture-caption\">Emma Hyypp\u00e4 oli Ylen toimittajana Pariisin paralympialaisissa syyskuussa 2024. Kuva:\u00a0Emma Hyyp\u00e4n kotialbumi<\/p>\n<p class=\"article-body mb-nof-24 px-nof-16\">H\u00e4n ei ole omien sanojensa mukaan mik\u00e4\u00e4n luontainen esiintyj\u00e4, mutta Yhdysvalloissa vietetyt vuodet muokkasivat persoonaa.<\/p>\n<p class=\"article-body mb-nof-24 px-nof-16\">\u2013\u2009Ne tekiv\u00e4t minusta enemm\u00e4n ulosp\u00e4in suuntautuvan ja antoivat rohkeutta toimia ihmisten kanssa, Hyypp\u00e4 sanoo.<\/p>\n<p class=\"article-body mb-nof-24 px-nof-16\">H\u00e4n ehti olla Ylell\u00e4 2,5 vuotta, kun eteen tuli ensimm\u00e4iset esiintymiset tv-ruudussa. Sen j\u00e4lkeen h\u00e4nt\u00e4 n\u00e4htiin televisiossa entist\u00e4 enemm\u00e4n. H\u00e4n p\u00e4\u00e4si siihen rooliin, josta oli aikoinaan haaveillut \u2013 Urheiluruudun juontajaksi.<\/p>\n<p class=\"article-body mb-nof-24 px-nof-16\">T\u00e4n\u00e4 syksyn\u00e4 Hyypp\u00e4 siirtyi Ylelt\u00e4 kilpailijan talliin.<\/p>\n<p class=\"article-body mb-nof-24 px-nof-16\">\u2013 En ollut alun perin l\u00e4hd\u00f6ss\u00e4 mihink\u00e4\u00e4n, mutta sitten tarjoutui tilaisuus p\u00e4\u00e4st\u00e4 Maikkarille.<\/p>\n<p><img decoding=\"async\" src=\"https:\/\/www.europesays.com\/fi\/wp-content\/uploads\/2025\/11\/1763895131_374_468.jpg\" alt=\"Emma Hyypp\u00e4 innostui uudelleen juoksemisesta muutama vuosi sitten.\" class=\"_Img_1rerz_1\" style=\"aspect-ratio:0.6666666666666666\" loading=\"eager\"\/><\/p>\n<p class=\"article-picture-caption\">Emma Hyypp\u00e4 innostui uudelleen juoksemisesta muutama vuosi sitten. Kuva:\u00a0Paula Kaskimaa \/ IS<\/p>\n<p class=\"article-body mb-nof-24 px-nof-16\">\u2013\u2009Mulla on ty\u00f6uraa j\u00e4ljell\u00e4 35\u201340 vuotta ja t\u00e4ss\u00e4 el\u00e4m\u00e4ntilanteessa tuntui silt\u00e4, ett\u00e4 voisi kokeilla v\u00e4h\u00e4n uutta.<\/p>\n<p class=\"article-body mb-nof-24 px-nof-16\">Hyypp\u00e4 aloitti lokakuussa MTV:n urheilutoimituksessa, jossa h\u00e4nen roolinsa on toimittajan ja ankkurin yhdistelm\u00e4. H\u00e4nt\u00e4 onkin n\u00e4hty viime viikkoina usein juontamassa illan Tulosruutua.<\/p>\n<p class=\"article-body mb-nof-24 px-nof-16\">L\u00e4hetyksen valmistelu vaatii rautaista osaamista. Vastuuta on enemm\u00e4n kuin Ylell\u00e4.<\/p>\n<p class=\"article-body mb-nof-24 px-nof-16\">\u2013\u2009Maikkarin urheilussa ei ole iltaisin uutisp\u00e4\u00e4llikk\u00f6\u00e4, joten ankkuri on viime k\u00e4dess\u00e4 se, joka p\u00e4\u00e4tt\u00e4\u00e4 l\u00e4hetyksen lopullisesta sis\u00e4ll\u00f6st\u00e4.<\/p>\n<p class=\"article-body mb-nof-24 px-nof-16\">Ankkurin hommaan sis\u00e4ltyv\u00e4 toimittajarooli vaati alkuun totuttelua.<\/p>\n<p class=\"article-body mb-nof-24 px-nof-16\">\u2013\u2009Olihan se haastava paikka, mutta suhtauduin painetilanteeseen samalla tavoin kuin aikoinaan kilpaurheilussa, Hyypp\u00e4 sanoo.<\/p>\n<p class=\"article-body mb-nof-24 px-nof-16\">H\u00e4n sanoo viihtyneens\u00e4 Maikkarilla hyvin ja olevansa iloinen uusista kuvioista.<\/p>\n<p><img decoding=\"async\" src=\"https:\/\/www.europesays.com\/fi\/wp-content\/uploads\/2025\/11\/1763895132_195_468.jpg\" alt=\"Emma Hyypp\u00e4 kuvattuna Ylen Urheiluruudun studiosta. T\u00e4n\u00e4 syksyn\u00e4 Hyypp\u00e4 siirtyi Ylelt\u00e4 MTV:n talliin. \u2013\u2009En ollut alun perin l\u00e4hd\u00f6ss\u00e4 mihink\u00e4\u00e4n, mutta sitten tarjoutui tilaisuus p\u00e4\u00e4st\u00e4 Maikkarille.\" class=\"_Img_1rerz_1\" style=\"aspect-ratio:0.75\" loading=\"eager\"\/><\/p>\n<p class=\"article-picture-caption\">Emma Hyypp\u00e4 kuvattuna Ylen Urheiluruudun studiosta. T\u00e4n\u00e4 syksyn\u00e4 Hyypp\u00e4 siirtyi Ylelt\u00e4 MTV:n talliin. \u2013\u2009En ollut alun perin l\u00e4hd\u00f6ss\u00e4 mihink\u00e4\u00e4n, mutta sitten tarjoutui tilaisuus p\u00e4\u00e4st\u00e4 Maikkarille. Kuva:\u00a0Emma Hyyp\u00e4n kotialbumi<\/p>\n<p class=\"article-body mb-nof-24 px-nof-16\">Paineita Hyypp\u00e4 purkaa s\u00e4\u00e4nn\u00f6llisell\u00e4 kuntoilulla. Lopetettuaan urheilu-uransa h\u00e4n v\u00e4hensi juoksemisesta ja \u201dh\u00f6nts\u00e4si\u201d muita lajeja.<\/p>\n<p class=\"article-body mb-nof-24 px-nof-16\">\u2013\u2009Liikuin fiiliksen mukaan, kun en\u00e4\u00e4 ei ollut pakko juosta.<\/p>\n<p class=\"article-body mb-nof-24 px-nof-16\">Mieli on sittemmin muuttunut, ja viime vuosina Hyypp\u00e4 on kuluttanut j\u00e4lleen tossuja asvaltilla.<\/p>\n<p class=\"article-body mb-nof-24 px-nof-16\">\u2013\u2009Juoksulenkkeily auttaa jaksamaan arjessa.<\/p>\n<p class=\"article-body mb-nof-24 px-nof-16\">H\u00e4n k\u00e4y lenkill\u00e4 viitisen kertaa viikossa ja pit\u00e4\u00e4 lihaskuntoa yll\u00e4 kuntosalilla.<\/p>\n<p class=\"article-body mb-nof-24 px-nof-16\">Hyypp\u00e4 tykk\u00e4\u00e4 juosta yhdess\u00e4 kavereidensa kanssa.<\/p>\n<p class=\"article-body mb-nof-24 px-nof-16\">\u2013\u2009Monet el\u00e4m\u00e4ni parhaista keskusteluista olen k\u00e4ynyt lenkkien aikana: sek\u00e4 kilpajuoksuaikoina ett\u00e4 t\u00e4n\u00e4 p\u00e4iv\u00e4n\u00e4, Hyypp\u00e4 sanoo.<\/p>\n<p class=\"article-body mb-nof-24 px-nof-16\">H\u00e4n suoritti maisteriopinnot Tampereen yliopistossa Ylen t\u00f6iden ohella ja sanoo ratkoneensa monia graduun liittyneit\u00e4 ongelmia juoksulenkeill\u00e4.<\/p>\n<p class=\"article-body mb-nof-24 px-nof-16\">Vanha intohimo on vienyt mukanaan siin\u00e4 m\u00e4\u00e4rin, ett\u00e4 Hyypp\u00e4 on n\u00e4hty viime vuosina treenaamassa my\u00f6s El\u00e4intarhan urheilukent\u00e4ll\u00e4.<\/p>\n<p class=\"article-body mb-nof-24 px-nof-16\">\u2013\u2009Pyrin tekem\u00e4\u00e4n joka viikko yhden reippaamman harjoituksen, ja kyll\u00e4h\u00e4n ne ovat kaikkein tehokkaimpia treenej\u00e4.<\/p>\n<p><img decoding=\"async\" src=\"https:\/\/www.europesays.com\/fi\/wp-content\/uploads\/2025\/11\/1763895133_339_468.jpg\" alt=\"El\u00e4intarhanlahden maisemat ovat tuttua lenkkimaastoa Emma Hyyp\u00e4lle.\" class=\"_Img_1rerz_1\" style=\"aspect-ratio:1.5\" loading=\"eager\"\/><\/p>\n<p class=\"article-picture-caption\">El\u00e4intarhanlahden maisemat ovat tuttua lenkkimaastoa Emma Hyyp\u00e4lle. Kuva:\u00a0Paula Kaskimaa \/ IS<\/p>\n<p class=\"article-body mb-nof-24 px-nof-16\">Vaikka Hyypp\u00e4 on hyv\u00e4ss\u00e4 kunnossa, vuoroty\u00f6 vaatii veronsa eik\u00e4 vireystila ole aina ensiluokkaista. Silloin h\u00e4n on armollinen itselleen. Sohvan sijaan h\u00e4n valitsee kevyen ulkoilun. Hankalinta on ulko-oven avaaminen.<\/p>\n<p class=\"article-body mb-nof-24 px-nof-16\">\u2013\u2009Jos mua ei huvita l\u00e4hte\u00e4 lenkille, valitsen tutun lyhyen lenkin, johon menee noin 25 minuuttia.<\/p>\n<p class=\"article-body mb-nof-24 px-nof-16\">Joskus se j\u00e4\u00e4 siihen.<\/p>\n<p class=\"article-body mb-nof-24 px-nof-16\">\u2013\u2009Mutta joskus huomaan parin kilometrin j\u00e4lkeen nauttivani juoksemisesta.<\/p>\n<p class=\"article-body mb-nof-24 px-nof-16\">Hyypp\u00e4\u00e4 sanoo huomanneensa juoksuharrastuksen suosion lis\u00e4\u00e4ntyneen kolmikymppisten naisten keskuudessa. Heille \u2013 ja miksei kaikille muillekin \u2013 h\u00e4nell\u00e4 on yksi neuvo.<\/p>\n<p class=\"article-body mb-nof-24 px-nof-16\">\u2013\u2009Lyhyt lenkkikin on parempi kuin ei mit\u00e4\u00e4n ja varsinkin pidemmill\u00e4 lenkeill\u00e4 voi hyvin yhdistell\u00e4 k\u00e4vely\u00e4 ja juoksemista, jolloin rasitus pysyy alhaisempana, mutta peruskest\u00e4vyys paranee.<\/p>\n","protected":false},"excerpt":{"rendered":"Emma Hyypp\u00e4 j\u00e4tti syksyll\u00e4 Ylen urheilutoimituksen ja siirtyi MTV:n palvelukseen. Lue tiivistelm\u00e4 Tiivistelm\u00e4 on teko\u00e4lyn tekem\u00e4 ja ihmisen&hellip;\n","protected":false},"author":2,"featured_media":97771,"comment_status":"","ping_status":"","sticky":false,"template":"","format":"standard","meta":{"footnotes":""},"categories":[136],"tags":[407,137,33,31,30,34,408,32,109],"class_list":{"0":"post-97770","1":"post","2":"type-post","3":"status-publish","4":"format-standard","5":"has-post-thumbnail","7":"category-julkkikset","8":"tag-celebrities","9":"tag-entertainment","10":"tag-fi","11":"tag-finland","12":"tag-finnish","13":"tag-ilta-sanomat","14":"tag-julkkikset","15":"tag-suomi","16":"tag-viihde"},"share_on_mastodon":{"url":"https:\/\/pubeurope.com\/@fi\/115598639068689862","error":""},"_links":{"self":[{"href":"https:\/\/www.europesays.com\/fi\/wp-json\/wp\/v2\/posts\/97770","targetHints":{"allow":["GET"]}}],"collection":[{"href":"https:\/\/www.europesays.com\/fi\/wp-json\/wp\/v2\/posts"}],"about":[{"href":"https:\/\/www.europesays.com\/fi\/wp-json\/wp\/v2\/types\/post"}],"author":[{"embeddable":true,"href":"https:\/\/www.europesays.com\/fi\/wp-json\/wp\/v2\/users\/2"}],"replies":[{"embeddable":true,"href":"https:\/\/www.europesays.com\/fi\/wp-json\/wp\/v2\/comments?post=97770"}],"version-history":[{"count":0,"href":"https:\/\/www.europesays.com\/fi\/wp-json\/wp\/v2\/posts\/97770\/revisions"}],"wp:featuredmedia":[{"embeddable":true,"href":"https:\/\/www.europesays.com\/fi\/wp-json\/wp\/v2\/media\/97771"}],"wp:attachment":[{"href":"https:\/\/www.europesays.com\/fi\/wp-json\/wp\/v2\/media?parent=97770"}],"wp:term":[{"taxonomy":"category","embeddable":true,"href":"https:\/\/www.europesays.com\/fi\/wp-json\/wp\/v2\/categories?post=97770"},{"taxonomy":"post_tag","embeddable":true,"href":"https:\/\/www.europesays.com\/fi\/wp-json\/wp\/v2\/tags?post=97770"}],"curies":[{"name":"wp","href":"https:\/\/api.w.org\/{rel}","templated":true}]}}