{"id":97778,"date":"2025-11-23T11:00:09","date_gmt":"2025-11-23T11:00:09","guid":{"rendered":"https:\/\/www.europesays.com\/fi\/97778\/"},"modified":"2025-11-23T11:00:09","modified_gmt":"2025-11-23T11:00:09","slug":"tasta-syysta-netflixin-the-legend-of-zelda-sarja-peruttiin-nintendo-raivostui","status":"publish","type":"post","link":"https:\/\/www.europesays.com\/fi\/97778\/","title":{"rendered":"T\u00e4st\u00e4 syyst\u00e4 Netflixin The Legend of Zelda -sarja peruttiin &#8211; &#8221;Nintendo raivostui&#8221;"},"content":{"rendered":"<p>Nintendon legendaarinen The Legend of Zelda -pelisarja ei ole p\u00e4\u00e4tynyt tv-sarjaksi sitten vuoden 1989 lyhyeksi j\u00e4\u00e4neen ja haukutun animaation.<\/p>\n<p>Noin 10 vuotta sitten t\u00e4m\u00e4 oli tosin l\u00e4hell\u00e4.<\/p>\n<p>\u201dNintendo raivostui, kun tiedot projektista vuotivat julkisuuteen ennen aikojaan. He peruuttivat saman tien kaikki tuon tyyppiset projektit, my\u00f6s StarFox-sarjani\u201d, Nintendon projekteissa ty\u00f6skennellyt stand-up-koomikko<strong> Adam Conover <\/strong>kertoi vuonna 2021.<\/p>\n<p>Vuoto tapahtui 2015, kun Wall Street Journal raportoi \u201dmahdollisesta Zelda-sarjasta, joka on perheyst\u00e4v\u00e4llinen versio Game of Thronesista\u201d.<\/p>\n<p>Lue my\u00f6s: <a href=\"https:\/\/www.episodi.fi\/uutiset\/the-legend-of-zelda-elokuvasta-julkaistiin-ensimmaiset-kuvat-talta-link-ja-zelda-nayttavat\/\" title=\"The Legend of Zelda -elokuvasta julkaistiin ensimm\u00e4iset kuvat! T\u00e4lt\u00e4 Link ja Zelda n\u00e4ytt\u00e4v\u00e4t\" class=\"underline-custom !font-montserrat !font-bold !underline-offset-4 !decoration-4 !decoration-episodi-blue !text-md\" rel=\"nofollow noopener\" target=\"_blank\">The Legend of Zelda -elokuvasta julkaistiin ensimm\u00e4iset kuvat! T\u00e4lt\u00e4 Link ja Zelda n\u00e4ytt\u00e4v\u00e4t<\/a><\/p>\n<p>T\u00e4m\u00e4 ei Nintendoa miellytt\u00e4nyt ja johto revittiin sein\u00e4st\u00e4. Tuolloin Netflix ei ollut samanlainen mammuttitoimija kuin nyky\u00e4\u00e4n.<\/p>\n<p>Zelda-faneille lohtua tarjoaa tuleva elokuva, jonka julkaisua on kaavailtu toukokuulle 2027.<\/p>\n<p>Ohjaajana toimii <strong>Wes Ball <\/strong>ja Nintendo-legenda <strong>Shigeru Miyamoto <\/strong>tuottaa. P\u00e4\u00e4rooleissa n\u00e4hd\u00e4\u00e4n brittil\u00e4inen <strong>Bo Bragason<\/strong> (prinsessa Zelda) ja<strong> Benjamin Evan Ainsworth<\/strong> (Link).<\/p>\n<p>L\u00e4hde: <a href=\"https:\/\/www.slashfilm.com\/2028131\/why-netflix-canceled-legend-of-zelda-series\/\" rel=\"nofollow noopener\" target=\"_blank\">Slashfilm<\/a><\/p>\n<p>Lue my\u00f6s: <a href=\"https:\/\/www.episodi.fi\/uutiskirje\/?uutiskirjemainos=tekstilinkkimainos\" title=\"Tilaa Episodin uutiskirje ja voit voittaa leffalippuja! Nappaa tv-vinkit suoraan s\u00e4hk\u00f6postiin t\u00e4st\u00e4.\" class=\"underline-custom !font-montserrat !font-bold !underline-offset-4 !decoration-4 !decoration-episodi-blue !text-md\" rel=\"nofollow noopener\" target=\"_blank\">Tilaa Episodin uutiskirje ja voit voittaa leffalippuja! Nappaa katseluvinkit suoraan s\u00e4hk\u00f6postiin t\u00e4st\u00e4.<\/a><\/p>\n","protected":false},"excerpt":{"rendered":"Nintendon legendaarinen The Legend of Zelda -pelisarja ei ole p\u00e4\u00e4tynyt tv-sarjaksi sitten vuoden 1989 lyhyeksi j\u00e4\u00e4neen ja haukutun&hellip;\n","protected":false},"author":2,"featured_media":97779,"comment_status":"","ping_status":"","sticky":false,"template":"","format":"standard","meta":{"footnotes":""},"categories":[130],"tags":[137,33,31,30,32,18364,109],"class_list":{"0":"post-97778","1":"post","2":"type-post","3":"status-publish","4":"format-standard","5":"has-post-thumbnail","7":"category-viihde","8":"tag-entertainment","9":"tag-fi","10":"tag-finland","11":"tag-finnish","12":"tag-suomi","13":"tag-the-legend-of-zelda","14":"tag-viihde"},"share_on_mastodon":{"url":"https:\/\/pubeurope.com\/@fi\/115598670047238455","error":""},"_links":{"self":[{"href":"https:\/\/www.europesays.com\/fi\/wp-json\/wp\/v2\/posts\/97778","targetHints":{"allow":["GET"]}}],"collection":[{"href":"https:\/\/www.europesays.com\/fi\/wp-json\/wp\/v2\/posts"}],"about":[{"href":"https:\/\/www.europesays.com\/fi\/wp-json\/wp\/v2\/types\/post"}],"author":[{"embeddable":true,"href":"https:\/\/www.europesays.com\/fi\/wp-json\/wp\/v2\/users\/2"}],"replies":[{"embeddable":true,"href":"https:\/\/www.europesays.com\/fi\/wp-json\/wp\/v2\/comments?post=97778"}],"version-history":[{"count":0,"href":"https:\/\/www.europesays.com\/fi\/wp-json\/wp\/v2\/posts\/97778\/revisions"}],"wp:featuredmedia":[{"embeddable":true,"href":"https:\/\/www.europesays.com\/fi\/wp-json\/wp\/v2\/media\/97779"}],"wp:attachment":[{"href":"https:\/\/www.europesays.com\/fi\/wp-json\/wp\/v2\/media?parent=97778"}],"wp:term":[{"taxonomy":"category","embeddable":true,"href":"https:\/\/www.europesays.com\/fi\/wp-json\/wp\/v2\/categories?post=97778"},{"taxonomy":"post_tag","embeddable":true,"href":"https:\/\/www.europesays.com\/fi\/wp-json\/wp\/v2\/tags?post=97778"}],"curies":[{"name":"wp","href":"https:\/\/api.w.org\/{rel}","templated":true}]}}