{"id":97836,"date":"2025-11-23T12:23:09","date_gmt":"2025-11-23T12:23:09","guid":{"rendered":"https:\/\/www.europesays.com\/fi\/97836\/"},"modified":"2025-11-23T12:23:09","modified_gmt":"2025-11-23T12:23:09","slug":"ryosto-oulussa-yksityisasunnossa-kolme-epailtya-poliisivankilaan","status":"publish","type":"post","link":"https:\/\/www.europesays.com\/fi\/97836\/","title":{"rendered":"Ry\u00f6st\u00f6 Oulussa yksityisasunnossa \u2013 Kolme ep\u00e4ilty\u00e4 poliisivankilaan"},"content":{"rendered":"<p class=\"article__paragraph\">\n      Oulussa tapahtui sunnuntain vastaisena y\u00f6n\u00e4 ry\u00f6st\u00f6 yksityisasunnossa.\n    <\/p>\n<p class=\"article__paragraph\">\n      Ry\u00f6st\u00e4j\u00e4t olivat olleet v\u00e4kivaltaisia asianomistajaa kohtaan ja varastaneet t\u00e4lt\u00e4 takin ja k\u00e4teist\u00e4 rahaa.\n    <\/p>\n<p class=\"article__paragraph\">\n      Poliisi otti kiinni kolme henkil\u00f6\u00e4 ep\u00e4iltyn\u00e4 ry\u00f6st\u00f6st\u00e4. Heid\u00e4t vietiin poliisivankilalle, kerrotaan poliisin tiedotteessa.\n    <\/p>\n","protected":false},"excerpt":{"rendered":"Oulussa tapahtui sunnuntain vastaisena y\u00f6n\u00e4 ry\u00f6st\u00f6 yksityisasunnossa. Ry\u00f6st\u00e4j\u00e4t olivat olleet v\u00e4kivaltaisia asianomistajaa kohtaan ja varastaneet t\u00e4lt\u00e4 takin ja&hellip;\n","protected":false},"author":2,"featured_media":72208,"comment_status":"","ping_status":"","sticky":false,"template":"","format":"standard","meta":{"footnotes":""},"categories":[12],"tags":[22,23,26,27,33,31,30,17,24,25,28,29,15,18,21,32,19,20,16],"class_list":{"0":"post-97836","1":"post","2":"type-post","3":"status-publish","4":"format-standard","5":"has-post-thumbnail","7":"category-suomi","8":"tag-breaking-news","9":"tag-breakingnews","10":"tag-featured-news","11":"tag-featurednews","12":"tag-fi","13":"tag-finland","14":"tag-finnish","15":"tag-headlines","16":"tag-latest-news","17":"tag-latestnews","18":"tag-main-news","19":"tag-mainnews","20":"tag-news","21":"tag-otsikot","22":"tag-paauutiset","23":"tag-suomi","24":"tag-top-stories","25":"tag-topstories","26":"tag-uutiset"},"share_on_mastodon":{"url":"https:\/\/pubeurope.com\/@fi\/115598996619260720","error":""},"_links":{"self":[{"href":"https:\/\/www.europesays.com\/fi\/wp-json\/wp\/v2\/posts\/97836","targetHints":{"allow":["GET"]}}],"collection":[{"href":"https:\/\/www.europesays.com\/fi\/wp-json\/wp\/v2\/posts"}],"about":[{"href":"https:\/\/www.europesays.com\/fi\/wp-json\/wp\/v2\/types\/post"}],"author":[{"embeddable":true,"href":"https:\/\/www.europesays.com\/fi\/wp-json\/wp\/v2\/users\/2"}],"replies":[{"embeddable":true,"href":"https:\/\/www.europesays.com\/fi\/wp-json\/wp\/v2\/comments?post=97836"}],"version-history":[{"count":0,"href":"https:\/\/www.europesays.com\/fi\/wp-json\/wp\/v2\/posts\/97836\/revisions"}],"wp:featuredmedia":[{"embeddable":true,"href":"https:\/\/www.europesays.com\/fi\/wp-json\/wp\/v2\/media\/72208"}],"wp:attachment":[{"href":"https:\/\/www.europesays.com\/fi\/wp-json\/wp\/v2\/media?parent=97836"}],"wp:term":[{"taxonomy":"category","embeddable":true,"href":"https:\/\/www.europesays.com\/fi\/wp-json\/wp\/v2\/categories?post=97836"},{"taxonomy":"post_tag","embeddable":true,"href":"https:\/\/www.europesays.com\/fi\/wp-json\/wp\/v2\/tags?post=97836"}],"curies":[{"name":"wp","href":"https:\/\/api.w.org\/{rel}","templated":true}]}}