{"id":97911,"date":"2025-11-23T14:23:10","date_gmt":"2025-11-23T14:23:10","guid":{"rendered":"https:\/\/www.europesays.com\/fi\/97911\/"},"modified":"2025-11-23T14:23:10","modified_gmt":"2025-11-23T14:23:10","slug":"amazing-race-suomi-mari-hynynen-syyttaa-juonittelusta-podcast-paljastaa-kilpailun-kaanteet","status":"publish","type":"post","link":"https:\/\/www.europesays.com\/fi\/97911\/","title":{"rendered":"Amazing Race Suomi: Mari Hynynen syytt\u00e4\u00e4 juonittelusta \u2013 Podcast paljastaa kilpailun k\u00e4\u00e4nteet"},"content":{"rendered":"<p>\n            (030625) &#8212; Helsinki, June 3, 2025 \u2013 Mari Perankoski poses for the camera during M\u00f6kkinaapurit &#8211; TV series press conference in Helsinki, Finland, 3. June 2025. (Matti Matikainen\/Aller Media)<br \/>\n            Matti Matikainen\n        <\/p>\n<p class=\"subtitle \">Mari Hynynen ei auta kanssakilpailijoitaan Amazing Race Suomi -ohjelmassa.<\/p>\n<p class=\"article-content article-content-width !bg-background\">Amazing Race Suomi -ohjelmassa mukana kisaavat  ja  luotsaavat ohjelman sis\u00e4lt\u00f6\u00f6n keskittyv\u00e4\u00e4 Amazing-podcastia.\u00a0<\/p>\n<p class=\"font-weight-bold m-font-weight-bold article-content article-content-width !bg-background\">Video: Haastattelussa Tuomas ja Sini Peltom\u00e4ki.\u00a0<\/p>\n<p class=\"article-content article-content-width !bg-background\"><a href=\"https:\/\/www.ruutu.fi\/video\/4811256\" target=\"_blank\" data-lab-italic=\"italic\" class=\"italic m-italic\" rel=\"nofollow noopener\">Amazing Race<\/a> -podcastin toisessa jaksossa kaksikko paljastaa, ett\u00e4 kisassa mukana oleva  syytti kanssakilpailijaansa juonittelusta.<\/p>\n<p>        <a itemprop=\"url\" href=\"https:\/\/www.seiska.fi\/katso\/eritteet-nousivat-amazing-racen-keskioon-nyt-puhuu-tuotanto\/1996257\" rel=\"nofollow noopener\" target=\"_blank\"><\/p>\n<p>\nEritteet nousivat Amazing Racen keski\u00f6\u00f6n\n<\/p>\n<p class=\"section-date\">\n        <strong class=\"article-section\" data-section=\"katso\"><br \/>\n            katso<br \/>\n        <\/strong><br \/>\n        18.11. 15:15\n    <\/p>\n<p>Eritteet nousivat Amazing Racen keski\u00f6\u00f6n \u2013 nyt puhuu tuotanto\n    <\/p>\n<p itemprop=\"description\" class=\"subtitle \">\n    Amazing Race Suomen kolmannella kaudella kilpailijat kohtaavat ik\u00e4vi\u00e4 vaivoja.\n<\/p>\n<p>        <\/a><\/p>\n<p>&#8221;Piilota se kukka&#8221;<\/p>\n<p class=\"article-content article-content-width !bg-background\">Karoliina kertoo podcastissa, ett\u00e4 Marilla ja h\u00e4nen pojallaan  sek\u00e4 toisella parilla  ja h\u00e4nen siskollaan  oli yhteinen p\u00e4\u00e4m\u00e4\u00e4r\u00e4: pit\u00e4\u00e4 hidasteteht\u00e4v\u00e4\u00e4 suorittavat Paleface, eli  ja h\u00e4nen r\u00e4pp\u00e4rikaverinsa  kisan h\u00e4nnill\u00e4.<\/p>\n<p class=\"article-content article-content-width !bg-background\">Joel oli kysynyt Peltom\u00e4en sisaruksilta ly\u00f6tt\u00e4ytymist\u00e4 yhteen, \u00e4iti Mari ei ollut tiett\u00e4v\u00e4sti samaa mielt\u00e4 asiasta.<\/p>\n<p class=\"article-content article-content-width !bg-background\"> \u2013 Mari oli ollut eri mielt\u00e4 ja sanonut, ett\u00e4 Tuomas on kova juonittelija, Miia toteaa podcastissa.<\/p>\n<p class=\"article-content article-content-width !bg-background\">Ohjelman toisessa jaksossa n\u00e4hd\u00e4\u00e4n, kun Mari ja Joel ovat l\u00f6yt\u00e4neet teht\u00e4v\u00e4ss\u00e4 oikean lootuskukan pellolta. Vastaan juoksee Tuomas ja Sini etsim\u00e4\u00e4n omaa kukkaansa. Mari k\u00e4skee poikaansa piilottamaan kukan, jotta Tuomas ja Sini ei sit\u00e4 n\u00e4e.<\/p>\n<p class=\"article-content article-content-width !bg-background\"> \u2013 Piilota se kukka, ettei nuo n\u00e4e, miss\u00e4 se on, Mari neuvoo jaksossa poikaansa.\u00a0<\/p>\n<p>                <img decoding=\"async\" src=\"https:\/\/www.europesays.com\/fi\/wp-content\/uploads\/2025\/11\/1693644.webp\" width=\"576\" height=\"274\" alt=\"Tuomas Peltom\u00e4ki tunnetaan podcast-juontajana.\" loading=\"lazy\" \/>            <\/p>\n<p>\n            Tuomas Peltom\u00e4ki tunnetaan podcast-juontajana.<br \/>\n            Timo Korhonen\n        <\/p>\n<p>Ymmyrk\u00e4isen\u00e4\u00a0<\/p>\n<p class=\"article-content article-content-width !bg-background\">Podcastin juontaja Karoliina soittaa asiasta Tuomakselle. H\u00e4n kysyy, mit\u00e4 mielt\u00e4 t\u00e4m\u00e4 on juonitteluv\u00e4itteest\u00e4.<\/p>\n<p class=\"article-content article-content-width !bg-background\"> \u2013 En osannut yht\u00e4\u00e4n juonitella. En yht\u00e4\u00e4n. Olen aivan liian tyhm\u00e4 siihen. Olen t\u00e4ysin kykenem\u00e4t\u00f6n sellaiseen. Olen se, joka ei ole tajunnut t\u00e4h\u00e4n p\u00e4iv\u00e4\u00e4n menness\u00e4, ett\u00e4 jotkut muut juonittelevat mua vastaan, Tuomas ihmettelee.<\/p>\n<p>        <a itemprop=\"url\" href=\"https:\/\/www.seiska.fi\/katso\/sara-sieppi-ja-artturi-veli-rajua-riitelya\/1991103\" rel=\"nofollow noopener\" target=\"_blank\"><\/p>\n<p>\nAmacing Race:\n<\/p>\n<p class=\"section-date\">\n        <strong class=\"article-section\" data-section=\"katso\"><br \/>\n            katso<br \/>\n        <\/strong><br \/>\n        14.11. 05:15\n    <\/p>\n<p>Sara Sieppi ja Artturi-veli: Rajua riitely\u00e4\n    <\/p>\n<p itemprop=\"description\" class=\"subtitle \">\n    Sara ja Artturi Siepin tunteet kuumenevat Amacing Race Suomen ensimm\u00e4isess\u00e4 jaksossa.\n<\/p>\n<p>        <\/a><\/p>\n<p class=\"article-content article-content-width !bg-background\">Miia ja Karoliina ovat my\u00f6s yll\u00e4ttyneit\u00e4 Marin kommentista. Miia kysyykin juontajapariltaan, olisiko h\u00e4n toiminut samoin, jos olisi ollut jonon h\u00e4nnill\u00e4:<\/p>\n<p class=\"article-content article-content-width !bg-background\"> \u2013 \u00a0Olisin auttanut. Hyv\u00e4 kiert\u00e4\u00e4 hyv\u00e4n luokse, Karoliina toteaa.<\/p>\n<p class=\"italic m-italic article-content article-content-width !bg-background\">Amacing Race podcast Suplassa. Amazing Race Suomi -ohjelma lauantaisin Nelosella ja Ruudussa.\u00a0<\/p>\n","protected":false},"excerpt":{"rendered":"(030625) &#8212; Helsinki, June 3, 2025 \u2013 Mari Perankoski poses for the camera during M\u00f6kkinaapurit &#8211; TV series&hellip;\n","protected":false},"author":2,"featured_media":97912,"comment_status":"","ping_status":"","sticky":false,"template":"","format":"standard","meta":{"footnotes":""},"categories":[133],"tags":[3177,137,33,31,30,16090,5432,16089,8473,16085,1758,2923,2158,16270,16082,32,206,16079,156,109],"class_list":{"0":"post-97911","1":"post","2":"type-post","3":"status-publish","4":"format-standard","5":"has-post-thumbnail","7":"category-televisiot","8":"tag-amazing-race-suomi","9":"tag-entertainment","10":"tag-fi","11":"tag-finland","12":"tag-finnish","13":"tag-joel-volanen","14":"tag-juonittelu","15":"tag-karoliina-tuominen","16":"tag-mari-hynynen","17":"tag-millu-haataja","18":"tag-nelonen","19":"tag-podcast","20":"tag-ruutu","21":"tag-sanoma","22":"tag-sini-peltomaki","23":"tag-suomi","24":"tag-televisiot","25":"tag-tuomas-peltomaki","26":"tag-tv","27":"tag-viihde"},"share_on_mastodon":{"url":"https:\/\/pubeurope.com\/@fi\/115599468471857676","error":""},"_links":{"self":[{"href":"https:\/\/www.europesays.com\/fi\/wp-json\/wp\/v2\/posts\/97911","targetHints":{"allow":["GET"]}}],"collection":[{"href":"https:\/\/www.europesays.com\/fi\/wp-json\/wp\/v2\/posts"}],"about":[{"href":"https:\/\/www.europesays.com\/fi\/wp-json\/wp\/v2\/types\/post"}],"author":[{"embeddable":true,"href":"https:\/\/www.europesays.com\/fi\/wp-json\/wp\/v2\/users\/2"}],"replies":[{"embeddable":true,"href":"https:\/\/www.europesays.com\/fi\/wp-json\/wp\/v2\/comments?post=97911"}],"version-history":[{"count":0,"href":"https:\/\/www.europesays.com\/fi\/wp-json\/wp\/v2\/posts\/97911\/revisions"}],"wp:featuredmedia":[{"embeddable":true,"href":"https:\/\/www.europesays.com\/fi\/wp-json\/wp\/v2\/media\/97912"}],"wp:attachment":[{"href":"https:\/\/www.europesays.com\/fi\/wp-json\/wp\/v2\/media?parent=97911"}],"wp:term":[{"taxonomy":"category","embeddable":true,"href":"https:\/\/www.europesays.com\/fi\/wp-json\/wp\/v2\/categories?post=97911"},{"taxonomy":"post_tag","embeddable":true,"href":"https:\/\/www.europesays.com\/fi\/wp-json\/wp\/v2\/tags?post=97911"}],"curies":[{"name":"wp","href":"https:\/\/api.w.org\/{rel}","templated":true}]}}