{"id":97917,"date":"2025-11-23T14:28:12","date_gmt":"2025-11-23T14:28:12","guid":{"rendered":"https:\/\/www.europesays.com\/fi\/97917\/"},"modified":"2025-11-23T14:28:12","modified_gmt":"2025-11-23T14:28:12","slug":"tama-moka-paljasti-masked-singer-suomi-voittajan-jo-ennen-finaalia","status":"publish","type":"post","link":"https:\/\/www.europesays.com\/fi\/97917\/","title":{"rendered":"T\u00e4m\u00e4 moka paljasti Masked Singer Suomi -voittajan jo ennen finaalia"},"content":{"rendered":"<p>Yksi henkil\u00f6 paljasti omassa somessaan Masked Singer Suomen voittajan vahingossa p\u00e4iv\u00e4\u00e4 ennen finaalia.<\/p>\n<p><img decoding=\"async\" class=\"image image-show image-preview\" src=\"https:\/\/www.europesays.com\/fi\/wp-content\/uploads\/2025\/11\/dd05f9b1415843ae7057ae371b6e73a6e5b7c6a555d0939d8c1285dc1e0f1fa1.jpg\" alt=\"\"\/><img decoding=\"async\" class=\"image image-show\" src=\"https:\/\/www.europesays.com\/fi\/wp-content\/uploads\/2025\/11\/1763839030_442_dd05f9b1415843ae7057ae371b6e73a6e5b7c6a555d0939d8c1285dc1e0f1fa1.jpg\" alt=\"\"\/><\/p>\n<p>Pierumies voitti Masked Singer Suomen. MTV3<\/p>\n<p class=\"paragraph\">Masked Singer Suomen seitsem\u00e4s kausi tuli eilen p\u00e4\u00e4t\u00f6kseen, kun ohjelman voitti Pierumies, jonka maskin takaa paljastui n\u00e4yttelij\u00e4 ja laulaja <a href=\"https:\/\/www.iltalehti.fi\/henkilot\/Sebastian Rejman\" class=\"article-link-person-page\" rel=\"nofollow noopener\" target=\"_blank\">Sebastian Rejman<\/a>.<\/p>\n<p class=\"paragraph\">Yksi kauden aiemmista kilpailijoista, tubettaja <a href=\"https:\/\/www.iltalehti.fi\/henkilot\/Miska Haakana\" class=\"article-link-person-page\" rel=\"nofollow noopener\" target=\"_blank\">Miska Haakana<\/a>, paljasti kuitenkin lopputuloksen vahingossa jo ennen virallista julkistusta omassa Instagramissaan.<\/p>\n<p class=\"paragraph\">Haakana julkaisi p\u00e4iv\u00e4\u00e4 ennen finaalia kuvan, jossa kaikki kolme finalistia poseeraavat ilman maskejaan, paljastaen samalla heid\u00e4n henkil\u00f6llisyytens\u00e4. Kuvatekstiss\u00e4 h\u00e4n onnitteli kilpailun voittanutta Rejmania.<\/p>\n<p class=\"paragraph\">H\u00e4n k\u00e4sittelee k\u00f6mm\u00e4hdyst\u00e4\u00e4n humoristisessa Instagram-julkaisussa, jossa kertoo sattuneesta sekaannuksesta.<\/p>\n<p class=\"paragraph\">\u2013 Spoilasin vahingossa Masked Singer Suomen, h\u00e4n aloittaa tekstins\u00e4 p\u00e4\u00e4kalloemojien saattelemana.<\/p>\n<p class=\"paragraph\">Jos julkaisu ei n\u00e4y, voit katsoa sen <a href=\"https:\/\/www.instagram.com\/p\/DRXu9ZujKE5\/?img_index=1\" target=\"_blank\" rel=\"noopener nofollow\">t\u00e4st\u00e4<\/a>.<\/p>\n<p class=\"paragraph\">Haakanan mukaan moka syntyi siit\u00e4, ett\u00e4 h\u00e4n sekoitti p\u00e4iv\u00e4t kesken\u00e4\u00e4n ja julkaisi voittajaa onnittelevan kuvan perjantaina vaikka finaali n\u00e4htiin tv:st\u00e4 vasta lauantaina.<\/p>\n<p class=\"paragraph\">Semifinaalissa pudonnut <a href=\"https:\/\/www.iltalehti.fi\/henkilot\/Sonja Kailassaari\" class=\"article-link-person-page\" rel=\"nofollow noopener\" target=\"_blank\">Sonja Kailassaari<\/a> kuitenkin huomasi virheen nopeasti ja ilmoitti siit\u00e4 yst\u00e4v\u00e4lleen, jolloin Haakana ehti poistaa julkaisun l\u00e4hes saman tien.<\/p>\n<p class=\"paragraph\">\u2013 Julkaisu ehti olla n\u00e4kyvill\u00e4 vain pari minuuttia, mutta uskokaa, kun sanon, ettei minulla ole ikin\u00e4 el\u00e4m\u00e4ss\u00e4ni ollut vastaavaa adrenaliinia, Haakana sanoittaa tuota hetke\u00e4.<\/p>\n<p class=\"paragraph\">Miska Haakana kilpaili Masked Singer Suomessa t\u00e4ll\u00e4 kaudella. H\u00e4nen hahmonsa Mansikki putosi kahdeksannessa jaksossa.<\/p>\n<p class=\"paragraph\">Sonja Kailassaari osallistui mukaan my\u00f6s Hai-hahmolla, joka putosi semifinaalissa.<\/p>\n<p class=\"paragraph\">Finaalissa toiseksi sijoittui Papparainen, joka paljastui n\u00e4yttelij\u00e4 <a href=\"https:\/\/www.iltalehti.fi\/henkilot\/Jarkko Tamminen\" class=\"article-link-person-page\" rel=\"nofollow noopener\" target=\"_blank\">Jarkko Tammiseksi<\/a>, ja kolmanneksi Merenneito, jonka takaa paljastui laulaja <a href=\"https:\/\/www.iltalehti.fi\/henkilot\/Jannika B\" class=\"article-link-person-page\" rel=\"nofollow noopener\" target=\"_blank\">Jannika B<\/a>.<\/p>\n<p>Mansikki-hahmo paljastui Miska Haakanaksi. Saku Tiainen<\/p>\n<p><script async src=\"\/\/www.instagram.com\/embed.js\"><\/script><\/p>\n","protected":false},"excerpt":{"rendered":"Yksi henkil\u00f6 paljasti omassa somessaan Masked Singer Suomen voittajan vahingossa p\u00e4iv\u00e4\u00e4 ennen finaalia. Pierumies voitti Masked Singer Suomen.&hellip;\n","protected":false},"author":2,"featured_media":97239,"comment_status":"","ping_status":"","sticky":false,"template":"","format":"standard","meta":{"footnotes":""},"categories":[130],"tags":[35,153,137,33,31,30,47,979,32,484,140,109],"class_list":{"0":"post-97917","1":"post","2":"type-post","3":"status-publish","4":"format-standard","5":"has-post-thumbnail","7":"category-viihde","8":"tag-24h","9":"tag-audiovisuaalinen-media","10":"tag-entertainment","11":"tag-fi","12":"tag-finland","13":"tag-finnish","14":"tag-musiikki","15":"tag-sahkoinen-media","16":"tag-suomi","17":"tag-taiteellinen-ilmaisu-ja-mediat","18":"tag-tv-ja-elokuvat","19":"tag-viihde"},"share_on_mastodon":{"url":"https:\/\/pubeurope.com\/@fi\/115599488606886654","error":""},"_links":{"self":[{"href":"https:\/\/www.europesays.com\/fi\/wp-json\/wp\/v2\/posts\/97917","targetHints":{"allow":["GET"]}}],"collection":[{"href":"https:\/\/www.europesays.com\/fi\/wp-json\/wp\/v2\/posts"}],"about":[{"href":"https:\/\/www.europesays.com\/fi\/wp-json\/wp\/v2\/types\/post"}],"author":[{"embeddable":true,"href":"https:\/\/www.europesays.com\/fi\/wp-json\/wp\/v2\/users\/2"}],"replies":[{"embeddable":true,"href":"https:\/\/www.europesays.com\/fi\/wp-json\/wp\/v2\/comments?post=97917"}],"version-history":[{"count":0,"href":"https:\/\/www.europesays.com\/fi\/wp-json\/wp\/v2\/posts\/97917\/revisions"}],"wp:featuredmedia":[{"embeddable":true,"href":"https:\/\/www.europesays.com\/fi\/wp-json\/wp\/v2\/media\/97239"}],"wp:attachment":[{"href":"https:\/\/www.europesays.com\/fi\/wp-json\/wp\/v2\/media?parent=97917"}],"wp:term":[{"taxonomy":"category","embeddable":true,"href":"https:\/\/www.europesays.com\/fi\/wp-json\/wp\/v2\/categories?post=97917"},{"taxonomy":"post_tag","embeddable":true,"href":"https:\/\/www.europesays.com\/fi\/wp-json\/wp\/v2\/tags?post=97917"}],"curies":[{"name":"wp","href":"https:\/\/api.w.org\/{rel}","templated":true}]}}